{"id":28705,"date":"2018-12-21T10:07:53","date_gmt":"2018-12-21T07:07:53","guid":{"rendered":"http:\/\/arantv.az\/?p=28705"},"modified":"2018-12-21T10:07:53","modified_gmt":"2018-12-21T07:07:53","slug":"%c9%99li-%c9%99hm%c9%99dov-az%c9%99rbaycan-v%c9%99t%c9%99ndaslarinin-layiqli-v%c9%99t%c9%99np%c9%99rv%c9%99r-kimi-yetism%c9%99si-dovl%c9%99timizin-qudr%c9%99tini-artirir","status":"publish","type":"post","link":"https:\/\/arantv.az\/?p=28705","title":{"rendered":"\u018fli \u018fhm\u0259dov: &#8220;Az\u0259rbaycan v\u0259t\u0259nda\u015flar\u0131n\u0131n layiqli v\u0259t\u0259np\u0259rv\u0259r kimi yeti\u015fm\u0259si d\u00f6vl\u0259timizin q\u00fcdr\u0259tini art\u0131r\u0131r&#8221;"},"content":{"rendered":"<blockquote><p><em><strong>Az\u0259rbaycan d\u00f6vl\u0259ti bu g\u00fcn\u00fcn\u00fc v\u0259 g\u0259l\u0259c\u0259yini g\u0259ncl\u0259rd\u0259n ayr\u0131 t\u0259s\u0259vv\u00fcr etmir.<\/strong><\/em><\/p><\/blockquote>\n<p><strong>ARANTV.AZ<\/strong> trend-\u0259 istainad\u0259n x\u0259b\u0259r verir ki, bunu Az\u0259rbaycan t\u0259l\u0259b\u0259l\u0259rinin II qurultay\u0131nda \u00e7\u0131x\u0131\u015f ed\u0259n Ba\u015f nazirin m\u00fcavini \u018fli \u018fhm\u0259dov deyib.<\/p>\n<p>Onun s\u00f6zl\u0259rin\u0259 g\u00f6r\u0259, Prezident \u0130lham \u018fliyevin h\u0259yata ke\u00e7irdiyi siyas\u0259tin m\u0259rk\u0259zind\u0259 insan dayan\u0131r: &#8220;Siyas\u0259tin m\u0259rk\u0259zind\u0259 insan\u0131n dayanmas\u0131 bug\u00fcnk\u00fc Az\u0259rbaycan reall\u0131\u011f\u0131n\u0131n \u0259n m\u00fch\u00fcm amill\u0259rind\u0259n biridir. Biz n\u0259 ediriks\u0259, onlar\u0131 insanlar\u0131n h\u0259yat\u0131, m\u0259n\u0259viyyat\u0131, inki\u015faf\u0131 \u00fc\u00e7\u00fcn edirik&#8221;.<\/p>\n<p>\u018f.\u018fhm\u0259dov \u0259lav\u0259 edib ki, bu g\u00fcn Az\u0259rbaycan c\u0259miyy\u0259tind\u0259 30 ya\u015fa q\u0259d\u0259r insanlar 4,6 milyon n\u0259f\u0259r t\u0259\u015fkil edir. Bu is\u0259 Az\u0259rbaycan \u0259halisinin 46 faizi dem\u0259kdir. T\u0259l\u0259b\u0259 ya\u015f\u0131nda, y\u0259ni 24 ya\u015fad\u0259k olan g\u0259ncl\u0259r \u00f6lk\u0259 \u0259halisinin 3,6 milyon n\u0259f\u0259rini, ba\u015fqa s\u00f6zl\u0259 \u00fc\u00e7d\u0259 birini t\u0259\u015fkil edir: &#8220;Dem\u0259li, bizim c\u0259miyy\u0259timiz g\u0259ncdir. Bu m\u0259nada g\u0259ncl\u0259r\u0259 y\u00f6n\u0259l\u0259n siyas\u0259t Az\u0259rbaycan v\u0259t\u0259nda\u015flar\u0131n\u0131n h\u0259yat\u0131n\u0131n yax\u015f\u0131la\u015fmas\u0131 \u00fc\u00e7\u00fcn at\u0131lan add\u0131mlar\u0131n \u0259sas qay\u0259sini t\u0259\u015fkil edir&#8221;.<\/p>\n<p>Ba\u015f nazirin m\u00fcavini qeyd edib ki, bu g\u00fcn Az\u0259rbaycan c\u0259miyy\u0259tinin malik oldu\u011fu d\u0259y\u0259rl\u0259r g\u0259ncl\u0259r \u00fc\u00e7\u00fcn istifad\u0259 edilir. Eyni zamanda, bu g\u00fcn Az\u0259rbaycan d\u00f6vl\u0259ti v\u0259 xalq\u0131 \u00f6z g\u0259l\u0259c\u0259yini g\u0259ncl\u0259rl\u0259 ba\u011flay\u0131r: &#8220;Bizim \u00fc\u00e7\u00fcn \u0259sas prioritet odur ki, g\u0259ncl\u0259r sa\u011flam olsun. \u0130kinci prioritet g\u0259ncl\u0259rin daha yax\u015f\u0131 t\u0259hsil ala bilm\u0259sidir. G\u0259ncl\u0259rin daha yax\u015f\u0131 t\u0259hsil almas\u0131 Az\u0259rbaycan\u0131n g\u0259l\u0259c\u0259yinin daha etibarl\u0131 \u015f\u0259kild\u0259 qurulmas\u0131 \u00fc\u00e7\u00fcn \u0259n m\u00fch\u00fcm amill\u0259rd\u0259ndir. Az\u0259rbaycan h\u00f6kum\u0259ti b\u00fct\u00fcn potensial\u0131n\u0131 ona y\u00f6n\u0259ldib ki, siz daha yax\u015f\u0131 t\u0259hsil ala bil\u0259siniz. Siz d\u00fcny\u0259vi bilikl\u0259ri m\u0259nims\u0259m\u0259kl\u0259 h\u0259m \u00f6z arzular\u0131n\u0131z\u0131 realla\u015fd\u0131r\u0131r, h\u0259m d\u0259 c\u0259miyy\u0259tin \u0259n m\u00fch\u00fcm fundamental amilini formala\u015fd\u0131rm\u0131\u015f olursunuz&#8221;.<\/p>\n<p>\u018f.\u018fhm\u0259dov bildirib ki, Az\u0259rbaycan v\u0259t\u0259nda\u015flar\u0131n\u0131n layiqli v\u0259t\u0259np\u0259rv\u0259r kimi yeti\u015fm\u0259si d\u00f6vl\u0259timizin q\u00fcdr\u0259tini art\u0131r\u0131r: &#8220;Bu g\u00fcn g\u0259ncl\u0259rimiz f\u0259xr etm\u0259lidirl\u0259r ki, onlar az\u0259rbaycanl\u0131d\u0131rlar. Bizim h\u0259yata ke\u00e7irdiyimiz prioritetl\u0259rd\u0259n biri odur ki, m\u00fcasir v\u0259 f\u0259al olas\u0131n\u0131z. Az\u0259rbaycan\u0131n d\u00fcnyada t\u0259bli\u011f olunmas\u0131, Az\u0259rbaycana qar\u015f\u0131 \u00e7irkli t\u0259bli\u011fata qar\u015f\u0131 m\u00fcbariz olas\u0131n\u0131z. M\u0259mnunluqla deyim ki, bu g\u00fcn Az\u0259rbaycanda layiqli g\u0259ncl\u0259r yeti\u015fir. Az\u0259rbaycan\u0131n g\u0259l\u0259c\u0259yi siz g\u0259ncl\u0259rin \u0259lind\u0259 olacaq. Biz sizd\u0259n b\u00f6y\u00fck \u00fcmidl\u0259r g\u00f6zl\u0259yirik. G\u0259l\u0259c\u0259k Az\u0259rbaycan sizin m\u00fcbarizliyiniz say\u0259sind\u0259 daha da g\u00fccl\u00fc olacaq&#8221;.<\/p>\n","protected":false},"excerpt":{"rendered":"<p>Az\u0259rbaycan d\u00f6vl\u0259ti bu g\u00fcn\u00fcn\u00fc v\u0259 g\u0259l\u0259c\u0259yini g\u0259ncl\u0259rd\u0259n ayr\u0131 t\u0259s\u0259vv\u00fcr etmir. ARANTV.AZ trend-\u0259 istainad\u0259n x\u0259b\u0259r verir ki, bunu Az\u0259rbaycan t\u0259l\u0259b\u0259l\u0259rinin II qurultay\u0131nda \u00e7\u0131x\u0131\u015f ed\u0259n Ba\u015f nazirin m\u00fcavini \u018fli \u018fhm\u0259dov deyib. Onun s\u00f6zl\u0259rin\u0259 g\u00f6r\u0259, Prezident \u0130lham \u018fliyevin h\u0259yata ke\u00e7irdiyi siyas\u0259tin m\u0259rk\u0259zind\u0259 insan dayan\u0131r: &#8220;Siyas\u0259tin m\u0259rk\u0259zind\u0259 insan\u0131n dayanmas\u0131 bug\u00fcnk\u00fc Az\u0259rbaycan reall\u0131\u011f\u0131n\u0131n \u0259n m\u00fch\u00fcm amill\u0259rind\u0259n biridir. Biz n\u0259 ediriks\u0259, onlar\u0131 insanlar\u0131n h\u0259yat\u0131, m\u0259n\u0259viyyat\u0131, inki\u015faf\u0131 \u00fc\u00e7\u00fcn edirik&#8221;. \u018f.\u018fhm\u0259dov \u0259lav\u0259 edib ki, bu g\u00fcn Az\u0259rbaycan c\u0259miyy\u0259tind\u0259 30 ya\u015fa q\u0259d\u0259r insanlar 4,6 milyon n\u0259f\u0259r t\u0259\u015fkil edir. Bu is\u0259 Az\u0259rbaycan \u0259halisinin 46 faizi dem\u0259kdir. T\u0259l\u0259b\u0259 ya\u015f\u0131nda, y\u0259ni 24&hellip;<\/p>\n","protected":false},"author":2,"featured_media":28706,"comment_status":"closed","ping_status":"closed","sticky":false,"template":"","format":"standard","meta":{"om_disable_all_campaigns":false,"_monsterinsights_skip_tracking":false,"_monsterinsights_sitenote_active":false,"_monsterinsights_sitenote_note":"","_monsterinsights_sitenote_category":0},"categories":[19],"tags":[],"aioseo_notices":[],"gutentor_comment":0,"rttpg_featured_image_url":{"full":["https:\/\/arantv.az\/wp-content\/uploads\/2018\/12\/714484.jpg",800,600,false],"landscape":["https:\/\/arantv.az\/wp-content\/uploads\/2018\/12\/714484.jpg",800,600,false],"portraits":["https:\/\/arantv.az\/wp-content\/uploads\/2018\/12\/714484.jpg",800,600,false],"thumbnail":["https:\/\/arantv.az\/wp-content\/uploads\/2018\/12\/714484-150x150.jpg",150,150,true],"medium":["https:\/\/arantv.az\/wp-content\/uploads\/2018\/12\/714484-300x225.jpg",300,225,true],"large":["https:\/\/arantv.az\/wp-content\/uploads\/2018\/12\/714484.jpg",640,480,false],"1536x1536":["https:\/\/arantv.az\/wp-content\/uploads\/2018\/12\/714484.jpg",800,600,false],"2048x2048":["https:\/\/arantv.az\/wp-content\/uploads\/2018\/12\/714484.jpg",800,600,false],"post-thumbnail":["https:\/\/arantv.az\/wp-content\/uploads\/2018\/12\/714484-240x172.jpg",240,172,true],"advps-thumb-one":["https:\/\/arantv.az\/wp-content\/uploads\/2018\/12\/714484.jpg",800,600,false]},"rttpg_author":{"display_name":"V\u00fcsal Rafiqo\u011flu","author_link":"https:\/\/arantv.az\/?author=2"},"rttpg_comment":0,"rttpg_category":"<a href=\"https:\/\/arantv.az\/?cat=19\" rel=\"category\">G\u00fcnd\u0259m<\/a>","rttpg_excerpt":"Az\u0259rbaycan d\u00f6vl\u0259ti bu g\u00fcn\u00fcn\u00fc v\u0259 g\u0259l\u0259c\u0259yini g\u0259ncl\u0259rd\u0259n ayr\u0131 t\u0259s\u0259vv\u00fcr etmir. ARANTV.AZ trend-\u0259 istainad\u0259n x\u0259b\u0259r verir ki, bunu Az\u0259rbaycan t\u0259l\u0259b\u0259l\u0259rinin II qurultay\u0131nda \u00e7\u0131x\u0131\u015f ed\u0259n Ba\u015f nazirin m\u00fcavini \u018fli \u018fhm\u0259dov deyib. Onun s\u00f6zl\u0259rin\u0259 g\u00f6r\u0259, Prezident \u0130lham \u018fliyevin h\u0259yata ke\u00e7irdiyi siyas\u0259tin m\u0259rk\u0259zind\u0259 insan dayan\u0131r: &#8220;Siyas\u0259tin m\u0259rk\u0259zind\u0259 insan\u0131n dayanmas\u0131 bug\u00fcnk\u00fc Az\u0259rbaycan reall\u0131\u011f\u0131n\u0131n \u0259n m\u00fch\u00fcm amill\u0259rind\u0259n biridir. Biz n\u0259 ediriks\u0259,&hellip;","_links":{"self":[{"href":"https:\/\/arantv.az\/index.php?rest_route=\/wp\/v2\/posts\/28705"}],"collection":[{"href":"https:\/\/arantv.az\/index.php?rest_route=\/wp\/v2\/posts"}],"about":[{"href":"https:\/\/arantv.az\/index.php?rest_route=\/wp\/v2\/types\/post"}],"author":[{"embeddable":true,"href":"https:\/\/arantv.az\/index.php?rest_route=\/wp\/v2\/users\/2"}],"replies":[{"embeddable":true,"href":"https:\/\/arantv.az\/index.php?rest_route=%2Fwp%2Fv2%2Fcomments&post=28705"}],"version-history":[{"count":0,"href":"https:\/\/arantv.az\/index.php?rest_route=\/wp\/v2\/posts\/28705\/revisions"}],"wp:featuredmedia":[{"embeddable":true,"href":"https:\/\/arantv.az\/index.php?rest_route=\/wp\/v2\/media\/28706"}],"wp:attachment":[{"href":"https:\/\/arantv.az\/index.php?rest_route=%2Fwp%2Fv2%2Fmedia&parent=28705"}],"wp:term":[{"taxonomy":"category","embeddable":true,"href":"https:\/\/arantv.az\/index.php?rest_route=%2Fwp%2Fv2%2Fcategories&post=28705"},{"taxonomy":"post_tag","embeddable":true,"href":"https:\/\/arantv.az\/index.php?rest_route=%2Fwp%2Fv2%2Ftags&post=28705"}],"curies":[{"name":"wp","href":"https:\/\/api.w.org\/{rel}","templated":true}]}}