{"id":28709,"date":"2018-12-21T10:08:48","date_gmt":"2018-12-21T07:08:48","guid":{"rendered":"http:\/\/arantv.az\/?p=28709"},"modified":"2018-12-21T10:08:48","modified_gmt":"2018-12-21T07:08:48","slug":"prezident-ilham-%c9%99liyev-bin%c9%99q%c9%99di-rayon-m%c9%99hk%c9%99m%c9%99sinin-yeni-inzibati-binasinin-acilisinda-istirak-edib","status":"publish","type":"post","link":"https:\/\/arantv.az\/?p=28709","title":{"rendered":"Prezident \u0130lham \u018fliyev Bin\u0259q\u0259di Rayon M\u0259hk\u0259m\u0259sinin yeni inzibati binas\u0131n\u0131n a\u00e7\u0131l\u0131\u015f\u0131nda i\u015ftirak edib"},"content":{"rendered":"<p>Az\u0259rbaycan Respublikas\u0131n\u0131n Prezidenti \u0130lham \u018fliyev dekabr\u0131n 21-d\u0259 Bin\u0259q\u0259di Rayon M\u0259hk\u0259m\u0259sinin yeni inzibati binas\u0131n\u0131n a\u00e7\u0131l\u0131\u015f\u0131nda i\u015ftirak edib.<\/p>\n<p><strong>ARANTV.AZ<\/strong> az\u0259rtac-a istinad\u0259n x\u0259b\u0259r verir ki, d\u00f6vl\u0259timizin ba\u015f\u00e7\u0131s\u0131 binan\u0131n r\u0259mzi a\u00e7\u0131l\u0131\u015f\u0131n\u0131 bildir\u0259n lenti k\u0259sdi.<\/p>\n<p>\u018fdliyy\u0259 naziri Fikr\u0259t M\u0259mm\u0259dov g\u00f6r\u00fcl\u0259n i\u015fl\u0259r bar\u0259d\u0259 Prezident \u0130lham \u018fliyev\u0259 m\u0259lumat verdi.<\/p>\n","protected":false},"excerpt":{"rendered":"<p>Az\u0259rbaycan Respublikas\u0131n\u0131n Prezidenti \u0130lham \u018fliyev dekabr\u0131n 21-d\u0259 Bin\u0259q\u0259di Rayon M\u0259hk\u0259m\u0259sinin yeni inzibati binas\u0131n\u0131n a\u00e7\u0131l\u0131\u015f\u0131nda i\u015ftirak edib. ARANTV.AZ az\u0259rtac-a istinad\u0259n x\u0259b\u0259r verir ki, d\u00f6vl\u0259timizin ba\u015f\u00e7\u0131s\u0131 binan\u0131n r\u0259mzi a\u00e7\u0131l\u0131\u015f\u0131n\u0131 bildir\u0259n lenti k\u0259sdi. \u018fdliyy\u0259 naziri Fikr\u0259t M\u0259mm\u0259dov g\u00f6r\u00fcl\u0259n i\u015fl\u0259r bar\u0259d\u0259 Prezident \u0130lham \u018fliyev\u0259 m\u0259lumat verdi.<\/p>\n","protected":false},"author":2,"featured_media":28710,"comment_status":"closed","ping_status":"closed","sticky":false,"template":"","format":"standard","meta":{"om_disable_all_campaigns":false,"_monsterinsights_skip_tracking":false,"_monsterinsights_sitenote_active":false,"_monsterinsights_sitenote_note":"","_monsterinsights_sitenote_category":0},"categories":[8],"tags":[],"aioseo_notices":[],"gutentor_comment":0,"rttpg_featured_image_url":{"full":["https:\/\/arantv.az\/wp-content\/uploads\/2018\/12\/2018_ilham_aliyev_02-1.jpg",1200,900,false],"landscape":["https:\/\/arantv.az\/wp-content\/uploads\/2018\/12\/2018_ilham_aliyev_02-1.jpg",1200,900,false],"portraits":["https:\/\/arantv.az\/wp-content\/uploads\/2018\/12\/2018_ilham_aliyev_02-1.jpg",1200,900,false],"thumbnail":["https:\/\/arantv.az\/wp-content\/uploads\/2018\/12\/2018_ilham_aliyev_02-1-150x150.jpg",150,150,true],"medium":["https:\/\/arantv.az\/wp-content\/uploads\/2018\/12\/2018_ilham_aliyev_02-1-300x225.jpg",300,225,true],"large":["https:\/\/arantv.az\/wp-content\/uploads\/2018\/12\/2018_ilham_aliyev_02-1-1024x768.jpg",640,480,true],"1536x1536":["https:\/\/arantv.az\/wp-content\/uploads\/2018\/12\/2018_ilham_aliyev_02-1.jpg",1200,900,false],"2048x2048":["https:\/\/arantv.az\/wp-content\/uploads\/2018\/12\/2018_ilham_aliyev_02-1.jpg",1200,900,false],"post-thumbnail":["https:\/\/arantv.az\/wp-content\/uploads\/2018\/12\/2018_ilham_aliyev_02-1-240x172.jpg",240,172,true],"advps-thumb-one":["https:\/\/arantv.az\/wp-content\/uploads\/2018\/12\/2018_ilham_aliyev_02-1-1200x620.jpg",1200,620,true]},"rttpg_author":{"display_name":"V\u00fcsal Rafiqo\u011flu","author_link":"https:\/\/arantv.az\/?author=2"},"rttpg_comment":0,"rttpg_category":"<a href=\"https:\/\/arantv.az\/?cat=8\" rel=\"category\">\u018fsas s\u0259hif\u0259<\/a>","rttpg_excerpt":"Az\u0259rbaycan Respublikas\u0131n\u0131n Prezidenti \u0130lham \u018fliyev dekabr\u0131n 21-d\u0259 Bin\u0259q\u0259di Rayon M\u0259hk\u0259m\u0259sinin yeni inzibati binas\u0131n\u0131n a\u00e7\u0131l\u0131\u015f\u0131nda i\u015ftirak edib. ARANTV.AZ az\u0259rtac-a istinad\u0259n x\u0259b\u0259r verir ki, d\u00f6vl\u0259timizin ba\u015f\u00e7\u0131s\u0131 binan\u0131n r\u0259mzi a\u00e7\u0131l\u0131\u015f\u0131n\u0131 bildir\u0259n lenti k\u0259sdi. \u018fdliyy\u0259 naziri Fikr\u0259t M\u0259mm\u0259dov g\u00f6r\u00fcl\u0259n i\u015fl\u0259r bar\u0259d\u0259 Prezident \u0130lham \u018fliyev\u0259 m\u0259lumat verdi.","_links":{"self":[{"href":"https:\/\/arantv.az\/index.php?rest_route=\/wp\/v2\/posts\/28709"}],"collection":[{"href":"https:\/\/arantv.az\/index.php?rest_route=\/wp\/v2\/posts"}],"about":[{"href":"https:\/\/arantv.az\/index.php?rest_route=\/wp\/v2\/types\/post"}],"author":[{"embeddable":true,"href":"https:\/\/arantv.az\/index.php?rest_route=\/wp\/v2\/users\/2"}],"replies":[{"embeddable":true,"href":"https:\/\/arantv.az\/index.php?rest_route=%2Fwp%2Fv2%2Fcomments&post=28709"}],"version-history":[{"count":0,"href":"https:\/\/arantv.az\/index.php?rest_route=\/wp\/v2\/posts\/28709\/revisions"}],"wp:featuredmedia":[{"embeddable":true,"href":"https:\/\/arantv.az\/index.php?rest_route=\/wp\/v2\/media\/28710"}],"wp:attachment":[{"href":"https:\/\/arantv.az\/index.php?rest_route=%2Fwp%2Fv2%2Fmedia&parent=28709"}],"wp:term":[{"taxonomy":"category","embeddable":true,"href":"https:\/\/arantv.az\/index.php?rest_route=%2Fwp%2Fv2%2Fcategories&post=28709"},{"taxonomy":"post_tag","embeddable":true,"href":"https:\/\/arantv.az\/index.php?rest_route=%2Fwp%2Fv2%2Ftags&post=28709"}],"curies":[{"name":"wp","href":"https:\/\/api.w.org\/{rel}","templated":true}]}}