{"id":28725,"date":"2018-12-21T10:47:24","date_gmt":"2018-12-21T07:47:24","guid":{"rendered":"http:\/\/arantv.az\/?p=28725"},"modified":"2018-12-21T10:47:24","modified_gmt":"2018-12-21T07:47:24","slug":"az%c9%99rbaycanin-milli-usaq-strategiyasi-nazirl%c9%99r-kabinetin%c9%99-t%c9%99qdim-edilib","status":"publish","type":"post","link":"https:\/\/arantv.az\/?p=28725","title":{"rendered":"Az\u0259rbaycan\u0131n milli u\u015faq strategiyas\u0131 Nazirl\u0259r Kabinetin\u0259 t\u0259qdim edilib"},"content":{"rendered":"<div class=\"spot\">&#8220;Az\u0259rbaycan Respublikas\u0131n\u0131n milli u\u015faq strategiyas\u0131 haz\u0131rlan\u0131b v\u0259 Nazirl\u0259r Kabinetin\u0259 t\u0259qdim edilib&#8221;.<\/div>\n<p><strong>ARANTV.AZ<\/strong>\u00a0 Report-a istinad\u0259n x\u0259b\u0259r verir ki, bunu &#8220;Az\u0259rbaycanda \u0130nsan Kapital\u0131 \u00fczr\u0259 Forum&#8221;da Ail\u0259, Qad\u0131n v\u0259 U\u015faq Probleml\u0259ri \u00fczr\u0259 D\u00f6vl\u0259t Komit\u0259sinin s\u0259dri Hicran H\u00fcseynova deyib.<\/p>\n<p>O bildirib ki, h\u0259min layih\u0259y\u0259 b\u00fct\u00fcn d\u00f6vl\u0259t qurumlar\u0131 bax\u0131b: &#8220;Biz Nazirl\u0259r Kabinetinin 2019-cu ild\u0259 h\u0259min layih\u0259ni t\u0259sdiql\u0259y\u0259c\u0259yini g\u00f6zl\u0259yirik&#8221;.<\/p>\n<p>D\u00f6vl\u0259t Komit\u0259sinin s\u0259dri qeyd edib ki, Az\u0259rbaycan dayan\u0131ql\u0131 inki\u015faf m\u0259qs\u0259dl\u0259ri il\u0259 ba\u011fl\u0131 \u00f6hd\u0259lik g\u00f6t\u00fcr\u00fcb.<\/p>\n","protected":false},"excerpt":{"rendered":"<p>&#8220;Az\u0259rbaycan Respublikas\u0131n\u0131n milli u\u015faq strategiyas\u0131 haz\u0131rlan\u0131b v\u0259 Nazirl\u0259r Kabinetin\u0259 t\u0259qdim edilib&#8221;. ARANTV.AZ\u00a0 Report-a istinad\u0259n x\u0259b\u0259r verir ki, bunu &#8220;Az\u0259rbaycanda \u0130nsan Kapital\u0131 \u00fczr\u0259 Forum&#8221;da Ail\u0259, Qad\u0131n v\u0259 U\u015faq Probleml\u0259ri \u00fczr\u0259 D\u00f6vl\u0259t Komit\u0259sinin s\u0259dri Hicran H\u00fcseynova deyib. O bildirib ki, h\u0259min layih\u0259y\u0259 b\u00fct\u00fcn d\u00f6vl\u0259t qurumlar\u0131 bax\u0131b: &#8220;Biz Nazirl\u0259r Kabinetinin 2019-cu ild\u0259 h\u0259min layih\u0259ni t\u0259sdiql\u0259y\u0259c\u0259yini g\u00f6zl\u0259yirik&#8221;. D\u00f6vl\u0259t Komit\u0259sinin s\u0259dri qeyd edib ki, Az\u0259rbaycan dayan\u0131ql\u0131 inki\u015faf m\u0259qs\u0259dl\u0259ri il\u0259 ba\u011fl\u0131 \u00f6hd\u0259lik g\u00f6t\u00fcr\u00fcb.<\/p>\n","protected":false},"author":2,"featured_media":28726,"comment_status":"closed","ping_status":"closed","sticky":false,"template":"","format":"standard","meta":{"om_disable_all_campaigns":false,"_monsterinsights_skip_tracking":false,"_monsterinsights_sitenote_active":false,"_monsterinsights_sitenote_note":"","_monsterinsights_sitenote_category":0},"categories":[1],"tags":[],"aioseo_notices":[],"gutentor_comment":0,"rttpg_featured_image_url":{"full":["https:\/\/arantv.az\/wp-content\/uploads\/2018\/12\/nazirlerkabineti-1.jpg",620,375,false],"landscape":["https:\/\/arantv.az\/wp-content\/uploads\/2018\/12\/nazirlerkabineti-1.jpg",620,375,false],"portraits":["https:\/\/arantv.az\/wp-content\/uploads\/2018\/12\/nazirlerkabineti-1.jpg",620,375,false],"thumbnail":["https:\/\/arantv.az\/wp-content\/uploads\/2018\/12\/nazirlerkabineti-1-150x150.jpg",150,150,true],"medium":["https:\/\/arantv.az\/wp-content\/uploads\/2018\/12\/nazirlerkabineti-1-300x181.jpg",300,181,true],"large":["https:\/\/arantv.az\/wp-content\/uploads\/2018\/12\/nazirlerkabineti-1.jpg",620,375,false],"1536x1536":["https:\/\/arantv.az\/wp-content\/uploads\/2018\/12\/nazirlerkabineti-1.jpg",620,375,false],"2048x2048":["https:\/\/arantv.az\/wp-content\/uploads\/2018\/12\/nazirlerkabineti-1.jpg",620,375,false],"post-thumbnail":["https:\/\/arantv.az\/wp-content\/uploads\/2018\/12\/nazirlerkabineti-1-240x172.jpg",240,172,true],"advps-thumb-one":["https:\/\/arantv.az\/wp-content\/uploads\/2018\/12\/nazirlerkabineti-1.jpg",620,375,false]},"rttpg_author":{"display_name":"V\u00fcsal Rafiqo\u011flu","author_link":"https:\/\/arantv.az\/?author=2"},"rttpg_comment":0,"rttpg_category":"<a href=\"https:\/\/arantv.az\/?cat=1\" rel=\"category\">C\u0259miyy\u0259t<\/a>","rttpg_excerpt":"&#8220;Az\u0259rbaycan Respublikas\u0131n\u0131n milli u\u015faq strategiyas\u0131 haz\u0131rlan\u0131b v\u0259 Nazirl\u0259r Kabinetin\u0259 t\u0259qdim edilib&#8221;. ARANTV.AZ\u00a0 Report-a istinad\u0259n x\u0259b\u0259r verir ki, bunu &#8220;Az\u0259rbaycanda \u0130nsan Kapital\u0131 \u00fczr\u0259 Forum&#8221;da Ail\u0259, Qad\u0131n v\u0259 U\u015faq Probleml\u0259ri \u00fczr\u0259 D\u00f6vl\u0259t Komit\u0259sinin s\u0259dri Hicran H\u00fcseynova deyib. O bildirib ki, h\u0259min layih\u0259y\u0259 b\u00fct\u00fcn d\u00f6vl\u0259t qurumlar\u0131 bax\u0131b: &#8220;Biz Nazirl\u0259r Kabinetinin 2019-cu ild\u0259 h\u0259min layih\u0259ni t\u0259sdiql\u0259y\u0259c\u0259yini g\u00f6zl\u0259yirik&#8221;. D\u00f6vl\u0259t Komit\u0259sinin&hellip;","_links":{"self":[{"href":"https:\/\/arantv.az\/index.php?rest_route=\/wp\/v2\/posts\/28725"}],"collection":[{"href":"https:\/\/arantv.az\/index.php?rest_route=\/wp\/v2\/posts"}],"about":[{"href":"https:\/\/arantv.az\/index.php?rest_route=\/wp\/v2\/types\/post"}],"author":[{"embeddable":true,"href":"https:\/\/arantv.az\/index.php?rest_route=\/wp\/v2\/users\/2"}],"replies":[{"embeddable":true,"href":"https:\/\/arantv.az\/index.php?rest_route=%2Fwp%2Fv2%2Fcomments&post=28725"}],"version-history":[{"count":0,"href":"https:\/\/arantv.az\/index.php?rest_route=\/wp\/v2\/posts\/28725\/revisions"}],"wp:featuredmedia":[{"embeddable":true,"href":"https:\/\/arantv.az\/index.php?rest_route=\/wp\/v2\/media\/28726"}],"wp:attachment":[{"href":"https:\/\/arantv.az\/index.php?rest_route=%2Fwp%2Fv2%2Fmedia&parent=28725"}],"wp:term":[{"taxonomy":"category","embeddable":true,"href":"https:\/\/arantv.az\/index.php?rest_route=%2Fwp%2Fv2%2Fcategories&post=28725"},{"taxonomy":"post_tag","embeddable":true,"href":"https:\/\/arantv.az\/index.php?rest_route=%2Fwp%2Fv2%2Ftags&post=28725"}],"curies":[{"name":"wp","href":"https:\/\/api.w.org\/{rel}","templated":true}]}}