{"id":291044,"date":"2021-02-11T11:35:02","date_gmt":"2021-02-11T08:35:02","guid":{"rendered":"http:\/\/arantv.az\/?p=291044"},"modified":"2021-02-11T11:35:02","modified_gmt":"2021-02-11T08:35:02","slug":"polis-idar%c9%99sind%c9%99ki-t%c9%99ftis-davam-edir-vilay%c9%99t-eyvazov-daha-bir-yuks%c9%99k-v%c9%99zif%c9%99li-s%c9%99xsi-isd%c9%99n-cixardi","status":"publish","type":"post","link":"https:\/\/arantv.az\/?p=291044","title":{"rendered":"Polis \u0130dar\u0259sind\u0259ki t\u0259fti\u015f davam edir: Vilay\u0259t Eyvazov daha bir y\u00fcks\u0259k v\u0259zif\u0259li \u015f\u0259xsi i\u015fd\u0259n \u00e7\u0131xard\u0131"},"content":{"rendered":"<p>Suraxan\u0131 Rayon Polis \u0130dar\u0259sind\u0259ki yoxlamalardan sonra daha bir v\u0259zif\u0259li \u015f\u0259xs i\u015fd\u0259n \u00e7\u0131xar\u0131l\u0131b.<\/p>\n<p>\u201cQafqazinfo\u201dnun verdiyi x\u0259b\u0259r\u0259 g\u00f6r\u0259, Daxili \u0130\u015fl\u0259r naziri, general-polkovnik Vilay\u0259t Eyvazovun \u0259mri il\u0259 Suraxan\u0131 Rayon Polis \u0130dar\u0259sinin Xidm\u0259t \u00fczr\u0259 r\u0259is m\u00fcavini, polis polkovniki \u0130brahim \u0130smay\u0131lov s\u0259r\u0259ncama g\u00f6t\u00fcr\u00fcl\u00fcb.<\/p>\n<div id=\"AdviadNativeVideo0\" class=\"AdviadNativeVideo\"><\/div>\n<p>Qeyd ed\u0259k ki, Daxili \u0130\u015fl\u0259r Nazirliyi d\u00fcn\u0259n Suraxan\u0131 Rayon Polis \u0130dar\u0259sind\u0259 xidm\u0259ti f\u0259aliyy\u0259td\u0259 yol verdiyi n\u00f6qsanlara g\u00f6r\u0259 idar\u0259nin v\u0259 onun tabeliyind\u0259 olan b\u00f6lm\u0259l\u0259rin bir ne\u00e7\u0259 \u0259m\u0259kda\u015f\u0131n\u0131n tutdu\u011fu v\u0259zif\u0259d\u0259n a\u015fa\u011f\u0131 v\u0259zif\u0259y\u0259 ke\u00e7irildiyini, bir qrup \u0259m\u0259kda\u015fa dig\u0259r intizam t\u0259nbehl\u0259ri verildiyini, daha bir qisminin xidm\u0259t yeri b\u0259rab\u0259r v\u0259zif\u0259y\u0259 d\u0259yi\u015fdirildiyini a\u00e7\u0131qlam\u0131\u015fd\u0131.<\/p>\n<p>Xat\u0131rladaq ki, \u00f6t\u0259n ilin noyabr\u0131nda nazirin \u0259mri il\u0259 Suraxan\u0131 RP\u0130 r\u0259isi, polis polkovniki Namiq H\u0259s\u0259nov v\u0259zif\u0259d\u0259n azad edil\u0259r\u0259k D\u0130N-in Ba\u015f \u018fm\u0259liyyat Statistik v\u0259 \u0130nformasiya \u0130dar\u0259sinin r\u0259isi t\u0259yin olunub. Bir ay sonra is\u0259 Quba Rayon Polis \u015e\u00f6b\u0259sinin r\u0259isi, polis polkovniki S\u00fcleyman Nem\u0259tov Suraxan\u0131ya r\u0259is t\u0259yin edilib.<\/p>\n","protected":false},"excerpt":{"rendered":"<p>Suraxan\u0131 Rayon Polis \u0130dar\u0259sind\u0259ki yoxlamalardan sonra daha bir v\u0259zif\u0259li \u015f\u0259xs i\u015fd\u0259n \u00e7\u0131xar\u0131l\u0131b. \u201cQafqazinfo\u201dnun verdiyi x\u0259b\u0259r\u0259 g\u00f6r\u0259, Daxili \u0130\u015fl\u0259r naziri, general-polkovnik Vilay\u0259t Eyvazovun \u0259mri il\u0259 Suraxan\u0131 Rayon Polis \u0130dar\u0259sinin Xidm\u0259t \u00fczr\u0259 r\u0259is m\u00fcavini, polis polkovniki \u0130brahim \u0130smay\u0131lov s\u0259r\u0259ncama g\u00f6t\u00fcr\u00fcl\u00fcb. Qeyd ed\u0259k ki, Daxili \u0130\u015fl\u0259r Nazirliyi d\u00fcn\u0259n Suraxan\u0131 Rayon Polis \u0130dar\u0259sind\u0259 xidm\u0259ti f\u0259aliyy\u0259td\u0259 yol verdiyi n\u00f6qsanlara g\u00f6r\u0259 idar\u0259nin v\u0259 onun tabeliyind\u0259 olan b\u00f6lm\u0259l\u0259rin bir ne\u00e7\u0259 \u0259m\u0259kda\u015f\u0131n\u0131n tutdu\u011fu v\u0259zif\u0259d\u0259n a\u015fa\u011f\u0131 v\u0259zif\u0259y\u0259 ke\u00e7irildiyini, bir qrup \u0259m\u0259kda\u015fa dig\u0259r intizam t\u0259nbehl\u0259ri verildiyini, daha bir qisminin xidm\u0259t yeri b\u0259rab\u0259r v\u0259zif\u0259y\u0259 d\u0259yi\u015fdirildiyini a\u00e7\u0131qlam\u0131\u015fd\u0131. Xat\u0131rladaq ki, \u00f6t\u0259n ilin noyabr\u0131nda&hellip;<\/p>\n","protected":false},"author":2,"featured_media":291045,"comment_status":"closed","ping_status":"closed","sticky":false,"template":"","format":"standard","meta":{"om_disable_all_campaigns":false,"_monsterinsights_skip_tracking":false,"_monsterinsights_sitenote_active":false,"_monsterinsights_sitenote_note":"","_monsterinsights_sitenote_category":0},"categories":[26],"tags":[],"aioseo_notices":[],"gutentor_comment":0,"rttpg_featured_image_url":{"full":["https:\/\/arantv.az\/wp-content\/uploads\/2021\/02\/vidik.jpg",620,413,false],"landscape":["https:\/\/arantv.az\/wp-content\/uploads\/2021\/02\/vidik.jpg",620,413,false],"portraits":["https:\/\/arantv.az\/wp-content\/uploads\/2021\/02\/vidik.jpg",620,413,false],"thumbnail":["https:\/\/arantv.az\/wp-content\/uploads\/2021\/02\/vidik-150x150.jpg",150,150,true],"medium":["https:\/\/arantv.az\/wp-content\/uploads\/2021\/02\/vidik-300x200.jpg",300,200,true],"large":["https:\/\/arantv.az\/wp-content\/uploads\/2021\/02\/vidik.jpg",620,413,false],"1536x1536":["https:\/\/arantv.az\/wp-content\/uploads\/2021\/02\/vidik.jpg",620,413,false],"2048x2048":["https:\/\/arantv.az\/wp-content\/uploads\/2021\/02\/vidik.jpg",620,413,false],"post-thumbnail":["https:\/\/arantv.az\/wp-content\/uploads\/2021\/02\/vidik-240x172.jpg",240,172,true],"advps-thumb-one":["https:\/\/arantv.az\/wp-content\/uploads\/2021\/02\/vidik.jpg",620,413,false]},"rttpg_author":{"display_name":"V\u00fcsal Rafiqo\u011flu","author_link":"https:\/\/arantv.az\/?author=2"},"rttpg_comment":0,"rttpg_category":"<a href=\"https:\/\/arantv.az\/?cat=26\" rel=\"category\">Sosial<\/a>","rttpg_excerpt":"Suraxan\u0131 Rayon Polis \u0130dar\u0259sind\u0259ki yoxlamalardan sonra daha bir v\u0259zif\u0259li \u015f\u0259xs i\u015fd\u0259n \u00e7\u0131xar\u0131l\u0131b. \u201cQafqazinfo\u201dnun verdiyi x\u0259b\u0259r\u0259 g\u00f6r\u0259, Daxili \u0130\u015fl\u0259r naziri, general-polkovnik Vilay\u0259t Eyvazovun \u0259mri il\u0259 Suraxan\u0131 Rayon Polis \u0130dar\u0259sinin Xidm\u0259t \u00fczr\u0259 r\u0259is m\u00fcavini, polis polkovniki \u0130brahim \u0130smay\u0131lov s\u0259r\u0259ncama g\u00f6t\u00fcr\u00fcl\u00fcb. Qeyd ed\u0259k ki, Daxili \u0130\u015fl\u0259r Nazirliyi d\u00fcn\u0259n Suraxan\u0131 Rayon Polis \u0130dar\u0259sind\u0259 xidm\u0259ti f\u0259aliyy\u0259td\u0259 yol verdiyi n\u00f6qsanlara g\u00f6r\u0259&hellip;","_links":{"self":[{"href":"https:\/\/arantv.az\/index.php?rest_route=\/wp\/v2\/posts\/291044"}],"collection":[{"href":"https:\/\/arantv.az\/index.php?rest_route=\/wp\/v2\/posts"}],"about":[{"href":"https:\/\/arantv.az\/index.php?rest_route=\/wp\/v2\/types\/post"}],"author":[{"embeddable":true,"href":"https:\/\/arantv.az\/index.php?rest_route=\/wp\/v2\/users\/2"}],"replies":[{"embeddable":true,"href":"https:\/\/arantv.az\/index.php?rest_route=%2Fwp%2Fv2%2Fcomments&post=291044"}],"version-history":[{"count":0,"href":"https:\/\/arantv.az\/index.php?rest_route=\/wp\/v2\/posts\/291044\/revisions"}],"wp:featuredmedia":[{"embeddable":true,"href":"https:\/\/arantv.az\/index.php?rest_route=\/wp\/v2\/media\/291045"}],"wp:attachment":[{"href":"https:\/\/arantv.az\/index.php?rest_route=%2Fwp%2Fv2%2Fmedia&parent=291044"}],"wp:term":[{"taxonomy":"category","embeddable":true,"href":"https:\/\/arantv.az\/index.php?rest_route=%2Fwp%2Fv2%2Fcategories&post=291044"},{"taxonomy":"post_tag","embeddable":true,"href":"https:\/\/arantv.az\/index.php?rest_route=%2Fwp%2Fv2%2Ftags&post=291044"}],"curies":[{"name":"wp","href":"https:\/\/api.w.org\/{rel}","templated":true}]}}