{"id":291059,"date":"2021-02-11T11:37:59","date_gmt":"2021-02-11T08:37:59","guid":{"rendered":"http:\/\/arantv.az\/?p=291059"},"modified":"2021-02-11T11:37:59","modified_gmt":"2021-02-11T08:37:59","slug":"euronews-turk-v%c9%99-italyan-dill%c9%99rind%c9%99-yayimlarini-dayandirir","status":"publish","type":"post","link":"https:\/\/arantv.az\/?p=291059","title":{"rendered":"\u201cEuronews\u201d t\u00fcrk v\u0259 italyan dill\u0259rind\u0259 yay\u0131mlar\u0131n\u0131 dayand\u0131r\u0131r"},"content":{"rendered":"<p>M\u0259rk\u0259zi Fransan\u0131n Lyon \u015f\u0259h\u0259rind\u0259 yerl\u0259\u015f\u0259n \u201cEuronews\u201d telekanal\u0131 t\u00fcrk v\u0259 italyan dill\u0259rind\u0259 yay\u0131mlar\u0131n\u0131 dayand\u0131r\u0131r.<\/p>\n<p>Bununla ba\u011fl\u0131 \u201cAnadolu\u201d agentliyi Milli Jurnalistl\u0259r Birliyinin a\u00e7\u0131qlamas\u0131na istinad\u0259n x\u0259b\u0259r yay\u0131b.<\/p>\n<p>Bildirilir ki, \u201cEuronews\u201d\u00a030 jurnalisti i\u015fd\u0259n \u00e7\u0131xarma\u011f\u0131 planla\u015fd\u0131r\u0131r.<\/p>\n<div id=\"AdviadNativeVideo0\" class=\"AdviadNativeVideo\"><\/div>\n<p>Qeyd edilib ki, italyan dilind\u0259 yay\u0131mlanan kanal ba\u011flansa da, bu dild\u0259 r\u0259q\u0259msal mediada yay\u0131m apar\u0131lacaq.<\/p>\n<p>Ancaq T\u00fcrkiy\u0259 t\u00fckc\u0259sind\u0259n bundan sonra istifad\u0259 edilm\u0259y\u0259c\u0259k.<\/p>\n<p>2017-ci ild\u0259n 100 i\u015f\u00e7inin kanal\u0131 t\u0259rk etdiyi bildirilib.<\/p>\n<p>\u201cEuronews\u201d \u0259m\u0259kda\u015flar\u0131 bir \u00e7ox h\u0259mkarlar ittifaq\u0131n\u0131n \u00e7a\u011f\u0131r\u0131\u015f\u0131 il\u0259 9 fevralda bir g\u00fcnl\u00fck t\u0259til ke\u00e7iribl\u0259r.<\/p>\n<p>Qeyd ed\u0259k ki, 1993-c\u00fc ild\u0259 yarad\u0131lan \u201cEuronews\u201d kanal\u0131 12 dild\u0259 yay\u0131mlan\u0131r v\u0259 500 daimi i\u015f\u00e7isi var.<\/p>\n","protected":false},"excerpt":{"rendered":"<p>M\u0259rk\u0259zi Fransan\u0131n Lyon \u015f\u0259h\u0259rind\u0259 yerl\u0259\u015f\u0259n \u201cEuronews\u201d telekanal\u0131 t\u00fcrk v\u0259 italyan dill\u0259rind\u0259 yay\u0131mlar\u0131n\u0131 dayand\u0131r\u0131r. Bununla ba\u011fl\u0131 \u201cAnadolu\u201d agentliyi Milli Jurnalistl\u0259r Birliyinin a\u00e7\u0131qlamas\u0131na istinad\u0259n x\u0259b\u0259r yay\u0131b. Bildirilir ki, \u201cEuronews\u201d\u00a030 jurnalisti i\u015fd\u0259n \u00e7\u0131xarma\u011f\u0131 planla\u015fd\u0131r\u0131r. Qeyd edilib ki, italyan dilind\u0259 yay\u0131mlanan kanal ba\u011flansa da, bu dild\u0259 r\u0259q\u0259msal mediada yay\u0131m apar\u0131lacaq. Ancaq T\u00fcrkiy\u0259 t\u00fckc\u0259sind\u0259n bundan sonra istifad\u0259 edilm\u0259y\u0259c\u0259k. 2017-ci ild\u0259n 100 i\u015f\u00e7inin kanal\u0131 t\u0259rk etdiyi bildirilib. \u201cEuronews\u201d \u0259m\u0259kda\u015flar\u0131 bir \u00e7ox h\u0259mkarlar ittifaq\u0131n\u0131n \u00e7a\u011f\u0131r\u0131\u015f\u0131 il\u0259 9 fevralda bir g\u00fcnl\u00fck t\u0259til ke\u00e7iribl\u0259r. Qeyd ed\u0259k ki, 1993-c\u00fc ild\u0259 yarad\u0131lan \u201cEuronews\u201d kanal\u0131 12 dild\u0259 yay\u0131mlan\u0131r v\u0259 500 daimi i\u015f\u00e7isi&hellip;<\/p>\n","protected":false},"author":2,"featured_media":291060,"comment_status":"closed","ping_status":"closed","sticky":false,"template":"","format":"standard","meta":{"om_disable_all_campaigns":false,"_monsterinsights_skip_tracking":false,"_monsterinsights_sitenote_active":false,"_monsterinsights_sitenote_note":"","_monsterinsights_sitenote_category":0},"categories":[7],"tags":[],"aioseo_notices":[],"gutentor_comment":0,"rttpg_featured_image_url":{"full":["https:\/\/arantv.az\/wp-content\/uploads\/2021\/02\/kapak_045111.jpg",620,367,false],"landscape":["https:\/\/arantv.az\/wp-content\/uploads\/2021\/02\/kapak_045111.jpg",620,367,false],"portraits":["https:\/\/arantv.az\/wp-content\/uploads\/2021\/02\/kapak_045111.jpg",620,367,false],"thumbnail":["https:\/\/arantv.az\/wp-content\/uploads\/2021\/02\/kapak_045111-150x150.jpg",150,150,true],"medium":["https:\/\/arantv.az\/wp-content\/uploads\/2021\/02\/kapak_045111-300x178.jpg",300,178,true],"large":["https:\/\/arantv.az\/wp-content\/uploads\/2021\/02\/kapak_045111.jpg",620,367,false],"1536x1536":["https:\/\/arantv.az\/wp-content\/uploads\/2021\/02\/kapak_045111.jpg",620,367,false],"2048x2048":["https:\/\/arantv.az\/wp-content\/uploads\/2021\/02\/kapak_045111.jpg",620,367,false],"post-thumbnail":["https:\/\/arantv.az\/wp-content\/uploads\/2021\/02\/kapak_045111-240x172.jpg",240,172,true],"advps-thumb-one":["https:\/\/arantv.az\/wp-content\/uploads\/2021\/02\/kapak_045111.jpg",620,367,false]},"rttpg_author":{"display_name":"V\u00fcsal Rafiqo\u011flu","author_link":"https:\/\/arantv.az\/?author=2"},"rttpg_comment":0,"rttpg_category":"<a href=\"https:\/\/arantv.az\/?cat=7\" rel=\"category\">D\u00fcnya<\/a>","rttpg_excerpt":"M\u0259rk\u0259zi Fransan\u0131n Lyon \u015f\u0259h\u0259rind\u0259 yerl\u0259\u015f\u0259n \u201cEuronews\u201d telekanal\u0131 t\u00fcrk v\u0259 italyan dill\u0259rind\u0259 yay\u0131mlar\u0131n\u0131 dayand\u0131r\u0131r. Bununla ba\u011fl\u0131 \u201cAnadolu\u201d agentliyi Milli Jurnalistl\u0259r Birliyinin a\u00e7\u0131qlamas\u0131na istinad\u0259n x\u0259b\u0259r yay\u0131b. Bildirilir ki, \u201cEuronews\u201d\u00a030 jurnalisti i\u015fd\u0259n \u00e7\u0131xarma\u011f\u0131 planla\u015fd\u0131r\u0131r. Qeyd edilib ki, italyan dilind\u0259 yay\u0131mlanan kanal ba\u011flansa da, bu dild\u0259 r\u0259q\u0259msal mediada yay\u0131m apar\u0131lacaq. Ancaq T\u00fcrkiy\u0259 t\u00fckc\u0259sind\u0259n bundan sonra istifad\u0259 edilm\u0259y\u0259c\u0259k. 2017-ci ild\u0259n&hellip;","_links":{"self":[{"href":"https:\/\/arantv.az\/index.php?rest_route=\/wp\/v2\/posts\/291059"}],"collection":[{"href":"https:\/\/arantv.az\/index.php?rest_route=\/wp\/v2\/posts"}],"about":[{"href":"https:\/\/arantv.az\/index.php?rest_route=\/wp\/v2\/types\/post"}],"author":[{"embeddable":true,"href":"https:\/\/arantv.az\/index.php?rest_route=\/wp\/v2\/users\/2"}],"replies":[{"embeddable":true,"href":"https:\/\/arantv.az\/index.php?rest_route=%2Fwp%2Fv2%2Fcomments&post=291059"}],"version-history":[{"count":0,"href":"https:\/\/arantv.az\/index.php?rest_route=\/wp\/v2\/posts\/291059\/revisions"}],"wp:featuredmedia":[{"embeddable":true,"href":"https:\/\/arantv.az\/index.php?rest_route=\/wp\/v2\/media\/291060"}],"wp:attachment":[{"href":"https:\/\/arantv.az\/index.php?rest_route=%2Fwp%2Fv2%2Fmedia&parent=291059"}],"wp:term":[{"taxonomy":"category","embeddable":true,"href":"https:\/\/arantv.az\/index.php?rest_route=%2Fwp%2Fv2%2Fcategories&post=291059"},{"taxonomy":"post_tag","embeddable":true,"href":"https:\/\/arantv.az\/index.php?rest_route=%2Fwp%2Fv2%2Ftags&post=291059"}],"curies":[{"name":"wp","href":"https:\/\/api.w.org\/{rel}","templated":true}]}}