{"id":291067,"date":"2021-02-11T11:40:02","date_gmt":"2021-02-11T08:40:02","guid":{"rendered":"http:\/\/arantv.az\/?p=291067"},"modified":"2021-02-11T11:40:02","modified_gmt":"2021-02-11T08:40:02","slug":"fuad-%c9%99l%c9%99sg%c9%99rov-prokurorluqda-genis-islahatlar-aparilib-v%c9%99-yeni-kadrlar-t%c9%99yin-olunub","status":"publish","type":"post","link":"https:\/\/arantv.az\/?p=291067","title":{"rendered":"Fuad \u018fl\u0259sg\u0259rov: \u201cProkurorluqda geni\u015f islahatlar apar\u0131l\u0131b v\u0259 yeni kadrlar t\u0259yin olunub\u201d"},"content":{"rendered":"<p>Prokurorlu\u011fun f\u0259aliyy\u0259tinin yax\u015f\u0131la\u015fd\u0131r\u0131lmas\u0131 istiqam\u0259tind\u0259 geni\u015f islahatlar apar\u0131l\u0131b v\u0259 yeni kadrlar t\u0259yin olunub.<\/p>\n<p><strong>ARANTV.AZ<\/strong>-\u0131n m\u0259lumat\u0131na g\u00f6r\u0259, bu s\u00f6zl\u0259ri Prezidentinin k\u00f6m\u0259k\u00e7isi v\u0259 Prezidentin H\u00fcquq m\u00fchafiz\u0259 orqanlar\u0131 il\u0259 i\u015f \u015f\u00f6b\u0259sinin m\u00fcdiri Fuad \u018fl\u0259sg\u0259rov deyib.<\/p>\n<p>O bildirib ki, h\u0259yata ke\u00e7iril\u0259n islahatlar n\u0259tic\u0259sind\u0259 prokurorluq \u0259m\u0259kda\u015flar\u0131n\u0131n v\u0259zif\u0259 maa\u015flar\u0131 iki\u00a0d\u0259f\u0259 art\u0131r\u0131l\u0131b:<\/p>\n<div id=\"AdviadNativeVideo0\" class=\"AdviadNativeVideo\"><\/div>\n<p>\u201cPrezident daim prokurorlu\u011fun maddi texniki bazas\u0131n\u0131n g\u00fccl\u0259ndirilm\u0259sin\u0259 diqq\u0259t ay\u0131r\u0131b. Bu g\u00fcn yeni inzibati binan\u0131n \u0259n m\u00fcasir texnologiyalara cavab ver\u0259c\u0259k \u015f\u0259kild\u0259 haz\u0131rlanmas\u0131 da buna n\u00fcmun\u0259dir. Prokurorluq orqanlar\u0131n\u0131n v\u0259zif\u0259si qanunvericiliyin ke\u015fiyind\u0259 durmaqd\u0131r\u201d.<\/p>\n<p>Onun s\u00f6zl\u0259rin\u0259 g\u00f6r\u0259 ba\u015f prokurorun t\u0259klifi il\u0259 qanunvericilik sah\u0259sind\u0259 d\u0259 d\u0259yi\u015fiklik edil\u0259c\u0259k.<\/p>\n","protected":false},"excerpt":{"rendered":"<p>Prokurorlu\u011fun f\u0259aliyy\u0259tinin yax\u015f\u0131la\u015fd\u0131r\u0131lmas\u0131 istiqam\u0259tind\u0259 geni\u015f islahatlar apar\u0131l\u0131b v\u0259 yeni kadrlar t\u0259yin olunub. ARANTV.AZ-\u0131n m\u0259lumat\u0131na g\u00f6r\u0259, bu s\u00f6zl\u0259ri Prezidentinin k\u00f6m\u0259k\u00e7isi v\u0259 Prezidentin H\u00fcquq m\u00fchafiz\u0259 orqanlar\u0131 il\u0259 i\u015f \u015f\u00f6b\u0259sinin m\u00fcdiri Fuad \u018fl\u0259sg\u0259rov deyib. O bildirib ki, h\u0259yata ke\u00e7iril\u0259n islahatlar n\u0259tic\u0259sind\u0259 prokurorluq \u0259m\u0259kda\u015flar\u0131n\u0131n v\u0259zif\u0259 maa\u015flar\u0131 iki\u00a0d\u0259f\u0259 art\u0131r\u0131l\u0131b: \u201cPrezident daim prokurorlu\u011fun maddi texniki bazas\u0131n\u0131n g\u00fccl\u0259ndirilm\u0259sin\u0259 diqq\u0259t ay\u0131r\u0131b. Bu g\u00fcn yeni inzibati binan\u0131n \u0259n m\u00fcasir texnologiyalara cavab ver\u0259c\u0259k \u015f\u0259kild\u0259 haz\u0131rlanmas\u0131 da buna n\u00fcmun\u0259dir. Prokurorluq orqanlar\u0131n\u0131n v\u0259zif\u0259si qanunvericiliyin ke\u015fiyind\u0259 durmaqd\u0131r\u201d. Onun s\u00f6zl\u0259rin\u0259 g\u00f6r\u0259 ba\u015f prokurorun t\u0259klifi il\u0259 qanunvericilik sah\u0259sind\u0259 d\u0259 d\u0259yi\u015fiklik edil\u0259c\u0259k.<\/p>\n","protected":false},"author":2,"featured_media":291068,"comment_status":"closed","ping_status":"closed","sticky":false,"template":"","format":"standard","meta":{"om_disable_all_campaigns":false,"_monsterinsights_skip_tracking":false,"_monsterinsights_sitenote_active":false,"_monsterinsights_sitenote_note":"","_monsterinsights_sitenote_category":0},"categories":[26],"tags":[],"aioseo_notices":[],"gutentor_comment":0,"rttpg_featured_image_url":{"full":["https:\/\/arantv.az\/wp-content\/uploads\/2021\/02\/420376881.jpg",620,335,false],"landscape":["https:\/\/arantv.az\/wp-content\/uploads\/2021\/02\/420376881.jpg",620,335,false],"portraits":["https:\/\/arantv.az\/wp-content\/uploads\/2021\/02\/420376881.jpg",620,335,false],"thumbnail":["https:\/\/arantv.az\/wp-content\/uploads\/2021\/02\/420376881-150x150.jpg",150,150,true],"medium":["https:\/\/arantv.az\/wp-content\/uploads\/2021\/02\/420376881-300x162.jpg",300,162,true],"large":["https:\/\/arantv.az\/wp-content\/uploads\/2021\/02\/420376881.jpg",620,335,false],"1536x1536":["https:\/\/arantv.az\/wp-content\/uploads\/2021\/02\/420376881.jpg",620,335,false],"2048x2048":["https:\/\/arantv.az\/wp-content\/uploads\/2021\/02\/420376881.jpg",620,335,false],"post-thumbnail":["https:\/\/arantv.az\/wp-content\/uploads\/2021\/02\/420376881-240x172.jpg",240,172,true],"advps-thumb-one":["https:\/\/arantv.az\/wp-content\/uploads\/2021\/02\/420376881.jpg",620,335,false]},"rttpg_author":{"display_name":"V\u00fcsal Rafiqo\u011flu","author_link":"https:\/\/arantv.az\/?author=2"},"rttpg_comment":0,"rttpg_category":"<a href=\"https:\/\/arantv.az\/?cat=26\" rel=\"category\">Sosial<\/a>","rttpg_excerpt":"Prokurorlu\u011fun f\u0259aliyy\u0259tinin yax\u015f\u0131la\u015fd\u0131r\u0131lmas\u0131 istiqam\u0259tind\u0259 geni\u015f islahatlar apar\u0131l\u0131b v\u0259 yeni kadrlar t\u0259yin olunub. ARANTV.AZ-\u0131n m\u0259lumat\u0131na g\u00f6r\u0259, bu s\u00f6zl\u0259ri Prezidentinin k\u00f6m\u0259k\u00e7isi v\u0259 Prezidentin H\u00fcquq m\u00fchafiz\u0259 orqanlar\u0131 il\u0259 i\u015f \u015f\u00f6b\u0259sinin m\u00fcdiri Fuad \u018fl\u0259sg\u0259rov deyib. O bildirib ki, h\u0259yata ke\u00e7iril\u0259n islahatlar n\u0259tic\u0259sind\u0259 prokurorluq \u0259m\u0259kda\u015flar\u0131n\u0131n v\u0259zif\u0259 maa\u015flar\u0131 iki\u00a0d\u0259f\u0259 art\u0131r\u0131l\u0131b: \u201cPrezident daim prokurorlu\u011fun maddi texniki bazas\u0131n\u0131n g\u00fccl\u0259ndirilm\u0259sin\u0259 diqq\u0259t ay\u0131r\u0131b. Bu g\u00fcn&hellip;","_links":{"self":[{"href":"https:\/\/arantv.az\/index.php?rest_route=\/wp\/v2\/posts\/291067"}],"collection":[{"href":"https:\/\/arantv.az\/index.php?rest_route=\/wp\/v2\/posts"}],"about":[{"href":"https:\/\/arantv.az\/index.php?rest_route=\/wp\/v2\/types\/post"}],"author":[{"embeddable":true,"href":"https:\/\/arantv.az\/index.php?rest_route=\/wp\/v2\/users\/2"}],"replies":[{"embeddable":true,"href":"https:\/\/arantv.az\/index.php?rest_route=%2Fwp%2Fv2%2Fcomments&post=291067"}],"version-history":[{"count":0,"href":"https:\/\/arantv.az\/index.php?rest_route=\/wp\/v2\/posts\/291067\/revisions"}],"wp:featuredmedia":[{"embeddable":true,"href":"https:\/\/arantv.az\/index.php?rest_route=\/wp\/v2\/media\/291068"}],"wp:attachment":[{"href":"https:\/\/arantv.az\/index.php?rest_route=%2Fwp%2Fv2%2Fmedia&parent=291067"}],"wp:term":[{"taxonomy":"category","embeddable":true,"href":"https:\/\/arantv.az\/index.php?rest_route=%2Fwp%2Fv2%2Fcategories&post=291067"},{"taxonomy":"post_tag","embeddable":true,"href":"https:\/\/arantv.az\/index.php?rest_route=%2Fwp%2Fv2%2Ftags&post=291067"}],"curies":[{"name":"wp","href":"https:\/\/api.w.org\/{rel}","templated":true}]}}