{"id":291075,"date":"2021-02-11T11:41:45","date_gmt":"2021-02-11T08:41:45","guid":{"rendered":"http:\/\/arantv.az\/?p=291075"},"modified":"2021-02-11T11:41:45","modified_gmt":"2021-02-11T08:41:45","slug":"zakir-h%c9%99s%c9%99nov-turkiy%c9%99y%c9%99-getdi","status":"publish","type":"post","link":"https:\/\/arantv.az\/?p=291075","title":{"rendered":"Zakir H\u0259s\u0259nov T\u00fcrkiy\u0259y\u0259 getdi"},"content":{"rendered":"<p>T\u00fcrkiy\u0259 Respublikas\u0131n\u0131n Milli M\u00fcdafi\u0259 naziri Hulusi Akar\u0131n d\u0259v\u0259ti il\u0259 Az\u0259rbaycan Respublikas\u0131n\u0131n M\u00fcdafi\u0259 naziri general-polkovnik Zakir H\u0259s\u0259nov fevral\u0131n 11-d\u0259 bu \u00f6lk\u0259y\u0259 yola d\u00fc\u015f\u00fcb.<\/p>\n<div id=\"AdviadNativeVideo0\" class=\"AdviadNativeVideo\"><\/div>\n<p>Bununla ba\u011fl\u0131 M\u00fcdafi\u0259 Nazirliyi m\u0259lumat yay\u0131b.<\/p>\n<p>General-polkovnik Z.H\u0259s\u0259nov T\u00fcrkiy\u0259nin Qars \u015f\u0259h\u0259rind\u0259 ke\u00e7iril\u0259n \u201cQ\u0131\u015f t\u0259limi-2021\u201d-in yekun m\u0259rh\u0259l\u0259sini izl\u0259y\u0259c\u0259k.<\/p>\n","protected":false},"excerpt":{"rendered":"<p>T\u00fcrkiy\u0259 Respublikas\u0131n\u0131n Milli M\u00fcdafi\u0259 naziri Hulusi Akar\u0131n d\u0259v\u0259ti il\u0259 Az\u0259rbaycan Respublikas\u0131n\u0131n M\u00fcdafi\u0259 naziri general-polkovnik Zakir H\u0259s\u0259nov fevral\u0131n 11-d\u0259 bu \u00f6lk\u0259y\u0259 yola d\u00fc\u015f\u00fcb. Bununla ba\u011fl\u0131 M\u00fcdafi\u0259 Nazirliyi m\u0259lumat yay\u0131b. General-polkovnik Z.H\u0259s\u0259nov T\u00fcrkiy\u0259nin Qars \u015f\u0259h\u0259rind\u0259 ke\u00e7iril\u0259n \u201cQ\u0131\u015f t\u0259limi-2021\u201d-in yekun m\u0259rh\u0259l\u0259sini izl\u0259y\u0259c\u0259k.<\/p>\n","protected":false},"author":2,"featured_media":206580,"comment_status":"closed","ping_status":"closed","sticky":false,"template":"","format":"standard","meta":{"om_disable_all_campaigns":false,"_monsterinsights_skip_tracking":false,"_monsterinsights_sitenote_active":false,"_monsterinsights_sitenote_note":"","_monsterinsights_sitenote_category":0},"categories":[10],"tags":[],"aioseo_notices":[],"gutentor_comment":0,"rttpg_featured_image_url":{"full":["https:\/\/arantv.az\/wp-content\/uploads\/2020\/08\/zakir_hesenov_378457567.jpg",800,600,false],"landscape":["https:\/\/arantv.az\/wp-content\/uploads\/2020\/08\/zakir_hesenov_378457567.jpg",800,600,false],"portraits":["https:\/\/arantv.az\/wp-content\/uploads\/2020\/08\/zakir_hesenov_378457567.jpg",800,600,false],"thumbnail":["https:\/\/arantv.az\/wp-content\/uploads\/2020\/08\/zakir_hesenov_378457567-150x150.jpg",150,150,true],"medium":["https:\/\/arantv.az\/wp-content\/uploads\/2020\/08\/zakir_hesenov_378457567-300x225.jpg",300,225,true],"large":["https:\/\/arantv.az\/wp-content\/uploads\/2020\/08\/zakir_hesenov_378457567.jpg",640,480,false],"1536x1536":["https:\/\/arantv.az\/wp-content\/uploads\/2020\/08\/zakir_hesenov_378457567.jpg",800,600,false],"2048x2048":["https:\/\/arantv.az\/wp-content\/uploads\/2020\/08\/zakir_hesenov_378457567.jpg",800,600,false],"post-thumbnail":["https:\/\/arantv.az\/wp-content\/uploads\/2020\/08\/zakir_hesenov_378457567-240x172.jpg",240,172,true],"advps-thumb-one":["https:\/\/arantv.az\/wp-content\/uploads\/2020\/08\/zakir_hesenov_378457567.jpg",800,600,false]},"rttpg_author":{"display_name":"V\u00fcsal Rafiqo\u011flu","author_link":"https:\/\/arantv.az\/?author=2"},"rttpg_comment":0,"rttpg_category":"<a href=\"https:\/\/arantv.az\/?cat=10\" rel=\"category\">C\u0259bh\u0259d\u0259n X\u0259b\u0259r<\/a>","rttpg_excerpt":"T\u00fcrkiy\u0259 Respublikas\u0131n\u0131n Milli M\u00fcdafi\u0259 naziri Hulusi Akar\u0131n d\u0259v\u0259ti il\u0259 Az\u0259rbaycan Respublikas\u0131n\u0131n M\u00fcdafi\u0259 naziri general-polkovnik Zakir H\u0259s\u0259nov fevral\u0131n 11-d\u0259 bu \u00f6lk\u0259y\u0259 yola d\u00fc\u015f\u00fcb. Bununla ba\u011fl\u0131 M\u00fcdafi\u0259 Nazirliyi m\u0259lumat yay\u0131b. General-polkovnik Z.H\u0259s\u0259nov T\u00fcrkiy\u0259nin Qars \u015f\u0259h\u0259rind\u0259 ke\u00e7iril\u0259n \u201cQ\u0131\u015f t\u0259limi-2021\u201d-in yekun m\u0259rh\u0259l\u0259sini izl\u0259y\u0259c\u0259k.","_links":{"self":[{"href":"https:\/\/arantv.az\/index.php?rest_route=\/wp\/v2\/posts\/291075"}],"collection":[{"href":"https:\/\/arantv.az\/index.php?rest_route=\/wp\/v2\/posts"}],"about":[{"href":"https:\/\/arantv.az\/index.php?rest_route=\/wp\/v2\/types\/post"}],"author":[{"embeddable":true,"href":"https:\/\/arantv.az\/index.php?rest_route=\/wp\/v2\/users\/2"}],"replies":[{"embeddable":true,"href":"https:\/\/arantv.az\/index.php?rest_route=%2Fwp%2Fv2%2Fcomments&post=291075"}],"version-history":[{"count":0,"href":"https:\/\/arantv.az\/index.php?rest_route=\/wp\/v2\/posts\/291075\/revisions"}],"wp:featuredmedia":[{"embeddable":true,"href":"https:\/\/arantv.az\/index.php?rest_route=\/wp\/v2\/media\/206580"}],"wp:attachment":[{"href":"https:\/\/arantv.az\/index.php?rest_route=%2Fwp%2Fv2%2Fmedia&parent=291075"}],"wp:term":[{"taxonomy":"category","embeddable":true,"href":"https:\/\/arantv.az\/index.php?rest_route=%2Fwp%2Fv2%2Fcategories&post=291075"},{"taxonomy":"post_tag","embeddable":true,"href":"https:\/\/arantv.az\/index.php?rest_route=%2Fwp%2Fv2%2Ftags&post=291075"}],"curies":[{"name":"wp","href":"https:\/\/api.w.org\/{rel}","templated":true}]}}