{"id":291078,"date":"2021-02-11T11:42:30","date_gmt":"2021-02-11T08:42:30","guid":{"rendered":"http:\/\/arantv.az\/?p=291078"},"modified":"2021-02-11T11:42:30","modified_gmt":"2021-02-11T08:42:30","slug":"beyn%c9%99lxalq-turk-dili-gununun-t%c9%99sisi-il%c9%99-bagli-yekun-m%c9%99sl%c9%99h%c9%99tl%c9%99sm%c9%99l%c9%99r-r%c9%99smi","status":"publish","type":"post","link":"https:\/\/arantv.az\/?p=291078","title":{"rendered":"\u201cBeyn\u0259lxalq T\u00fcrk Dili G\u00fcn\u00fc\u201dn\u00fcn t\u0259sisi il\u0259 ba\u011fl\u0131 yekun m\u0259sl\u0259h\u0259tl\u0259\u015fm\u0259l\u0259r &#8211; R\u018fSM\u0130"},"content":{"rendered":"<p>Fevral\u0131n 10-da \u201cBeyn\u0259lxalq T\u00fcrk Dili G\u00fcn\u00fc\u201dn\u00fcn t\u0259sis edilm\u0259sin\u0259 dair yekun onlayn m\u0259sl\u0259h\u0259tl\u0259\u015fm\u0259l\u0259r ke\u00e7irilib.<\/p>\n<p>Bu bar\u0259d\u0259 Az\u0259rbaycan Xarici \u0130\u015fl\u0259r Nazirliyinin m\u0259lumat\u0131nda bildirilir.<\/p>\n<p>\u0130clasda Az\u0259rbaycan, Qazax\u0131stan, Q\u0131r\u011f\u0131z\u0131stan, \u00d6zb\u0259kistan v\u0259 T\u00fcrkiy\u0259nin UNESCO \u00fczr\u0259 Milli Komissiyalar\u0131, T\u00fcrkdilli D\u00f6vl\u0259tl\u0259rin \u018fm\u0259kda\u015fl\u0131q \u015euras\u0131, T\u00fcrkdilli \u00d6lk\u0259l\u0259rin Parlament Assambleyas\u0131, Beyn\u0259lxalq T\u00fcrk M\u0259d\u0259niyy\u0259ti T\u0259\u015fkilat\u0131, T\u00fcrk M\u0259d\u0259niyy\u0259ti v\u0259 \u0130rsi Fondu, Beyn\u0259lxalq T\u00fcrk Akademiyas\u0131n\u0131n r\u0259smil\u0259ri, T\u00fcrkiy\u0259nin aidiyy\u0259ti d\u00f6vl\u0259t qurumlar\u0131n\u0131n n\u00fcmay\u0259nd\u0259l\u0259ri i\u015ftirak edibl\u0259r.<\/p>\n<div id=\"AdviadNativeVideo0\" class=\"AdviadNativeVideo\"><\/div>\n<p>\u00d6lk\u0259mizi s\u00f6z\u00fcged\u0259n t\u0259dbird\u0259 Xarici \u0130\u015fl\u0259r Nazirliyinin X\u00fcsusi tap\u015f\u0131r\u0131qlar \u00fczr\u0259 s\u0259firi &#8211; UNESCO \u00fczr\u0259 Az\u0259rbaycan\u0131n Milli Komissiyas\u0131n\u0131n Ba\u015f katibi Elnur Sultanov t\u0259msil edib.<\/p>\n<p>O, \u201cBeyn\u0259lxalq T\u00fcrk Dili G\u00fcn\u00fc\u201dn\u00fcn t\u0259sis edilm\u0259si t\u0259\u015f\u0259bb\u00fcs\u00fcn\u00fcn \u00f6lk\u0259miz t\u0259r\u0259find\u0259n y\u00fcks\u0259k qiym\u0259tl\u0259ndirildiyini v\u0259 m\u0259s\u0259l\u0259nin UNESCO-da bax\u0131lmas\u0131 prosesinin intensivl\u0259\u015fdirilm\u0259si \u00fc\u00e7\u00fcn d\u0259st\u0259k verm\u0259y\u0259 haz\u0131r oldu\u011fumuzu diqq\u0259t\u0259 \u00e7atd\u0131r\u0131b. Ba\u015f katib\u00a0bu t\u0259\u015f\u0259bb\u00fcs\u00fcn t\u00fcrkdilli \u00f6lk\u0259l\u0259rin ortaq tarixi v\u0259 m\u0259d\u0259ni d\u0259y\u0259rl\u0259rinin ya\u015fad\u0131lmas\u0131, g\u0259l\u0259c\u0259k n\u0259sill\u0259r\u0259 \u00f6t\u00fcr\u00fclm\u0259si \u00fc\u00e7\u00fcn m\u00fch\u00fcm \u0259h\u0259miyy\u0259t k\u0259sb etdiyini vur\u011fulay\u0131b.<\/p>\n<p>\u0130clas zaman\u0131 \u201cBeyn\u0259lxalq T\u00fcrk Dili G\u00fcn\u00fc\u201dn\u00fcn t\u0259sis edilm\u0259si il\u0259 ba\u011fl\u0131 m\u0259s\u0259l\u0259l\u0259r geni\u015f \u015f\u0259kild\u0259 m\u00fczakir\u0259 edilib, m\u00fcvafiq i\u015f apar\u0131lmas\u0131 v\u0259 birg\u0259 s\u0259yl\u0259rin art\u0131r\u0131lmas\u0131 bar\u0259d\u0259 raz\u0131l\u0131q \u0259ld\u0259 olunub.<\/p>\n<p>M\u0259lum oldu\u011fu kimi, dill\u0259rin beyn\u0259lxalq s\u0259viyy\u0259d\u0259 tan\u0131d\u0131lmas\u0131n\u0131 t\u0259\u015fviq etm\u0259k m\u0259qs\u0259dil\u0259 m\u00fcvafiq beyn\u0259lxalq dil g\u00fcnl\u0259ri qeyd olunmaqdad\u0131r.<\/p>\n<p>Bununla \u0259laq\u0259dar, UNESCO \u00fczr\u0259 T\u00fcrkiy\u0259 Milli Komissiyas\u0131 UNESCO \u00e7\u0259r\u00e7iv\u0259sind\u0259 \u201cBeyn\u0259lxalq T\u00fcrk Dili G\u00fcn\u00fc\u201dn\u00fcn (International Turkic Language Day) t\u0259sis olunmas\u0131 t\u0259\u015f\u0259bb\u00fcs\u00fc il\u0259 \u00e7\u0131x\u0131\u015f edib.<\/p>\n","protected":false},"excerpt":{"rendered":"<p>Fevral\u0131n 10-da \u201cBeyn\u0259lxalq T\u00fcrk Dili G\u00fcn\u00fc\u201dn\u00fcn t\u0259sis edilm\u0259sin\u0259 dair yekun onlayn m\u0259sl\u0259h\u0259tl\u0259\u015fm\u0259l\u0259r ke\u00e7irilib. Bu bar\u0259d\u0259 Az\u0259rbaycan Xarici \u0130\u015fl\u0259r Nazirliyinin m\u0259lumat\u0131nda bildirilir. \u0130clasda Az\u0259rbaycan, Qazax\u0131stan, Q\u0131r\u011f\u0131z\u0131stan, \u00d6zb\u0259kistan v\u0259 T\u00fcrkiy\u0259nin UNESCO \u00fczr\u0259 Milli Komissiyalar\u0131, T\u00fcrkdilli D\u00f6vl\u0259tl\u0259rin \u018fm\u0259kda\u015fl\u0131q \u015euras\u0131, T\u00fcrkdilli \u00d6lk\u0259l\u0259rin Parlament Assambleyas\u0131, Beyn\u0259lxalq T\u00fcrk M\u0259d\u0259niyy\u0259ti T\u0259\u015fkilat\u0131, T\u00fcrk M\u0259d\u0259niyy\u0259ti v\u0259 \u0130rsi Fondu, Beyn\u0259lxalq T\u00fcrk Akademiyas\u0131n\u0131n r\u0259smil\u0259ri, T\u00fcrkiy\u0259nin aidiyy\u0259ti d\u00f6vl\u0259t qurumlar\u0131n\u0131n n\u00fcmay\u0259nd\u0259l\u0259ri i\u015ftirak edibl\u0259r. \u00d6lk\u0259mizi s\u00f6z\u00fcged\u0259n t\u0259dbird\u0259 Xarici \u0130\u015fl\u0259r Nazirliyinin X\u00fcsusi tap\u015f\u0131r\u0131qlar \u00fczr\u0259 s\u0259firi &#8211; UNESCO \u00fczr\u0259 Az\u0259rbaycan\u0131n Milli Komissiyas\u0131n\u0131n Ba\u015f katibi Elnur Sultanov t\u0259msil edib. O, \u201cBeyn\u0259lxalq T\u00fcrk Dili G\u00fcn\u00fc\u201dn\u00fcn t\u0259sis edilm\u0259si t\u0259\u015f\u0259bb\u00fcs\u00fcn\u00fcn&hellip;<\/p>\n","protected":false},"author":2,"featured_media":229639,"comment_status":"closed","ping_status":"closed","sticky":false,"template":"","format":"standard","meta":{"om_disable_all_campaigns":false,"_monsterinsights_skip_tracking":false,"_monsterinsights_sitenote_active":false,"_monsterinsights_sitenote_note":"","_monsterinsights_sitenote_category":0},"categories":[4],"tags":[],"aioseo_notices":[],"gutentor_comment":0,"rttpg_featured_image_url":{"full":["https:\/\/arantv.az\/wp-content\/uploads\/2020\/10\/xarici-ishler-nazirliyi.jpg",620,371,false],"landscape":["https:\/\/arantv.az\/wp-content\/uploads\/2020\/10\/xarici-ishler-nazirliyi.jpg",620,371,false],"portraits":["https:\/\/arantv.az\/wp-content\/uploads\/2020\/10\/xarici-ishler-nazirliyi.jpg",620,371,false],"thumbnail":["https:\/\/arantv.az\/wp-content\/uploads\/2020\/10\/xarici-ishler-nazirliyi-150x150.jpg",150,150,true],"medium":["https:\/\/arantv.az\/wp-content\/uploads\/2020\/10\/xarici-ishler-nazirliyi-300x180.jpg",300,180,true],"large":["https:\/\/arantv.az\/wp-content\/uploads\/2020\/10\/xarici-ishler-nazirliyi.jpg",620,371,false],"1536x1536":["https:\/\/arantv.az\/wp-content\/uploads\/2020\/10\/xarici-ishler-nazirliyi.jpg",620,371,false],"2048x2048":["https:\/\/arantv.az\/wp-content\/uploads\/2020\/10\/xarici-ishler-nazirliyi.jpg",620,371,false],"post-thumbnail":["https:\/\/arantv.az\/wp-content\/uploads\/2020\/10\/xarici-ishler-nazirliyi-240x172.jpg",240,172,true],"advps-thumb-one":["https:\/\/arantv.az\/wp-content\/uploads\/2020\/10\/xarici-ishler-nazirliyi.jpg",620,371,false]},"rttpg_author":{"display_name":"V\u00fcsal Rafiqo\u011flu","author_link":"https:\/\/arantv.az\/?author=2"},"rttpg_comment":0,"rttpg_category":"<a href=\"https:\/\/arantv.az\/?cat=4\" rel=\"category\">Siyas\u0259t<\/a>","rttpg_excerpt":"Fevral\u0131n 10-da \u201cBeyn\u0259lxalq T\u00fcrk Dili G\u00fcn\u00fc\u201dn\u00fcn t\u0259sis edilm\u0259sin\u0259 dair yekun onlayn m\u0259sl\u0259h\u0259tl\u0259\u015fm\u0259l\u0259r ke\u00e7irilib. Bu bar\u0259d\u0259 Az\u0259rbaycan Xarici \u0130\u015fl\u0259r Nazirliyinin m\u0259lumat\u0131nda bildirilir. \u0130clasda Az\u0259rbaycan, Qazax\u0131stan, Q\u0131r\u011f\u0131z\u0131stan, \u00d6zb\u0259kistan v\u0259 T\u00fcrkiy\u0259nin UNESCO \u00fczr\u0259 Milli Komissiyalar\u0131, T\u00fcrkdilli D\u00f6vl\u0259tl\u0259rin \u018fm\u0259kda\u015fl\u0131q \u015euras\u0131, T\u00fcrkdilli \u00d6lk\u0259l\u0259rin Parlament Assambleyas\u0131, Beyn\u0259lxalq T\u00fcrk M\u0259d\u0259niyy\u0259ti T\u0259\u015fkilat\u0131, T\u00fcrk M\u0259d\u0259niyy\u0259ti v\u0259 \u0130rsi Fondu, Beyn\u0259lxalq T\u00fcrk Akademiyas\u0131n\u0131n r\u0259smil\u0259ri, T\u00fcrkiy\u0259nin aidiyy\u0259ti&hellip;","_links":{"self":[{"href":"https:\/\/arantv.az\/index.php?rest_route=\/wp\/v2\/posts\/291078"}],"collection":[{"href":"https:\/\/arantv.az\/index.php?rest_route=\/wp\/v2\/posts"}],"about":[{"href":"https:\/\/arantv.az\/index.php?rest_route=\/wp\/v2\/types\/post"}],"author":[{"embeddable":true,"href":"https:\/\/arantv.az\/index.php?rest_route=\/wp\/v2\/users\/2"}],"replies":[{"embeddable":true,"href":"https:\/\/arantv.az\/index.php?rest_route=%2Fwp%2Fv2%2Fcomments&post=291078"}],"version-history":[{"count":0,"href":"https:\/\/arantv.az\/index.php?rest_route=\/wp\/v2\/posts\/291078\/revisions"}],"wp:featuredmedia":[{"embeddable":true,"href":"https:\/\/arantv.az\/index.php?rest_route=\/wp\/v2\/media\/229639"}],"wp:attachment":[{"href":"https:\/\/arantv.az\/index.php?rest_route=%2Fwp%2Fv2%2Fmedia&parent=291078"}],"wp:term":[{"taxonomy":"category","embeddable":true,"href":"https:\/\/arantv.az\/index.php?rest_route=%2Fwp%2Fv2%2Fcategories&post=291078"},{"taxonomy":"post_tag","embeddable":true,"href":"https:\/\/arantv.az\/index.php?rest_route=%2Fwp%2Fv2%2Ftags&post=291078"}],"curies":[{"name":"wp","href":"https:\/\/api.w.org\/{rel}","templated":true}]}}