{"id":291093,"date":"2021-02-11T11:45:32","date_gmt":"2021-02-11T08:45:32","guid":{"rendered":"http:\/\/arantv.az\/?p=291093"},"modified":"2021-02-11T11:45:32","modified_gmt":"2021-02-11T08:45:32","slug":"polisl%c9%99r-xocav%c9%99ndd%c9%99-30-dan-cox-mina-askarladilar-foto","status":"publish","type":"post","link":"https:\/\/arantv.az\/?p=291093","title":{"rendered":"Polisl\u0259r Xocav\u0259ndd\u0259 30-dan \u00e7ox mina a\u015fkarlad\u0131lar &#8211; FOTO"},"content":{"rendered":"<p>La\u00e7\u0131n Rayon Polis \u015e\u00f6b\u0259sinin \u0259m\u0259kda\u015flar\u0131 xidm\u0259ti f\u0259aliyy\u0259tl\u0259 \u0259laq\u0259dar Xocav\u0259nd rayonunun \u00dc\u00e7t\u0259p\u0259 adlanan \u0259razisind\u0259 olan zaman orada d\u00fc\u015fm\u0259n t\u0259r\u0259find\u0259n qoyulmu\u015f xeyli sayda mina a\u015fkar edibl\u0259r.<\/p>\n<p>Bu bar\u0259d\u0259 Daxili \u0130\u015fl\u0259r Nazirliyinin M\u0259tbuat xidm\u0259tinin B\u0259rd\u0259 regional qrupu m\u0259lumat yay\u0131b.<\/p>\n<div id=\"AdviadNativeVideo0\" class=\"AdviadNativeVideo\"><\/div>\n<p>D\u0259rhal bu bar\u0259d\u0259 Az\u0259rbaycan Respublikas\u0131n\u0131n Minat\u0259mizl\u0259m\u0259 Agentliyinin \u0259m\u0259kda\u015flar\u0131na m\u0259lumat verilib. \u018fraziy\u0259 bax\u0131\u015f ke\u00e7iril\u0259n zaman m\u00fcxt\u0259lif adda tank v\u0259 piyada \u0259leyhin\u0259 33 \u0259d\u0259d mina m\u00fc\u0259yy\u0259n edilib v\u0259 m\u00fcvafiq t\u0259dbirl\u0259rl\u0259 h\u0259min minalar\u0131n t\u0259hl\u00fck\u0259siz \u015f\u0259kild\u0259 partlad\u0131lmas\u0131 t\u0259min olunub.<\/p>\n<div class=\"gallery\">\n<div class=\"gallery-i\"><img src=\"https:\/\/cdn.oxu.az\/uploads\/W1siZiIsIjIwMjEvMDIvMTEvMTIvMTQvMDUvYTg2YWJkYTgtMzMxMi00ZTBiLThhNWUtYWJlZmMwOWYzOGY3L1doYXRzQXBwIEltYWdlIDIwMjEtMDItMTEgYXQgMTIuMDguMDQgKDMpLmpwZWciXSxbInAiLCJlbmNvZGUiLCJqcGciLCItcXVhbGl0eSA4MCJdLFsicCIsInRodW1iIiwiNTkweDU5MFx1MDAzZSJdXQ?sha=c6e8f64460bf78da\" alt=\"\" \/><\/p>\n<div class=\"gallery-i-caption\"><\/div>\n<\/div>\n<div class=\"gallery-i\"><img src=\"https:\/\/cdn.oxu.az\/uploads\/W1siZiIsIjIwMjEvMDIvMTEvMTIvMTQvMDUvZjQxNmE2N2QtNTI5Mi00OTE3LWI1OTItOGY5MDQ4YzY3YTgyL1doYXRzQXBwIEltYWdlIDIwMjEtMDItMTEgYXQgMTIuMDguMDQgKDIpLmpwZWciXSxbInAiLCJlbmNvZGUiLCJqcGciLCItcXVhbGl0eSA4MCJdLFsicCIsInRodW1iIiwiNTkweDU5MFx1MDAzZSJdXQ?sha=6d33b1fd700efc33\" alt=\"\" \/><\/p>\n<div class=\"gallery-i-caption\"><\/div>\n<\/div>\n<div class=\"gallery-i\"><img src=\"https:\/\/cdn.oxu.az\/uploads\/W1siZiIsIjIwMjEvMDIvMTEvMTIvMTQvMDYvZTYyYmFmNWMtNDEyNS00MjlkLWIxZjYtYzdlZWM5ZTk3ZGNiL1doYXRzQXBwIEltYWdlIDIwMjEtMDItMTEgYXQgMTIuMDguMDQgKDEpLmpwZWciXSxbInAiLCJlbmNvZGUiLCJqcGciLCItcXVhbGl0eSA4MCJdLFsicCIsInRodW1iIiwiNTkweDU5MFx1MDAzZSJdXQ?sha=fbc718cbc5f4841c\" alt=\"\" \/><\/p>\n<div class=\"gallery-i-caption\"><\/div>\n<\/div>\n<div class=\"gallery-i\"><img src=\"https:\/\/cdn.oxu.az\/uploads\/W1siZiIsIjIwMjEvMDIvMTEvMTIvMTQvMDYvZTI3MjQyY2ItMWZlYS00NzIyLWIxY2YtMGI4NDkwYTMzMDkzL1doYXRzQXBwIEltYWdlIDIwMjEtMDItMTEgYXQgMTIuMDguMDQuanBlZyJdLFsicCIsImVuY29kZSIsImpwZyIsIi1xdWFsaXR5IDgwIl0sWyJwIiwidGh1bWIiLCI1OTB4NTkwXHUwMDNlIl1d?sha=04c38e6e367f3784\" alt=\"\" \/><\/div>\n<\/div>\n","protected":false},"excerpt":{"rendered":"<p>La\u00e7\u0131n Rayon Polis \u015e\u00f6b\u0259sinin \u0259m\u0259kda\u015flar\u0131 xidm\u0259ti f\u0259aliyy\u0259tl\u0259 \u0259laq\u0259dar Xocav\u0259nd rayonunun \u00dc\u00e7t\u0259p\u0259 adlanan \u0259razisind\u0259 olan zaman orada d\u00fc\u015fm\u0259n t\u0259r\u0259find\u0259n qoyulmu\u015f xeyli sayda mina a\u015fkar edibl\u0259r. Bu bar\u0259d\u0259 Daxili \u0130\u015fl\u0259r Nazirliyinin M\u0259tbuat xidm\u0259tinin B\u0259rd\u0259 regional qrupu m\u0259lumat yay\u0131b. D\u0259rhal bu bar\u0259d\u0259 Az\u0259rbaycan Respublikas\u0131n\u0131n Minat\u0259mizl\u0259m\u0259 Agentliyinin \u0259m\u0259kda\u015flar\u0131na m\u0259lumat verilib. \u018fraziy\u0259 bax\u0131\u015f ke\u00e7iril\u0259n zaman m\u00fcxt\u0259lif adda tank v\u0259 piyada \u0259leyhin\u0259 33 \u0259d\u0259d mina m\u00fc\u0259yy\u0259n edilib v\u0259 m\u00fcvafiq t\u0259dbirl\u0259rl\u0259 h\u0259min minalar\u0131n t\u0259hl\u00fck\u0259siz \u015f\u0259kild\u0259 partlad\u0131lmas\u0131 t\u0259min olunub.<\/p>\n","protected":false},"author":2,"featured_media":291094,"comment_status":"closed","ping_status":"closed","sticky":false,"template":"","format":"standard","meta":{"om_disable_all_campaigns":false,"_monsterinsights_skip_tracking":false,"_monsterinsights_sitenote_active":false,"_monsterinsights_sitenote_note":"","_monsterinsights_sitenote_category":0},"categories":[26],"tags":[],"aioseo_notices":[],"gutentor_comment":0,"rttpg_featured_image_url":{"full":["https:\/\/arantv.az\/wp-content\/uploads\/2021\/02\/mina-sekil-.jpg",570,465,false],"landscape":["https:\/\/arantv.az\/wp-content\/uploads\/2021\/02\/mina-sekil-.jpg",570,465,false],"portraits":["https:\/\/arantv.az\/wp-content\/uploads\/2021\/02\/mina-sekil-.jpg",570,465,false],"thumbnail":["https:\/\/arantv.az\/wp-content\/uploads\/2021\/02\/mina-sekil--150x150.jpg",150,150,true],"medium":["https:\/\/arantv.az\/wp-content\/uploads\/2021\/02\/mina-sekil--300x245.jpg",300,245,true],"large":["https:\/\/arantv.az\/wp-content\/uploads\/2021\/02\/mina-sekil-.jpg",570,465,false],"1536x1536":["https:\/\/arantv.az\/wp-content\/uploads\/2021\/02\/mina-sekil-.jpg",570,465,false],"2048x2048":["https:\/\/arantv.az\/wp-content\/uploads\/2021\/02\/mina-sekil-.jpg",570,465,false],"post-thumbnail":["https:\/\/arantv.az\/wp-content\/uploads\/2021\/02\/mina-sekil--240x172.jpg",240,172,true],"advps-thumb-one":["https:\/\/arantv.az\/wp-content\/uploads\/2021\/02\/mina-sekil-.jpg",570,465,false]},"rttpg_author":{"display_name":"V\u00fcsal Rafiqo\u011flu","author_link":"https:\/\/arantv.az\/?author=2"},"rttpg_comment":0,"rttpg_category":"<a href=\"https:\/\/arantv.az\/?cat=26\" rel=\"category\">Sosial<\/a>","rttpg_excerpt":"La\u00e7\u0131n Rayon Polis \u015e\u00f6b\u0259sinin \u0259m\u0259kda\u015flar\u0131 xidm\u0259ti f\u0259aliyy\u0259tl\u0259 \u0259laq\u0259dar Xocav\u0259nd rayonunun \u00dc\u00e7t\u0259p\u0259 adlanan \u0259razisind\u0259 olan zaman orada d\u00fc\u015fm\u0259n t\u0259r\u0259find\u0259n qoyulmu\u015f xeyli sayda mina a\u015fkar edibl\u0259r. Bu bar\u0259d\u0259 Daxili \u0130\u015fl\u0259r Nazirliyinin M\u0259tbuat xidm\u0259tinin B\u0259rd\u0259 regional qrupu m\u0259lumat yay\u0131b. D\u0259rhal bu bar\u0259d\u0259 Az\u0259rbaycan Respublikas\u0131n\u0131n Minat\u0259mizl\u0259m\u0259 Agentliyinin \u0259m\u0259kda\u015flar\u0131na m\u0259lumat verilib. \u018fraziy\u0259 bax\u0131\u015f ke\u00e7iril\u0259n zaman m\u00fcxt\u0259lif adda tank v\u0259 piyada&hellip;","_links":{"self":[{"href":"https:\/\/arantv.az\/index.php?rest_route=\/wp\/v2\/posts\/291093"}],"collection":[{"href":"https:\/\/arantv.az\/index.php?rest_route=\/wp\/v2\/posts"}],"about":[{"href":"https:\/\/arantv.az\/index.php?rest_route=\/wp\/v2\/types\/post"}],"author":[{"embeddable":true,"href":"https:\/\/arantv.az\/index.php?rest_route=\/wp\/v2\/users\/2"}],"replies":[{"embeddable":true,"href":"https:\/\/arantv.az\/index.php?rest_route=%2Fwp%2Fv2%2Fcomments&post=291093"}],"version-history":[{"count":0,"href":"https:\/\/arantv.az\/index.php?rest_route=\/wp\/v2\/posts\/291093\/revisions"}],"wp:featuredmedia":[{"embeddable":true,"href":"https:\/\/arantv.az\/index.php?rest_route=\/wp\/v2\/media\/291094"}],"wp:attachment":[{"href":"https:\/\/arantv.az\/index.php?rest_route=%2Fwp%2Fv2%2Fmedia&parent=291093"}],"wp:term":[{"taxonomy":"category","embeddable":true,"href":"https:\/\/arantv.az\/index.php?rest_route=%2Fwp%2Fv2%2Fcategories&post=291093"},{"taxonomy":"post_tag","embeddable":true,"href":"https:\/\/arantv.az\/index.php?rest_route=%2Fwp%2Fv2%2Ftags&post=291093"}],"curies":[{"name":"wp","href":"https:\/\/api.w.org\/{rel}","templated":true}]}}