{"id":291113,"date":"2021-02-11T11:53:03","date_gmt":"2021-02-11T08:53:03","guid":{"rendered":"http:\/\/arantv.az\/?p=291113"},"modified":"2021-02-11T11:53:03","modified_gmt":"2021-02-11T08:53:03","slug":"26-yasli-qazi-4-aydir-komadadir","status":"publish","type":"post","link":"https:\/\/arantv.az\/?p=291113","title":{"rendered":"26 ya\u015fl\u0131 qazi 4 ayd\u0131r komadad\u0131r"},"content":{"rendered":"<p><strong>\u201cV\u0259t\u0259n m\u00fcharib\u0259si qazisi, 26 ya\u015fl\u0131 Nurlan \u018fbilov 4 ayd\u0131r ki, komadad\u0131r. V\u0259ziyy\u0259ti g\u00fcnd\u0259n-g\u00fcn\u0259 geriy\u0259 do\u011fru gedir. B\u0259lk\u0259 d\u0259, xaricd\u0259 m\u00fcalic\u0259 olunsa, sa\u011falar. Xahi\u015f edirik, biz\u0259 k\u00f6m\u0259k edin\u201d.<\/strong><\/p>\n<div id=\"AdviadNativeVideo0\" class=\"AdviadNativeVideo\"><\/div>\n<p><strong>ARANTV.AZ<\/strong>\u00a0 \u201cQafqazinfo\u201dya istinad\u0259n x\u0259b\u0259r verir ki, bu s\u00f6zl\u0259ri qazinin h\u0259yat yolda\u015f\u0131 Aydan \u018fbilova deyib.<\/p>\n<p>O bildirib ki, h\u0259yat yolda\u015f\u0131 Nurlan F\u0259rrux o\u011flu \u018fbilov 1994-c\u00fc ild\u0259 Masall\u0131 rayonun A\u011faki\u015fib\u0259yli k\u0259ndind\u0259 anadan olub. Atas\u0131n\u0131 u\u015faq ik\u0259n itirib, anas\u0131 is\u0259 4 il \u00f6nc\u0259 r\u0259hm\u0259t\u0259 gedib. Evin t\u0259k \u00f6vlad\u0131 olan Nurlan\u0131n sa\u011falaca\u011f\u0131 g\u00fcn\u00fc s\u0259birsizlikl\u0259 g\u00f6zl\u0259y\u0259n iki azya\u015fl\u0131 o\u011flu var:<\/p>\n<p>\u201cNurlan m\u00fcharib\u0259 ba\u015flayanda ordu s\u0131ralar\u0131na \u00e7a\u011f\u0131r\u0131l\u0131b. Arada telefonla dan\u0131\u015f\u0131rd\u0131q, amma biz\u0259 yerini demirdi. Sonuncu d\u0259f\u0259 oktyabr\u0131n 7-d\u0259 qarda\u015f\u0131mla dan\u0131\u015f\u0131b, u\u015faqlar\u0131 ona tap\u015f\u0131r\u0131b. 8 oktyabrda F\u00fczuli u\u011frunda ged\u0259n d\u00f6y\u00fc\u015fl\u0259rd\u0259 ba\u015f\u0131ndan a\u011f\u0131r yaralan\u0131b. Yaralanandan da Silahl\u0131 Q\u00fcvv\u0259l\u0259rin Ba\u015f Klinik Hospital\u0131nda m\u00fcalic\u0259 al\u0131r. 3 v\u0259 5 ya\u015f\u0131nda o\u011fullar\u0131m\u0131z var. Ki\u00e7ik o\u011flum t\u0259z\u0259 dan\u0131\u015f\u0131r, \u00e7ox \u015feyi ba\u015fa d\u00fc\u015fm\u00fcr. 5 ya\u015fl\u0131 o\u011flumuzu is\u0259 saxlaya bilmirik, atas\u0131n\u0131 ist\u0259yir&#8230;\u201d<\/p>\n<p><strong>Qazinin h\u0259yat yolda\u015f\u0131 bildirir ki, bir aydan art\u0131qd\u0131r Nurlan\u0131n m\u00fcalic\u0259 \u00fc\u00e7\u00fcn xaric\u0259 apar\u0131laca\u011f\u0131 deyilir:<\/strong><\/p>\n<p>\u201cX\u0259st\u0259xanadan naraz\u0131 deyilik, dey\u0259 bilm\u0259r\u0259m ki, Nurlana baxm\u0131rlar. Amma s\u0259hh\u0259ti getdikc\u0259 geri gedir. Deyirl\u0259r xaric\u0259 aparacaqlar, s\u0259n\u0259dl\u0259r haz\u0131rd\u0131r. Bir aydan \u00e7oxdur bu s\u00f6z\u00fc e\u015fidir\u0259m. H\u0259kiml\u0259rd\u0259n soru\u015furam ki, biz h\u0259r \u015fey\u0259 haz\u0131r\u0131q, ba\u015fqa \u015fey varsa biz\u0259 deyin. Amma he\u00e7 n\u0259 demirl\u0259r\u201d.<\/p>\n<p>Qazinin xan\u0131m\u0131 deyir ki, Nurlan \u018fbilov BDU-nun co\u011frafiya fak\u00fclt\u0259sini bitirib. Anas\u0131 x\u0259st\u0259 oldu\u011funa g\u00f6r\u0259 t\u0259hsilini bir m\u00fcdd\u0259t dondurub, diplomunu ala bilm\u0259yibmi\u015f. Q\u0259hr\u0259man\u0131m\u0131z\u0131n diplomunu ail\u0259sin\u0259 o d\u00f6y\u00fc\u015fd\u0259 olanda g\u00f6nd\u0259ribl\u0259r, Nurlan h\u0259l\u0259 d\u0259 o diplomu g\u00f6r\u0259 bilm\u0259yib&#8230;<\/p>\n<p>M\u0259s\u0259l\u0259 il\u0259 ba\u011fl\u0131 YA\u015eAT Fonduna m\u00fcraci\u0259t edilib. Fonddan bildirilib ki, \u015f\u0259hid ail\u0259l\u0259ri v\u0259 V\u0259t\u0259n m\u00fcharib\u0259sind\u0259 yaralananlar\u0131n h\u0259r biri Fondun diqq\u0259t m\u0259rk\u0259zind\u0259dir. Onlarla ba\u011fl\u0131 m\u00fcraci\u0259tl\u0259rin h\u0259r birin\u0259 h\u0259ssasl\u0131qla yana\u015f\u0131l\u0131r, \u0259laq\u0259 saxlan\u0131l\u0131r, probleml\u0259ri ara\u015fd\u0131r\u0131l\u0131r v\u0259 x\u0259rcl\u0259r fond t\u0259r\u0259find\u0259n qar\u015f\u0131lan\u0131r:<\/p>\n<p>\u201cHaz\u0131rda sayt\u0131m\u0131zda 2020-ci il 27 sentyabr tarixind\u0259n ba\u015flayaraq \u0259razi b\u00fct\u00f6vl\u00fcy\u00fcm\u00fcz\u00fcn m\u00fcdafi\u0259si u\u011frunda yaralanan \u015f\u0259xsl\u0259rin qeydiyyatdan ke\u00e7ir\u0259r\u0259k m\u00fcraci\u0259tl\u0259rini yerl\u0259\u015fdirm\u0259l\u0259ri \u00fc\u00e7\u00fcn imkan yarad\u0131l\u0131b. Elektron qaydada m\u00fcraci\u0259t etm\u0259k \u00fc\u00e7\u00fcn\u00a0<a href=\"https:\/\/yashat.gov.az\/\"><strong>https:\/\/yashat.gov.az\/<\/strong><\/a><strong>\u00a0<\/strong>sayt\u0131nda qeydiyyatdan ke\u00e7m\u0259k m\u00fcmk\u00fcnd\u00fcr.\u00a0 Qeydiyyat zaman\u0131 \u00e7\u0259tinlik yaran\u0131rsa, 8110 \u201c\u00c7a\u011fr\u0131\u201d M\u0259rk\u0259zi il\u0259 \u0259laq\u0259 saxlamaq m\u00fcmk\u00fcnd\u00fcr\u201d.<\/p>\n<p><img src=\"https:\/\/axsam.az\/img\/pics\/large\/2021-02\/217242_1a1ptdw5kf.jpg\" alt=\"\" align=\"baseline\" border=\"0\" hspace=\"0\" \/><\/p>\n<p><img src=\"https:\/\/axsam.az\/img\/pics\/large\/2021-02\/217243_i8nonai85b.jpg\" alt=\"\" align=\"baseline\" border=\"0\" hspace=\"0\" \/><\/p>\n","protected":false},"excerpt":{"rendered":"<p>\u201cV\u0259t\u0259n m\u00fcharib\u0259si qazisi, 26 ya\u015fl\u0131 Nurlan \u018fbilov 4 ayd\u0131r ki, komadad\u0131r. V\u0259ziyy\u0259ti g\u00fcnd\u0259n-g\u00fcn\u0259 geriy\u0259 do\u011fru gedir. B\u0259lk\u0259 d\u0259, xaricd\u0259 m\u00fcalic\u0259 olunsa, sa\u011falar. Xahi\u015f edirik, biz\u0259 k\u00f6m\u0259k edin\u201d. ARANTV.AZ\u00a0 \u201cQafqazinfo\u201dya istinad\u0259n x\u0259b\u0259r verir ki, bu s\u00f6zl\u0259ri qazinin h\u0259yat yolda\u015f\u0131 Aydan \u018fbilova deyib. O bildirib ki, h\u0259yat yolda\u015f\u0131 Nurlan F\u0259rrux o\u011flu \u018fbilov 1994-c\u00fc ild\u0259 Masall\u0131 rayonun A\u011faki\u015fib\u0259yli k\u0259ndind\u0259 anadan olub. Atas\u0131n\u0131 u\u015faq ik\u0259n itirib, anas\u0131 is\u0259 4 il \u00f6nc\u0259 r\u0259hm\u0259t\u0259 gedib. Evin t\u0259k \u00f6vlad\u0131 olan Nurlan\u0131n sa\u011falaca\u011f\u0131 g\u00fcn\u00fc s\u0259birsizlikl\u0259 g\u00f6zl\u0259y\u0259n iki azya\u015fl\u0131 o\u011flu var: \u201cNurlan m\u00fcharib\u0259 ba\u015flayanda ordu s\u0131ralar\u0131na \u00e7a\u011f\u0131r\u0131l\u0131b. Arada telefonla&hellip;<\/p>\n","protected":false},"author":2,"featured_media":291114,"comment_status":"closed","ping_status":"closed","sticky":false,"template":"","format":"standard","meta":{"om_disable_all_campaigns":false,"_monsterinsights_skip_tracking":false,"_monsterinsights_sitenote_active":false,"_monsterinsights_sitenote_note":"","_monsterinsights_sitenote_category":0},"categories":[26],"tags":[],"aioseo_notices":[],"gutentor_comment":0,"rttpg_featured_image_url":{"full":["https:\/\/arantv.az\/wp-content\/uploads\/2021\/02\/217241_tenk32mqqh.jpg",1000,617,false],"landscape":["https:\/\/arantv.az\/wp-content\/uploads\/2021\/02\/217241_tenk32mqqh.jpg",1000,617,false],"portraits":["https:\/\/arantv.az\/wp-content\/uploads\/2021\/02\/217241_tenk32mqqh.jpg",1000,617,false],"thumbnail":["https:\/\/arantv.az\/wp-content\/uploads\/2021\/02\/217241_tenk32mqqh-150x150.jpg",150,150,true],"medium":["https:\/\/arantv.az\/wp-content\/uploads\/2021\/02\/217241_tenk32mqqh-300x185.jpg",300,185,true],"large":["https:\/\/arantv.az\/wp-content\/uploads\/2021\/02\/217241_tenk32mqqh.jpg",640,395,false],"1536x1536":["https:\/\/arantv.az\/wp-content\/uploads\/2021\/02\/217241_tenk32mqqh.jpg",1000,617,false],"2048x2048":["https:\/\/arantv.az\/wp-content\/uploads\/2021\/02\/217241_tenk32mqqh.jpg",1000,617,false],"post-thumbnail":["https:\/\/arantv.az\/wp-content\/uploads\/2021\/02\/217241_tenk32mqqh-240x172.jpg",240,172,true],"advps-thumb-one":["https:\/\/arantv.az\/wp-content\/uploads\/2021\/02\/217241_tenk32mqqh.jpg",1000,617,false]},"rttpg_author":{"display_name":"V\u00fcsal Rafiqo\u011flu","author_link":"https:\/\/arantv.az\/?author=2"},"rttpg_comment":0,"rttpg_category":"<a href=\"https:\/\/arantv.az\/?cat=26\" rel=\"category\">Sosial<\/a>","rttpg_excerpt":"\u201cV\u0259t\u0259n m\u00fcharib\u0259si qazisi, 26 ya\u015fl\u0131 Nurlan \u018fbilov 4 ayd\u0131r ki, komadad\u0131r. V\u0259ziyy\u0259ti g\u00fcnd\u0259n-g\u00fcn\u0259 geriy\u0259 do\u011fru gedir. B\u0259lk\u0259 d\u0259, xaricd\u0259 m\u00fcalic\u0259 olunsa, sa\u011falar. Xahi\u015f edirik, biz\u0259 k\u00f6m\u0259k edin\u201d. ARANTV.AZ\u00a0 \u201cQafqazinfo\u201dya istinad\u0259n x\u0259b\u0259r verir ki, bu s\u00f6zl\u0259ri qazinin h\u0259yat yolda\u015f\u0131 Aydan \u018fbilova deyib. O bildirib ki, h\u0259yat yolda\u015f\u0131 Nurlan F\u0259rrux o\u011flu \u018fbilov 1994-c\u00fc ild\u0259 Masall\u0131 rayonun A\u011faki\u015fib\u0259yli&hellip;","_links":{"self":[{"href":"https:\/\/arantv.az\/index.php?rest_route=\/wp\/v2\/posts\/291113"}],"collection":[{"href":"https:\/\/arantv.az\/index.php?rest_route=\/wp\/v2\/posts"}],"about":[{"href":"https:\/\/arantv.az\/index.php?rest_route=\/wp\/v2\/types\/post"}],"author":[{"embeddable":true,"href":"https:\/\/arantv.az\/index.php?rest_route=\/wp\/v2\/users\/2"}],"replies":[{"embeddable":true,"href":"https:\/\/arantv.az\/index.php?rest_route=%2Fwp%2Fv2%2Fcomments&post=291113"}],"version-history":[{"count":0,"href":"https:\/\/arantv.az\/index.php?rest_route=\/wp\/v2\/posts\/291113\/revisions"}],"wp:featuredmedia":[{"embeddable":true,"href":"https:\/\/arantv.az\/index.php?rest_route=\/wp\/v2\/media\/291114"}],"wp:attachment":[{"href":"https:\/\/arantv.az\/index.php?rest_route=%2Fwp%2Fv2%2Fmedia&parent=291113"}],"wp:term":[{"taxonomy":"category","embeddable":true,"href":"https:\/\/arantv.az\/index.php?rest_route=%2Fwp%2Fv2%2Fcategories&post=291113"},{"taxonomy":"post_tag","embeddable":true,"href":"https:\/\/arantv.az\/index.php?rest_route=%2Fwp%2Fv2%2Ftags&post=291113"}],"curies":[{"name":"wp","href":"https:\/\/api.w.org\/{rel}","templated":true}]}}