{"id":292340,"date":"2021-02-12T15:31:19","date_gmt":"2021-02-12T12:31:19","guid":{"rendered":"http:\/\/arantv.az\/?p=292340"},"modified":"2021-02-12T15:31:19","modified_gmt":"2021-02-12T12:31:19","slug":"tamam-c%c9%99f%c9%99rova-mehriban-xanim-%c9%99liyevanin-mot%c9%99b%c9%99r-konfransa-d%c9%99v%c9%99tinin-daha-koklu-s%c9%99b%c9%99bl%c9%99ri-vardir","status":"publish","type":"post","link":"https:\/\/arantv.az\/?p=292340","title":{"rendered":"Tamam C\u0259f\u0259rova: Mehriban xan\u0131m \u018fliyevan\u0131n m\u00f6t\u0259b\u0259r konfransa d\u0259v\u0259tinin daha k\u00f6kl\u00fc s\u0259b\u0259bl\u0259ri vard\u0131r"},"content":{"rendered":"<p>\u201cFevral ay\u0131n\u0131n 11-d\u0259 Az\u0259rbaycan Respublikas\u0131n\u0131n Birinci vitse-prezidenti, Heyd\u0259r \u018fliyev Fondunun prezidenti, UNESCO v\u0259\u00a0 ICESCO-nun xo\u015fm\u0259raml\u0131 s\u0259firi Mehriban xan\u0131m \u018fliyeva ICESCO t\u0259r\u0259find\u0259n elan olunan \u201cQad\u0131nlar ili\u201d \u00e7\u0259r\u00e7iv\u0259sind\u0259 \u201cQad\u0131nlar v\u0259 q\u0131zlar elmd\u0259\u201d Beyn\u0259lxalq G\u00fcn\u00fc m\u00fcnasib\u0259til\u0259 videokonfrans format\u0131nda ke\u00e7iril\u0259n t\u0259dbird\u0259 \u00e7\u0131x\u0131\u015f edib. Mehriban \u018fliyeva bu konfransa d\u0259v\u0259ti olunmas\u0131n\u0131 bel\u0259 d\u0259y\u0259rl\u0259ndirmi\u015fdir: \u201cM\u0259n bu d\u0259v\u0259ti bizim qad\u0131nlar\u0131n t\u0259hsil v\u0259 elmd\u0259 i\u015ftirak\u0131n\u0131n inki\u015faf\u0131 il\u0259 ba\u011fl\u0131 siyas\u0259timizin y\u00fcks\u0259k qiym\u0259tl\u0259ndirilm\u0259sinin t\u0259zah\u00fcr\u00fc hesab edir\u0259m\u201d. D\u00fc\u015f\u00fcn\u00fcr\u0259m ki, Mehriban xan\u0131m \u018fliyevan\u0131n bu m\u00f6t\u0259b\u0259r konfransa d\u0259v\u0259tinin daha \u0259sasl\u0131, k\u00f6kl\u00fc s\u0259b\u0259bl\u0259ri vard\u0131r. Az\u0259rbaycan qad\u0131n\u0131n\u0131 d\u00fcnyada \u0259n y\u00fcks\u0259k s\u0259viyy\u0259d\u0259 t\u0259msil ed\u0259n Mehriban xan\u0131m \u018fliyevan\u0131n \u00f6lk\u0259mizd\u0259 qad\u0131n h\u0259r\u0259kat\u0131n\u0131n v\u0259 d\u00f6vl\u0259t qad\u0131n siyas\u0259tinin inki\u015faf\u0131nda, qad\u0131n h\u00fcquqlar\u0131n\u0131n qorunmas\u0131 il\u0259 ba\u011fl\u0131 qanunvericilik bazas\u0131n\u0131n z\u0259nginl\u0259\u015fm\u0259sind\u0259, h\u0259m\u00e7inin sivilizasiyalar v\u0259 m\u0259d\u0259niyy\u0259tl\u0259raras\u0131 dialoqun inki\u015faf\u0131nda m\u00fcst\u0259sna rolu, liderliyi, d\u00fcnyan\u0131n lider qad\u0131nlar\u0131 aras\u0131ndak\u0131 n\u00fcfuzu b\u00fct\u00fcn d\u00fcnyada oldu\u011fu kimi, m\u00fcs\u0259lman \u00f6lk\u0259l\u0259ri aras\u0131nda da Mehriban xan\u0131m\u0131n \u015f\u0259xsiyy\u0259tin\u0259 olan diqq\u0259tin \u0259sas s\u0259b\u0259bl\u0259ridir.\u201d<\/p>\n<p>Bu fikirl\u0259ri\u00a0<strong>\u201c\u0130ki sahil\u201d<\/strong>\u0259 a\u00e7\u0131qlamas\u0131nda\u00a0<strong>Milli M\u0259clisin deputat\u0131 Tamam C\u0259f\u0259rova\u00a0<\/strong>deyib.<\/p>\n<p>Konfrans\u0131n m\u00f6vzusunun \u0259h\u0259miyy\u0259tini vur\u011fulayan M.\u018fliyeva qeyd edib ki, qlobal \u00e7a\u011f\u0131r\u0131\u015flara cavab verm\u0259k \u00fc\u00e7\u00fcn elm, texnologiya v\u0259 innovasiya z\u0259rur\u0259t\u0259 \u00e7evrilib: \u201cElm v\u0259 gender b\u0259rab\u0259rliyi \u201cDavaml\u0131 \u0130nki\u015faf \u00fczr\u0259 2030 G\u00fcnd\u0259liyi\u201d daxil olmaqla, beyn\u0259lxalq inki\u015faf m\u0259qs\u0259dl\u0259rin\u0259 nail olunmas\u0131 \u00fc\u00e7\u00fcn m\u00fch\u00fcm \u0259h\u0259miyy\u0259t\u0259 malikdir. ICESCO-nun 2021-ci ili \u201cQad\u0131nlar ili\u201d elan etm\u0259si yaln\u0131z t\u0259\u015fkilat t\u0259r\u0259find\u0259n qad\u0131nlar\u0131n c\u0259miyy\u0259tid\u0259ki roluna veril\u0259n \u0259h\u0259miyy\u0259tin t\u0259zah\u00fcr\u00fc deyil, h\u0259m d\u0259 qad\u0131nlar\u0131n daha firavan v\u0259 t\u0259hl\u00fck\u0259siz d\u00fcnya namin\u0259 misilsiz t\u00f6hf\u0259sinin t\u0259sdiqir. Biz bu g\u00fcn COVID-19 il\u0259 m\u00fcbariz\u0259nin \u00f6n c\u0259bh\u0259sind\u0259 dayanan qad\u0131n alim, h\u0259kim v\u0259 s\u0259hiyy\u0259 i\u015f\u00e7il\u0259rin\u0259 ehtiram\u0131m\u0131z\u0131 ifad\u0259 etm\u0259liyik. Biz test \u00fcsullar\u0131n\u0131n t\u0259kmill\u0259\u015fdirilm\u0259sind\u0259n tutmu\u015f vaksinl\u0259rin haz\u0131rlanmas\u0131na q\u0259d\u0259r COVID-19 il\u0259 m\u00fcbariz\u0259nin m\u00fcxt\u0259lif m\u0259rh\u0259l\u0259l\u0259rind\u0259 h\u0259lledici rol oynayan t\u0259dqiqat\u00e7\u0131 qad\u0131nlar\u0131m\u0131zla f\u0259r\u0259hl\u0259n\u0259 bil\u0259rik.\u201d<\/p>\n<p>T.C\u0259f\u0259rova vur\u011fulay\u0131b ki, Az\u0259rbaycan\u0131n Birinci vitse-prezidenti Mehriban xan\u0131m \u018fliyeva \u00f6lk\u0259mizi konfrans i\u015ftirak\u00e7\u0131lar\u0131na m\u00fcs\u0259lman d\u00fcnyas\u0131n\u0131n d\u00fcnyada bir \u00e7ox \u201cilkl\u0259r\u0259\u201d imza atan d\u00f6vl\u0259 kimi \u00a0t\u0259qdim edib: \u201cM\u0259n yaln\u0131z onunla f\u0259xr etmir\u0259m ki, d\u00fcnyada ilk d\u0259f\u0259, &#8211; bir \u0259srd\u0259n \u00f6nc\u0259, &#8211; s\u0259naye \u00fcsulu il\u0259 neft quyusunun qaz\u0131ld\u0131\u011f\u0131, \u015e\u0259rqd\u0259 ilk operan\u0131n a\u00e7\u0131ld\u0131\u011f\u0131 v\u0259 \u0259n vacib olan, m\u00fcs\u0259lman d\u00fcnyas\u0131nda ilk demokratik respublikan\u0131n yaranmas\u0131na g\u00f6r\u0259 tan\u0131nan \u00f6lk\u0259d\u0259n\u0259m. Az\u0259rbaycan h\u0259m d\u0259 1918-ci ild\u0259 qad\u0131nlara se\u00e7m\u0259k v\u0259 se\u00e7ilm\u0259k h\u00fcququnu ver\u0259n ilk \u00f6lk\u0259l\u0259rd\u0259n biri olaraq tarix\u0259 d\u00fc\u015fm\u00fc\u015fd\u00fcr. Q\u0131zlar\u0131n t\u0259hsilin\u0259 g\u0259ldikd\u0259 is\u0259, m\u00fcs\u0259lman \u015e\u0259rqind\u0259 ilk d\u00fcny\u0259vi q\u0131zlar m\u0259kt\u0259bi az\u0259rbaycanl\u0131 xeyriyy\u0259\u00e7i Zeynalabdin Ta\u011f\u0131yev t\u0259r\u0259find\u0259n 1901-ci ild\u0259 m\u0259nim do\u011fuldu\u011fum Bak\u0131 \u015f\u0259h\u0259rind\u0259 yarad\u0131lm\u0131\u015fd\u0131r. Mehriban \u018fliyevan\u0131n Az\u0259rbaycan qad\u0131nlar\u0131n\u0131n elm sah\u0259sind\u0259ki u\u011furlar\u0131 haqq\u0131nda verdiyi m\u0259lumatlar ICESCO-nun \u00fczv \u00f6lk\u0259l\u0259ri \u00fc\u00e7\u00fcn n\u00fcmun\u0259 bax\u0131m\u0131ndan b\u00f6y\u00fck \u0259h\u0259miyy\u0259t\u0259 malikdir. Bu g\u00fcn Az\u0259rbaycanda savadl\u0131l\u0131q s\u0259viyy\u0259si 100 faiz\u0259 yax\u0131nd\u0131r. Qad\u0131nlar \u00f6lk\u0259mizd\u0259 ali t\u0259hsil ocaqlar\u0131nda magistrl\u0259rin 54 faizini, f\u0259ls\u0259f\u0259 doktorlar\u0131n\u0131n 51 faizini, elml\u0259r doktoru d\u0259r\u0259c\u0259sin\u0259 malik olanlar\u0131n 46 faizini v\u0259 elmi t\u0259dqiqat\u00e7\u0131lar\u0131n 56 faizini t\u0259\u015fkil edir. Az\u0259rbaycan Milli Elml\u0259r Akademiyas\u0131n\u0131n \u00fcmumi kollektivinin 59 faizi qad\u0131nlardan ibar\u0259tdir. S\u00fcr\u0259tl\u0259 d\u0259yi\u015f\u0259n d\u00fcnyam\u0131zda q\u0131zlar\u0131n t\u0259hsili v\u0259 onlar\u0131n elm sah\u0259sind\u0259 i\u015ftirak\u0131 yeni \u00e7a\u011f\u0131r\u0131\u015flara m\u00fcvafiq olmal\u0131d\u0131r. D\u00fcnyada elm, texnologiya, m\u00fch\u0259ndislik v\u0259 riyaziyyat f\u0259nl\u0259ri \u00fczr\u0259 t\u0259hsil alanlar\u0131n 35 faizi q\u0131zlard\u0131r. Az\u0259rbaycanda bu r\u0259q\u0259m 40 faizdir, y\u0259ni orta d\u00fcnya g\u00f6st\u0259ricisind\u0259n art\u0131qd\u0131r.\u201d<\/p>\n<p>Deputat onu da qeyd edib ki, bir \u00e7ox az\u0259rbaycanl\u0131 qad\u0131n\u0131n elm\u0259 b\u00f6y\u00fck t\u00f6hf\u0259l\u0259r verdiyini v\u0259 onlar\u0131n elm sah\u0259si il\u0259 m\u0259\u015f\u011ful olan q\u0131zlar v\u0259 g\u0259nc xan\u0131mlar \u00fc\u00e7\u00fcn \u0259sl ilham m\u0259nb\u0259yi oldu\u011funu qeyd etm\u0259kl\u0259 yana\u015f\u0131 Mehriban \u018fliyeva t\u00f6vsiyy\u0259l\u0259r d\u0259 verib: \u201cBu g\u00fcn \u0259n vacib m\u0259s\u0259l\u0259 q\u0131zlar v\u0259 g\u0259nc xan\u0131mlar\u0131n i\u015ftirak s\u0259viyy\u0259sinin yax\u015f\u0131la\u015fd\u0131r\u0131lmas\u0131 \u00fc\u00e7\u00fcn m\u00fcnbit \u015f\u0259raitin yarad\u0131lmas\u0131n\u0131n davam etdirilm\u0259si v\u0259 elm sah\u0259sind\u0259 gender bo\u015flu\u011funun doldurulmas\u0131d\u0131r. Elm, texnologiya v\u0259 innovasiyan\u0131n d\u00fcnyada c\u0259miyy\u0259tl\u0259rin sosial-iqtisadi inki\u015faf\u0131n\u0131n apar\u0131c\u0131 q\u00fcvv\u0259si oldu\u011funu vur\u011fulayan Mehriban xan\u0131m \u018fliyeva,\u00a0 ICESCO-nun xo\u015fm\u0259raml\u0131 s\u0259firi qismind\u0259,\u00a0 b\u00fct\u00fcn \u00fczv d\u00f6vl\u0259tl\u0259r\u0259 bu sah\u0259l\u0259r\u0259 daha \u00e7ox s\u0259rmay\u0259 yat\u0131rma\u011fa, habel\u0259 z\u0259ruri siyas\u0259t v\u0259 birg\u0259 f\u0259aliyy\u0259t planlar\u0131 i\u015fl\u0259yib haz\u0131rlama\u011fa dair \u00e7a\u011f\u0131r\u0131\u015f etmi\u015fdir: \u00a0\u201cBiz qad\u0131nlar v\u0259 q\u0131zlar\u0131n sabah\u0131n \u0259m\u0259k bazar\u0131na laz\u0131mi bacar\u0131qlara yiy\u0259l\u0259nm\u0259l\u0259ri \u00fc\u00e7\u00fcn innovativ maliyy\u0259 mexanizml\u0259ri yaratmal\u0131y\u0131q. Az\u0259rbaycan bu m\u0259nada \u00f6z t\u00f6hf\u0259sini verm\u0259y\u0259 haz\u0131rd\u0131r\u201d. Az\u0259rbaycan Respublikas\u0131n\u0131n Birinci vitse-prezidenti Mehriban xan\u0131m \u018fliyevan\u0131n konfransda az\u0259rbaycanl\u0131 qad\u0131n v\u0259 q\u0131zlar\u0131n elm sah\u0259sind\u0259 \u0259ld\u0259 etdiyi u\u011furlar haqq\u0131nda verdiyi m\u0259lumatlar, etdiyi \u00e7a\u011fr\u0131\u015flar, verdiyi t\u00f6vsiyy\u0259l\u0259r m\u00fcs\u0259lman \u00f6lk\u0259l\u0259rind\u0259 qad\u0131n v\u0259 q\u0131zlar\u0131n elmd\u0259 inki\u015faf\u0131na b\u00f6y\u00fck d\u0259st\u0259k olacaqd\u0131r. Xat\u0131rlatmaq ist\u0259rdim ki, BMT Ba\u015f Assambleyas\u0131n\u0131n 2015-ci il dekabr\u0131n 22-d\u0259 q\u0259bul etdiyi q\u0259tnam\u0259 il\u0259 fevral\u0131n 11-i Beyn\u0259lxalq Qad\u0131n v\u0259 Q\u0131zlar\u0131n Elmd\u0259 \u0130\u015ftirak\u0131 G\u00fcn\u00fc elan edilib.\u201d<\/p>\n","protected":false},"excerpt":{"rendered":"<p>\u201cFevral ay\u0131n\u0131n 11-d\u0259 Az\u0259rbaycan Respublikas\u0131n\u0131n Birinci vitse-prezidenti, Heyd\u0259r \u018fliyev Fondunun prezidenti, UNESCO v\u0259\u00a0 ICESCO-nun xo\u015fm\u0259raml\u0131 s\u0259firi Mehriban xan\u0131m \u018fliyeva ICESCO t\u0259r\u0259find\u0259n elan olunan \u201cQad\u0131nlar ili\u201d \u00e7\u0259r\u00e7iv\u0259sind\u0259 \u201cQad\u0131nlar v\u0259 q\u0131zlar elmd\u0259\u201d Beyn\u0259lxalq G\u00fcn\u00fc m\u00fcnasib\u0259til\u0259 videokonfrans format\u0131nda ke\u00e7iril\u0259n t\u0259dbird\u0259 \u00e7\u0131x\u0131\u015f edib. Mehriban \u018fliyeva bu konfransa d\u0259v\u0259ti olunmas\u0131n\u0131 bel\u0259 d\u0259y\u0259rl\u0259ndirmi\u015fdir: \u201cM\u0259n bu d\u0259v\u0259ti bizim qad\u0131nlar\u0131n t\u0259hsil v\u0259 elmd\u0259 i\u015ftirak\u0131n\u0131n inki\u015faf\u0131 il\u0259 ba\u011fl\u0131 siyas\u0259timizin y\u00fcks\u0259k qiym\u0259tl\u0259ndirilm\u0259sinin t\u0259zah\u00fcr\u00fc hesab edir\u0259m\u201d. D\u00fc\u015f\u00fcn\u00fcr\u0259m ki, Mehriban xan\u0131m \u018fliyevan\u0131n bu m\u00f6t\u0259b\u0259r konfransa d\u0259v\u0259tinin daha \u0259sasl\u0131, k\u00f6kl\u00fc s\u0259b\u0259bl\u0259ri vard\u0131r. Az\u0259rbaycan qad\u0131n\u0131n\u0131 d\u00fcnyada \u0259n y\u00fcks\u0259k s\u0259viyy\u0259d\u0259 t\u0259msil ed\u0259n Mehriban xan\u0131m \u018fliyevan\u0131n&hellip;<\/p>\n","protected":false},"author":2,"featured_media":292343,"comment_status":"closed","ping_status":"closed","sticky":false,"template":"","format":"standard","meta":{"om_disable_all_campaigns":false,"_monsterinsights_skip_tracking":false,"_monsterinsights_sitenote_active":false,"_monsterinsights_sitenote_note":"","_monsterinsights_sitenote_category":0},"categories":[4],"tags":[],"aioseo_notices":[],"gutentor_comment":0,"rttpg_featured_image_url":{"full":["https:\/\/arantv.az\/wp-content\/uploads\/2021\/02\/8ede06ec160335672781498477410882938.jpg",975,540,false],"landscape":["https:\/\/arantv.az\/wp-content\/uploads\/2021\/02\/8ede06ec160335672781498477410882938.jpg",975,540,false],"portraits":["https:\/\/arantv.az\/wp-content\/uploads\/2021\/02\/8ede06ec160335672781498477410882938.jpg",975,540,false],"thumbnail":["https:\/\/arantv.az\/wp-content\/uploads\/2021\/02\/8ede06ec160335672781498477410882938-150x150.jpg",150,150,true],"medium":["https:\/\/arantv.az\/wp-content\/uploads\/2021\/02\/8ede06ec160335672781498477410882938-300x166.jpg",300,166,true],"large":["https:\/\/arantv.az\/wp-content\/uploads\/2021\/02\/8ede06ec160335672781498477410882938.jpg",640,354,false],"1536x1536":["https:\/\/arantv.az\/wp-content\/uploads\/2021\/02\/8ede06ec160335672781498477410882938.jpg",975,540,false],"2048x2048":["https:\/\/arantv.az\/wp-content\/uploads\/2021\/02\/8ede06ec160335672781498477410882938.jpg",975,540,false],"post-thumbnail":["https:\/\/arantv.az\/wp-content\/uploads\/2021\/02\/8ede06ec160335672781498477410882938-240x172.jpg",240,172,true],"advps-thumb-one":["https:\/\/arantv.az\/wp-content\/uploads\/2021\/02\/8ede06ec160335672781498477410882938.jpg",975,540,false]},"rttpg_author":{"display_name":"V\u00fcsal Rafiqo\u011flu","author_link":"https:\/\/arantv.az\/?author=2"},"rttpg_comment":0,"rttpg_category":"<a href=\"https:\/\/arantv.az\/?cat=4\" rel=\"category\">Siyas\u0259t<\/a>","rttpg_excerpt":"\u201cFevral ay\u0131n\u0131n 11-d\u0259 Az\u0259rbaycan Respublikas\u0131n\u0131n Birinci vitse-prezidenti, Heyd\u0259r \u018fliyev Fondunun prezidenti, UNESCO v\u0259\u00a0 ICESCO-nun xo\u015fm\u0259raml\u0131 s\u0259firi Mehriban xan\u0131m \u018fliyeva ICESCO t\u0259r\u0259find\u0259n elan olunan \u201cQad\u0131nlar ili\u201d \u00e7\u0259r\u00e7iv\u0259sind\u0259 \u201cQad\u0131nlar v\u0259 q\u0131zlar elmd\u0259\u201d Beyn\u0259lxalq G\u00fcn\u00fc m\u00fcnasib\u0259til\u0259 videokonfrans format\u0131nda ke\u00e7iril\u0259n t\u0259dbird\u0259 \u00e7\u0131x\u0131\u015f edib. Mehriban \u018fliyeva bu konfransa d\u0259v\u0259ti olunmas\u0131n\u0131 bel\u0259 d\u0259y\u0259rl\u0259ndirmi\u015fdir: \u201cM\u0259n bu d\u0259v\u0259ti bizim qad\u0131nlar\u0131n t\u0259hsil v\u0259 elmd\u0259&hellip;","_links":{"self":[{"href":"https:\/\/arantv.az\/index.php?rest_route=\/wp\/v2\/posts\/292340"}],"collection":[{"href":"https:\/\/arantv.az\/index.php?rest_route=\/wp\/v2\/posts"}],"about":[{"href":"https:\/\/arantv.az\/index.php?rest_route=\/wp\/v2\/types\/post"}],"author":[{"embeddable":true,"href":"https:\/\/arantv.az\/index.php?rest_route=\/wp\/v2\/users\/2"}],"replies":[{"embeddable":true,"href":"https:\/\/arantv.az\/index.php?rest_route=%2Fwp%2Fv2%2Fcomments&post=292340"}],"version-history":[{"count":0,"href":"https:\/\/arantv.az\/index.php?rest_route=\/wp\/v2\/posts\/292340\/revisions"}],"wp:featuredmedia":[{"embeddable":true,"href":"https:\/\/arantv.az\/index.php?rest_route=\/wp\/v2\/media\/292343"}],"wp:attachment":[{"href":"https:\/\/arantv.az\/index.php?rest_route=%2Fwp%2Fv2%2Fmedia&parent=292340"}],"wp:term":[{"taxonomy":"category","embeddable":true,"href":"https:\/\/arantv.az\/index.php?rest_route=%2Fwp%2Fv2%2Fcategories&post=292340"},{"taxonomy":"post_tag","embeddable":true,"href":"https:\/\/arantv.az\/index.php?rest_route=%2Fwp%2Fv2%2Ftags&post=292340"}],"curies":[{"name":"wp","href":"https:\/\/api.w.org\/{rel}","templated":true}]}}