{"id":292357,"date":"2021-02-12T15:37:08","date_gmt":"2021-02-12T12:37:08","guid":{"rendered":"http:\/\/arantv.az\/?p=292357"},"modified":"2021-02-12T15:37:08","modified_gmt":"2021-02-12T12:37:08","slug":"gurcustanda-yasayan-soydaslarimizin-durumu-muzakir%c9%99-olundu","status":"publish","type":"post","link":"https:\/\/arantv.az\/?p=292357","title":{"rendered":"G\u00fcrc\u00fcstanda ya\u015fayan soyda\u015flar\u0131m\u0131z\u0131n durumu m\u00fczakir\u0259 olundu"},"content":{"rendered":"<p>Bu g\u00fcn &#8220;SOYDA\u015e&#8221; \u0130ctimai Birliyinin \u0130dar\u0259 hey\u0259tinin s\u0259dri Kamran Ramazanl\u0131, \u0130dar\u0259 hey\u0259tinin \u00fczvl\u0259ri Polad Mehdi v\u0259 Namiq Veys\u0259lin i\u015ftirak\u0131 il\u0259 Az\u0259rbaycan Respublikas\u0131n\u0131n Diasporla \u0130\u015f \u00fczr\u0259 D\u00f6vl\u0259t Komit\u0259sinin \u015f\u00f6b\u0259 m\u00fcdiri V\u00fcsal M\u0259mm\u0259dov v\u0259 sektor m\u00fcdiri Zaur Ramazanovla birg\u0259 g\u00f6r\u00fc\u015f ke\u00e7irildi.<\/p>\n<p><strong>ARANTV.AZ<\/strong>\u00a0 bildirir ki, g\u00f6r\u00fc\u015fd\u0259 G\u00fcrc\u00fcstanda ya\u015fayan soyda\u015flar\u0131m\u0131z\u0131n durumu, o c\u00fcml\u0259d\u0259n t\u0259hsill\u0259 ba\u011fl\u0131 qar\u015f\u0131la\u015fd\u0131qlar\u0131 probleml\u0259r m\u00fczakir\u0259 olundu, bu sah\u0259d\u0259 m\u00fcxt\u0259lif layih\u0259l\u0259rin ke\u00e7irilm\u0259si haqq\u0131nda fikirl\u0259r s\u0259sl\u0259ndirildi.<\/p>\n","protected":false},"excerpt":{"rendered":"<p>Bu g\u00fcn &#8220;SOYDA\u015e&#8221; \u0130ctimai Birliyinin \u0130dar\u0259 hey\u0259tinin s\u0259dri Kamran Ramazanl\u0131, \u0130dar\u0259 hey\u0259tinin \u00fczvl\u0259ri Polad Mehdi v\u0259 Namiq Veys\u0259lin i\u015ftirak\u0131 il\u0259 Az\u0259rbaycan Respublikas\u0131n\u0131n Diasporla \u0130\u015f \u00fczr\u0259 D\u00f6vl\u0259t Komit\u0259sinin \u015f\u00f6b\u0259 m\u00fcdiri V\u00fcsal M\u0259mm\u0259dov v\u0259 sektor m\u00fcdiri Zaur Ramazanovla birg\u0259 g\u00f6r\u00fc\u015f ke\u00e7irildi. ARANTV.AZ\u00a0 bildirir ki, g\u00f6r\u00fc\u015fd\u0259 G\u00fcrc\u00fcstanda ya\u015fayan soyda\u015flar\u0131m\u0131z\u0131n durumu, o c\u00fcml\u0259d\u0259n t\u0259hsill\u0259 ba\u011fl\u0131 qar\u015f\u0131la\u015fd\u0131qlar\u0131 probleml\u0259r m\u00fczakir\u0259 olundu, bu sah\u0259d\u0259 m\u00fcxt\u0259lif layih\u0259l\u0259rin ke\u00e7irilm\u0259si haqq\u0131nda fikirl\u0259r s\u0259sl\u0259ndirildi.<\/p>\n","protected":false},"author":2,"featured_media":292358,"comment_status":"closed","ping_status":"closed","sticky":false,"template":"","format":"standard","meta":{"om_disable_all_campaigns":false,"_monsterinsights_skip_tracking":false,"_monsterinsights_sitenote_active":false,"_monsterinsights_sitenote_note":"","_monsterinsights_sitenote_category":0},"categories":[26],"tags":[],"aioseo_notices":[],"gutentor_comment":0,"rttpg_featured_image_url":{"full":["https:\/\/arantv.az\/wp-content\/uploads\/2021\/02\/921938.jpg",800,600,false],"landscape":["https:\/\/arantv.az\/wp-content\/uploads\/2021\/02\/921938.jpg",800,600,false],"portraits":["https:\/\/arantv.az\/wp-content\/uploads\/2021\/02\/921938.jpg",800,600,false],"thumbnail":["https:\/\/arantv.az\/wp-content\/uploads\/2021\/02\/921938-150x150.jpg",150,150,true],"medium":["https:\/\/arantv.az\/wp-content\/uploads\/2021\/02\/921938-300x225.jpg",300,225,true],"large":["https:\/\/arantv.az\/wp-content\/uploads\/2021\/02\/921938.jpg",640,480,false],"1536x1536":["https:\/\/arantv.az\/wp-content\/uploads\/2021\/02\/921938.jpg",800,600,false],"2048x2048":["https:\/\/arantv.az\/wp-content\/uploads\/2021\/02\/921938.jpg",800,600,false],"post-thumbnail":["https:\/\/arantv.az\/wp-content\/uploads\/2021\/02\/921938-240x172.jpg",240,172,true],"advps-thumb-one":["https:\/\/arantv.az\/wp-content\/uploads\/2021\/02\/921938.jpg",800,600,false]},"rttpg_author":{"display_name":"V\u00fcsal Rafiqo\u011flu","author_link":"https:\/\/arantv.az\/?author=2"},"rttpg_comment":0,"rttpg_category":"<a href=\"https:\/\/arantv.az\/?cat=26\" rel=\"category\">Sosial<\/a>","rttpg_excerpt":"Bu g\u00fcn &#8220;SOYDA\u015e&#8221; \u0130ctimai Birliyinin \u0130dar\u0259 hey\u0259tinin s\u0259dri Kamran Ramazanl\u0131, \u0130dar\u0259 hey\u0259tinin \u00fczvl\u0259ri Polad Mehdi v\u0259 Namiq Veys\u0259lin i\u015ftirak\u0131 il\u0259 Az\u0259rbaycan Respublikas\u0131n\u0131n Diasporla \u0130\u015f \u00fczr\u0259 D\u00f6vl\u0259t Komit\u0259sinin \u015f\u00f6b\u0259 m\u00fcdiri V\u00fcsal M\u0259mm\u0259dov v\u0259 sektor m\u00fcdiri Zaur Ramazanovla birg\u0259 g\u00f6r\u00fc\u015f ke\u00e7irildi. ARANTV.AZ\u00a0 bildirir ki, g\u00f6r\u00fc\u015fd\u0259 G\u00fcrc\u00fcstanda ya\u015fayan soyda\u015flar\u0131m\u0131z\u0131n durumu, o c\u00fcml\u0259d\u0259n t\u0259hsill\u0259 ba\u011fl\u0131 qar\u015f\u0131la\u015fd\u0131qlar\u0131 probleml\u0259r m\u00fczakir\u0259 olundu,&hellip;","_links":{"self":[{"href":"https:\/\/arantv.az\/index.php?rest_route=\/wp\/v2\/posts\/292357"}],"collection":[{"href":"https:\/\/arantv.az\/index.php?rest_route=\/wp\/v2\/posts"}],"about":[{"href":"https:\/\/arantv.az\/index.php?rest_route=\/wp\/v2\/types\/post"}],"author":[{"embeddable":true,"href":"https:\/\/arantv.az\/index.php?rest_route=\/wp\/v2\/users\/2"}],"replies":[{"embeddable":true,"href":"https:\/\/arantv.az\/index.php?rest_route=%2Fwp%2Fv2%2Fcomments&post=292357"}],"version-history":[{"count":0,"href":"https:\/\/arantv.az\/index.php?rest_route=\/wp\/v2\/posts\/292357\/revisions"}],"wp:featuredmedia":[{"embeddable":true,"href":"https:\/\/arantv.az\/index.php?rest_route=\/wp\/v2\/media\/292358"}],"wp:attachment":[{"href":"https:\/\/arantv.az\/index.php?rest_route=%2Fwp%2Fv2%2Fmedia&parent=292357"}],"wp:term":[{"taxonomy":"category","embeddable":true,"href":"https:\/\/arantv.az\/index.php?rest_route=%2Fwp%2Fv2%2Fcategories&post=292357"},{"taxonomy":"post_tag","embeddable":true,"href":"https:\/\/arantv.az\/index.php?rest_route=%2Fwp%2Fv2%2Ftags&post=292357"}],"curies":[{"name":"wp","href":"https:\/\/api.w.org\/{rel}","templated":true}]}}