{"id":292361,"date":"2021-02-12T15:37:55","date_gmt":"2021-02-12T12:37:55","guid":{"rendered":"http:\/\/arantv.az\/?p=292361"},"modified":"2021-02-12T15:37:55","modified_gmt":"2021-02-12T12:37:55","slug":"s%c9%99rurun-d%c9%99mirci-k%c9%99ndi-s%c9%99d%c9%99r%c9%99k-rayonunun-%c9%99razisin%c9%99-verilir","status":"publish","type":"post","link":"https:\/\/arantv.az\/?p=292361","title":{"rendered":"\u015e\u0259rurun D\u0259mir\u00e7i k\u0259ndi S\u0259d\u0259r\u0259k rayonunun \u0259razisin\u0259 verilir"},"content":{"rendered":"<p>&#8220;Nax\u00e7\u0131van Muxtar Respublikas\u0131n\u0131n \u015e\u0259rur v\u0259 S\u0259d\u0259r\u0259k rayonlar\u0131n\u0131n inzibati \u0259razi b\u00f6lg\u00fcs\u00fcnd\u0259 qism\u0259n d\u0259yi\u015fiklikl\u0259r edilm\u0259si haqq\u0131nda&#8221; qanun layih\u0259si Milli M\u0259clisd\u0259 m\u00fczakir\u0259y\u0259 \u00e7\u0131xar\u0131lacaq.<\/p>\n<p><strong>ARANTV.AZ<\/strong>\u00a0\u00a0<a href=\"https:\/\/az.trend.az\/\" target=\"_blank\" rel=\"noopener\">Trend<\/a>-\u0259 istinad\u0259n bildirir ki,\u00a0layih\u0259y\u0259 \u0259sas\u0259n \u015e\u0259rur rayonun inzibati \u0259razi b\u00f6lg\u00fcs\u00fcnd\u0259 olan D\u0259mir\u00e7i k\u0259nd inzibati \u0259razi dair\u0259sind\u0259ki D\u0259mir\u00e7i k\u0259ndi S\u0259d\u0259r\u0259k rayonunun inzibati \u0259razi b\u00f6lg\u00fcs\u00fcn\u0259 daxil edilir.<\/p>\n","protected":false},"excerpt":{"rendered":"<p>&#8220;Nax\u00e7\u0131van Muxtar Respublikas\u0131n\u0131n \u015e\u0259rur v\u0259 S\u0259d\u0259r\u0259k rayonlar\u0131n\u0131n inzibati \u0259razi b\u00f6lg\u00fcs\u00fcnd\u0259 qism\u0259n d\u0259yi\u015fiklikl\u0259r edilm\u0259si haqq\u0131nda&#8221; qanun layih\u0259si Milli M\u0259clisd\u0259 m\u00fczakir\u0259y\u0259 \u00e7\u0131xar\u0131lacaq. ARANTV.AZ\u00a0\u00a0Trend-\u0259 istinad\u0259n bildirir ki,\u00a0layih\u0259y\u0259 \u0259sas\u0259n \u015e\u0259rur rayonun inzibati \u0259razi b\u00f6lg\u00fcs\u00fcnd\u0259 olan D\u0259mir\u00e7i k\u0259nd inzibati \u0259razi dair\u0259sind\u0259ki D\u0259mir\u00e7i k\u0259ndi S\u0259d\u0259r\u0259k rayonunun inzibati \u0259razi b\u00f6lg\u00fcs\u00fcn\u0259 daxil edilir.<\/p>\n","protected":false},"author":2,"featured_media":292363,"comment_status":"closed","ping_status":"closed","sticky":false,"template":"","format":"standard","meta":{"om_disable_all_campaigns":false,"_monsterinsights_skip_tracking":false,"_monsterinsights_sitenote_active":false,"_monsterinsights_sitenote_note":"","_monsterinsights_sitenote_category":0},"categories":[4],"tags":[],"aioseo_notices":[],"gutentor_comment":0,"rttpg_featured_image_url":{"full":["https:\/\/arantv.az\/wp-content\/uploads\/2021\/02\/milli_meclis_0964-2.jpg",800,600,false],"landscape":["https:\/\/arantv.az\/wp-content\/uploads\/2021\/02\/milli_meclis_0964-2.jpg",800,600,false],"portraits":["https:\/\/arantv.az\/wp-content\/uploads\/2021\/02\/milli_meclis_0964-2.jpg",800,600,false],"thumbnail":["https:\/\/arantv.az\/wp-content\/uploads\/2021\/02\/milli_meclis_0964-2-150x150.jpg",150,150,true],"medium":["https:\/\/arantv.az\/wp-content\/uploads\/2021\/02\/milli_meclis_0964-2-300x225.jpg",300,225,true],"large":["https:\/\/arantv.az\/wp-content\/uploads\/2021\/02\/milli_meclis_0964-2.jpg",640,480,false],"1536x1536":["https:\/\/arantv.az\/wp-content\/uploads\/2021\/02\/milli_meclis_0964-2.jpg",800,600,false],"2048x2048":["https:\/\/arantv.az\/wp-content\/uploads\/2021\/02\/milli_meclis_0964-2.jpg",800,600,false],"post-thumbnail":["https:\/\/arantv.az\/wp-content\/uploads\/2021\/02\/milli_meclis_0964-2-240x172.jpg",240,172,true],"advps-thumb-one":["https:\/\/arantv.az\/wp-content\/uploads\/2021\/02\/milli_meclis_0964-2.jpg",800,600,false]},"rttpg_author":{"display_name":"V\u00fcsal Rafiqo\u011flu","author_link":"https:\/\/arantv.az\/?author=2"},"rttpg_comment":0,"rttpg_category":"<a href=\"https:\/\/arantv.az\/?cat=4\" rel=\"category\">Siyas\u0259t<\/a>","rttpg_excerpt":"&#8220;Nax\u00e7\u0131van Muxtar Respublikas\u0131n\u0131n \u015e\u0259rur v\u0259 S\u0259d\u0259r\u0259k rayonlar\u0131n\u0131n inzibati \u0259razi b\u00f6lg\u00fcs\u00fcnd\u0259 qism\u0259n d\u0259yi\u015fiklikl\u0259r edilm\u0259si haqq\u0131nda&#8221; qanun layih\u0259si Milli M\u0259clisd\u0259 m\u00fczakir\u0259y\u0259 \u00e7\u0131xar\u0131lacaq. ARANTV.AZ\u00a0\u00a0Trend-\u0259 istinad\u0259n bildirir ki,\u00a0layih\u0259y\u0259 \u0259sas\u0259n \u015e\u0259rur rayonun inzibati \u0259razi b\u00f6lg\u00fcs\u00fcnd\u0259 olan D\u0259mir\u00e7i k\u0259nd inzibati \u0259razi dair\u0259sind\u0259ki D\u0259mir\u00e7i k\u0259ndi S\u0259d\u0259r\u0259k rayonunun inzibati \u0259razi b\u00f6lg\u00fcs\u00fcn\u0259 daxil edilir.","_links":{"self":[{"href":"https:\/\/arantv.az\/index.php?rest_route=\/wp\/v2\/posts\/292361"}],"collection":[{"href":"https:\/\/arantv.az\/index.php?rest_route=\/wp\/v2\/posts"}],"about":[{"href":"https:\/\/arantv.az\/index.php?rest_route=\/wp\/v2\/types\/post"}],"author":[{"embeddable":true,"href":"https:\/\/arantv.az\/index.php?rest_route=\/wp\/v2\/users\/2"}],"replies":[{"embeddable":true,"href":"https:\/\/arantv.az\/index.php?rest_route=%2Fwp%2Fv2%2Fcomments&post=292361"}],"version-history":[{"count":0,"href":"https:\/\/arantv.az\/index.php?rest_route=\/wp\/v2\/posts\/292361\/revisions"}],"wp:featuredmedia":[{"embeddable":true,"href":"https:\/\/arantv.az\/index.php?rest_route=\/wp\/v2\/media\/292363"}],"wp:attachment":[{"href":"https:\/\/arantv.az\/index.php?rest_route=%2Fwp%2Fv2%2Fmedia&parent=292361"}],"wp:term":[{"taxonomy":"category","embeddable":true,"href":"https:\/\/arantv.az\/index.php?rest_route=%2Fwp%2Fv2%2Fcategories&post=292361"},{"taxonomy":"post_tag","embeddable":true,"href":"https:\/\/arantv.az\/index.php?rest_route=%2Fwp%2Fv2%2Ftags&post=292361"}],"curies":[{"name":"wp","href":"https:\/\/api.w.org\/{rel}","templated":true}]}}