{"id":292366,"date":"2021-02-12T15:39:35","date_gmt":"2021-02-12T12:39:35","guid":{"rendered":"http:\/\/arantv.az\/?p=292366"},"modified":"2021-02-12T15:39:35","modified_gmt":"2021-02-12T12:39:35","slug":"iqtisadi-suranin-f%c9%99aliyy%c9%99t-istiqam%c9%99tl%c9%99ri-mu%c9%99yy%c9%99nl%c9%99sib","status":"publish","type":"post","link":"https:\/\/arantv.az\/?p=292366","title":{"rendered":"\u0130qtisadi \u015euran\u0131n f\u0259aliyy\u0259t istiqam\u0259tl\u0259ri m\u00fc\u0259yy\u0259nl\u0259\u015fib"},"content":{"rendered":"<p><strong>Az\u0259rbaycan Respublikas\u0131n\u0131n \u0130qtisadi \u015euras\u0131n\u0131n f\u0259aliyy\u0259t istiqam\u0259tl\u0259ri m\u00fc\u0259yy\u0259nl\u0259\u015fib.<\/strong><\/p>\n<p><strong>ARANTV.AZ<\/strong>\u00a0<a href=\"http:\/\/azertag.az\/\" target=\"_blank\" rel=\"noopener\">AZ\u018fRTAC<\/a>-a istinad\u0259n bildirir ki,\u00a0Az\u0259rbaycan Respublikas\u0131n\u0131n \u0130qtisadi \u015euras\u0131 haqq\u0131nda \u018fSASNAM\u018fd\u0259 \u015euran\u0131n f\u0259aliyy\u0259t istiqam\u0259tl\u0259ti a\u015fa\u011f\u0131dak\u0131 kimi g\u00f6st\u0259rilir:<\/p>\n<p>&#8211; \u00f6lk\u0259d\u0259 sosial-iqtisadi inki\u015faf\u0131n \u00fcmumi strategiyas\u0131n\u0131n formala\u015fd\u0131r\u0131lmas\u0131na dair t\u0259klifl\u0259r haz\u0131rlamaq;<\/p>\n<p>&#8211; makroiqtisadi siyas\u0259t, makroiqtisadi v\u0259 maliyy\u0259 sabitliyi, ortam\u00fcdd\u0259tli x\u0259rcl\u0259r \u00e7\u0259r\u00e7iv\u0259sin\u0259 dair t\u00f6vsiy\u0259l\u0259r haz\u0131rlamaq;<\/p>\n<p>&#8211; iqtisadiyyatda struktur v\u0259 institusional islahatlar proqramlar\u0131n\u0131n haz\u0131rlanmas\u0131na dair t\u0259klifl\u0259r verm\u0259k;<\/p>\n<p>&#8211; iqtisadi sah\u0259d\u0259 normativ h\u00fcquqi aktlar\u0131n layih\u0259l\u0259rinin sosial-iqtisadi inki\u015faf strategiyas\u0131 bax\u0131m\u0131ndan ekspertizas\u0131n\u0131 ke\u00e7irm\u0259k.<\/p>\n","protected":false},"excerpt":{"rendered":"<p>Az\u0259rbaycan Respublikas\u0131n\u0131n \u0130qtisadi \u015euras\u0131n\u0131n f\u0259aliyy\u0259t istiqam\u0259tl\u0259ri m\u00fc\u0259yy\u0259nl\u0259\u015fib. ARANTV.AZ\u00a0AZ\u018fRTAC-a istinad\u0259n bildirir ki,\u00a0Az\u0259rbaycan Respublikas\u0131n\u0131n \u0130qtisadi \u015euras\u0131 haqq\u0131nda \u018fSASNAM\u018fd\u0259 \u015euran\u0131n f\u0259aliyy\u0259t istiqam\u0259tl\u0259ti a\u015fa\u011f\u0131dak\u0131 kimi g\u00f6st\u0259rilir: &#8211; \u00f6lk\u0259d\u0259 sosial-iqtisadi inki\u015faf\u0131n \u00fcmumi strategiyas\u0131n\u0131n formala\u015fd\u0131r\u0131lmas\u0131na dair t\u0259klifl\u0259r haz\u0131rlamaq; &#8211; makroiqtisadi siyas\u0259t, makroiqtisadi v\u0259 maliyy\u0259 sabitliyi, ortam\u00fcdd\u0259tli x\u0259rcl\u0259r \u00e7\u0259r\u00e7iv\u0259sin\u0259 dair t\u00f6vsiy\u0259l\u0259r haz\u0131rlamaq; &#8211; iqtisadiyyatda struktur v\u0259 institusional islahatlar proqramlar\u0131n\u0131n haz\u0131rlanmas\u0131na dair t\u0259klifl\u0259r verm\u0259k; &#8211; iqtisadi sah\u0259d\u0259 normativ h\u00fcquqi aktlar\u0131n layih\u0259l\u0259rinin sosial-iqtisadi inki\u015faf strategiyas\u0131 bax\u0131m\u0131ndan ekspertizas\u0131n\u0131 ke\u00e7irm\u0259k.<\/p>\n","protected":false},"author":2,"featured_media":292367,"comment_status":"closed","ping_status":"closed","sticky":false,"template":"","format":"standard","meta":{"om_disable_all_campaigns":false,"_monsterinsights_skip_tracking":false,"_monsterinsights_sitenote_active":false,"_monsterinsights_sitenote_note":"","_monsterinsights_sitenote_category":0},"categories":[19],"tags":[],"aioseo_notices":[],"gutentor_comment":0,"rttpg_featured_image_url":{"full":["https:\/\/arantv.az\/wp-content\/uploads\/2021\/02\/921937.jpg",660,440,false],"landscape":["https:\/\/arantv.az\/wp-content\/uploads\/2021\/02\/921937.jpg",660,440,false],"portraits":["https:\/\/arantv.az\/wp-content\/uploads\/2021\/02\/921937.jpg",660,440,false],"thumbnail":["https:\/\/arantv.az\/wp-content\/uploads\/2021\/02\/921937-150x150.jpg",150,150,true],"medium":["https:\/\/arantv.az\/wp-content\/uploads\/2021\/02\/921937-300x200.jpg",300,200,true],"large":["https:\/\/arantv.az\/wp-content\/uploads\/2021\/02\/921937.jpg",640,427,false],"1536x1536":["https:\/\/arantv.az\/wp-content\/uploads\/2021\/02\/921937.jpg",660,440,false],"2048x2048":["https:\/\/arantv.az\/wp-content\/uploads\/2021\/02\/921937.jpg",660,440,false],"post-thumbnail":["https:\/\/arantv.az\/wp-content\/uploads\/2021\/02\/921937-240x172.jpg",240,172,true],"advps-thumb-one":["https:\/\/arantv.az\/wp-content\/uploads\/2021\/02\/921937.jpg",660,440,false]},"rttpg_author":{"display_name":"V\u00fcsal Rafiqo\u011flu","author_link":"https:\/\/arantv.az\/?author=2"},"rttpg_comment":0,"rttpg_category":"<a href=\"https:\/\/arantv.az\/?cat=19\" rel=\"category\">G\u00fcnd\u0259m<\/a>","rttpg_excerpt":"Az\u0259rbaycan Respublikas\u0131n\u0131n \u0130qtisadi \u015euras\u0131n\u0131n f\u0259aliyy\u0259t istiqam\u0259tl\u0259ri m\u00fc\u0259yy\u0259nl\u0259\u015fib. ARANTV.AZ\u00a0AZ\u018fRTAC-a istinad\u0259n bildirir ki,\u00a0Az\u0259rbaycan Respublikas\u0131n\u0131n \u0130qtisadi \u015euras\u0131 haqq\u0131nda \u018fSASNAM\u018fd\u0259 \u015euran\u0131n f\u0259aliyy\u0259t istiqam\u0259tl\u0259ti a\u015fa\u011f\u0131dak\u0131 kimi g\u00f6st\u0259rilir: &#8211; \u00f6lk\u0259d\u0259 sosial-iqtisadi inki\u015faf\u0131n \u00fcmumi strategiyas\u0131n\u0131n formala\u015fd\u0131r\u0131lmas\u0131na dair t\u0259klifl\u0259r haz\u0131rlamaq; &#8211; makroiqtisadi siyas\u0259t, makroiqtisadi v\u0259 maliyy\u0259 sabitliyi, ortam\u00fcdd\u0259tli x\u0259rcl\u0259r \u00e7\u0259r\u00e7iv\u0259sin\u0259 dair t\u00f6vsiy\u0259l\u0259r haz\u0131rlamaq; &#8211; iqtisadiyyatda struktur v\u0259 institusional islahatlar proqramlar\u0131n\u0131n haz\u0131rlanmas\u0131na dair t\u0259klifl\u0259r&hellip;","_links":{"self":[{"href":"https:\/\/arantv.az\/index.php?rest_route=\/wp\/v2\/posts\/292366"}],"collection":[{"href":"https:\/\/arantv.az\/index.php?rest_route=\/wp\/v2\/posts"}],"about":[{"href":"https:\/\/arantv.az\/index.php?rest_route=\/wp\/v2\/types\/post"}],"author":[{"embeddable":true,"href":"https:\/\/arantv.az\/index.php?rest_route=\/wp\/v2\/users\/2"}],"replies":[{"embeddable":true,"href":"https:\/\/arantv.az\/index.php?rest_route=%2Fwp%2Fv2%2Fcomments&post=292366"}],"version-history":[{"count":0,"href":"https:\/\/arantv.az\/index.php?rest_route=\/wp\/v2\/posts\/292366\/revisions"}],"wp:featuredmedia":[{"embeddable":true,"href":"https:\/\/arantv.az\/index.php?rest_route=\/wp\/v2\/media\/292367"}],"wp:attachment":[{"href":"https:\/\/arantv.az\/index.php?rest_route=%2Fwp%2Fv2%2Fmedia&parent=292366"}],"wp:term":[{"taxonomy":"category","embeddable":true,"href":"https:\/\/arantv.az\/index.php?rest_route=%2Fwp%2Fv2%2Fcategories&post=292366"},{"taxonomy":"post_tag","embeddable":true,"href":"https:\/\/arantv.az\/index.php?rest_route=%2Fwp%2Fv2%2Ftags&post=292366"}],"curies":[{"name":"wp","href":"https:\/\/api.w.org\/{rel}","templated":true}]}}