{"id":292371,"date":"2021-02-12T15:40:16","date_gmt":"2021-02-12T12:40:16","guid":{"rendered":"http:\/\/arantv.az\/?p=292371"},"modified":"2021-02-12T15:40:16","modified_gmt":"2021-02-12T12:40:16","slug":"yerevanda-novb%c9%99ti-etiraz-aksiyasi-baslayib","status":"publish","type":"post","link":"https:\/\/arantv.az\/?p=292371","title":{"rendered":"Yerevanda n\u00f6vb\u0259ti etiraz aksiyas\u0131 ba\u015flay\u0131b"},"content":{"rendered":"<p>Yerevanda Erm\u0259nistan\u0131n ba\u015f naziri Nikol Pa\u015finyan\u0131n istefas\u0131 t\u0259l\u0259bi il\u0259 n\u00f6vb\u0259tii etiraz aksiyas\u0131 ba\u015flay\u0131b.<\/p>\n<p><strong>ARANTV.AZ\u00a0\u00a0<\/strong><a href=\"https:\/\/az.trend.az\/\" target=\"_blank\" rel=\"noopener\">Trend<\/a>-\u0259 istinad\u0259n bildirir ki,\u00a0aksiyan\u0131 vahid m\u00fcxalif\u0259t t\u0259\u015fkil edib.<\/p>\n<p>Aksiya Yerevan\u0131n m\u0259rk\u0259zind\u0259ki Azadl\u0131q meydan\u0131nda ke\u00e7irilir. Etiraz\u00e7\u0131lar N.Pa\u015finyan\u0131n d\u0259rhal v\u0259zif\u0259d\u0259n getm\u0259sini t\u0259l\u0259b edir.<\/p>\n<p>Aksiya t\u0259\u015fkilat\u00e7\u0131lar\u0131 fevral\u0131n 20-d\u0259 daha b\u00f6y\u00fck mitinqin t\u0259yin olundu\u011funu bildirib.<\/p>\n","protected":false},"excerpt":{"rendered":"<p>Yerevanda Erm\u0259nistan\u0131n ba\u015f naziri Nikol Pa\u015finyan\u0131n istefas\u0131 t\u0259l\u0259bi il\u0259 n\u00f6vb\u0259tii etiraz aksiyas\u0131 ba\u015flay\u0131b. ARANTV.AZ\u00a0\u00a0Trend-\u0259 istinad\u0259n bildirir ki,\u00a0aksiyan\u0131 vahid m\u00fcxalif\u0259t t\u0259\u015fkil edib. Aksiya Yerevan\u0131n m\u0259rk\u0259zind\u0259ki Azadl\u0131q meydan\u0131nda ke\u00e7irilir. Etiraz\u00e7\u0131lar N.Pa\u015finyan\u0131n d\u0259rhal v\u0259zif\u0259d\u0259n getm\u0259sini t\u0259l\u0259b edir. Aksiya t\u0259\u015fkilat\u00e7\u0131lar\u0131 fevral\u0131n 20-d\u0259 daha b\u00f6y\u00fck mitinqin t\u0259yin olundu\u011funu bildirib.<\/p>\n","protected":false},"author":2,"featured_media":292372,"comment_status":"closed","ping_status":"closed","sticky":false,"template":"","format":"standard","meta":{"om_disable_all_campaigns":false,"_monsterinsights_skip_tracking":false,"_monsterinsights_sitenote_active":false,"_monsterinsights_sitenote_note":"","_monsterinsights_sitenote_category":0},"categories":[7],"tags":[],"aioseo_notices":[],"gutentor_comment":0,"rttpg_featured_image_url":{"full":["https:\/\/arantv.az\/wp-content\/uploads\/2021\/02\/921932.jpg",800,600,false],"landscape":["https:\/\/arantv.az\/wp-content\/uploads\/2021\/02\/921932.jpg",800,600,false],"portraits":["https:\/\/arantv.az\/wp-content\/uploads\/2021\/02\/921932.jpg",800,600,false],"thumbnail":["https:\/\/arantv.az\/wp-content\/uploads\/2021\/02\/921932-150x150.jpg",150,150,true],"medium":["https:\/\/arantv.az\/wp-content\/uploads\/2021\/02\/921932-300x225.jpg",300,225,true],"large":["https:\/\/arantv.az\/wp-content\/uploads\/2021\/02\/921932.jpg",640,480,false],"1536x1536":["https:\/\/arantv.az\/wp-content\/uploads\/2021\/02\/921932.jpg",800,600,false],"2048x2048":["https:\/\/arantv.az\/wp-content\/uploads\/2021\/02\/921932.jpg",800,600,false],"post-thumbnail":["https:\/\/arantv.az\/wp-content\/uploads\/2021\/02\/921932-240x172.jpg",240,172,true],"advps-thumb-one":["https:\/\/arantv.az\/wp-content\/uploads\/2021\/02\/921932.jpg",800,600,false]},"rttpg_author":{"display_name":"V\u00fcsal Rafiqo\u011flu","author_link":"https:\/\/arantv.az\/?author=2"},"rttpg_comment":0,"rttpg_category":"<a href=\"https:\/\/arantv.az\/?cat=7\" rel=\"category\">D\u00fcnya<\/a>","rttpg_excerpt":"Yerevanda Erm\u0259nistan\u0131n ba\u015f naziri Nikol Pa\u015finyan\u0131n istefas\u0131 t\u0259l\u0259bi il\u0259 n\u00f6vb\u0259tii etiraz aksiyas\u0131 ba\u015flay\u0131b. ARANTV.AZ\u00a0\u00a0Trend-\u0259 istinad\u0259n bildirir ki,\u00a0aksiyan\u0131 vahid m\u00fcxalif\u0259t t\u0259\u015fkil edib. Aksiya Yerevan\u0131n m\u0259rk\u0259zind\u0259ki Azadl\u0131q meydan\u0131nda ke\u00e7irilir. Etiraz\u00e7\u0131lar N.Pa\u015finyan\u0131n d\u0259rhal v\u0259zif\u0259d\u0259n getm\u0259sini t\u0259l\u0259b edir. Aksiya t\u0259\u015fkilat\u00e7\u0131lar\u0131 fevral\u0131n 20-d\u0259 daha b\u00f6y\u00fck mitinqin t\u0259yin olundu\u011funu bildirib.","_links":{"self":[{"href":"https:\/\/arantv.az\/index.php?rest_route=\/wp\/v2\/posts\/292371"}],"collection":[{"href":"https:\/\/arantv.az\/index.php?rest_route=\/wp\/v2\/posts"}],"about":[{"href":"https:\/\/arantv.az\/index.php?rest_route=\/wp\/v2\/types\/post"}],"author":[{"embeddable":true,"href":"https:\/\/arantv.az\/index.php?rest_route=\/wp\/v2\/users\/2"}],"replies":[{"embeddable":true,"href":"https:\/\/arantv.az\/index.php?rest_route=%2Fwp%2Fv2%2Fcomments&post=292371"}],"version-history":[{"count":0,"href":"https:\/\/arantv.az\/index.php?rest_route=\/wp\/v2\/posts\/292371\/revisions"}],"wp:featuredmedia":[{"embeddable":true,"href":"https:\/\/arantv.az\/index.php?rest_route=\/wp\/v2\/media\/292372"}],"wp:attachment":[{"href":"https:\/\/arantv.az\/index.php?rest_route=%2Fwp%2Fv2%2Fmedia&parent=292371"}],"wp:term":[{"taxonomy":"category","embeddable":true,"href":"https:\/\/arantv.az\/index.php?rest_route=%2Fwp%2Fv2%2Fcategories&post=292371"},{"taxonomy":"post_tag","embeddable":true,"href":"https:\/\/arantv.az\/index.php?rest_route=%2Fwp%2Fv2%2Ftags&post=292371"}],"curies":[{"name":"wp","href":"https:\/\/api.w.org\/{rel}","templated":true}]}}