{"id":292375,"date":"2021-02-12T15:43:05","date_gmt":"2021-02-12T12:43:05","guid":{"rendered":"http:\/\/arantv.az\/?p=292375"},"modified":"2021-02-12T15:43:05","modified_gmt":"2021-02-12T12:43:05","slug":"az%c9%99rbaycanli-nazir-qizinin-fransa-h%c9%99yati-baninin-nadir-kadrlari-video","status":"publish","type":"post","link":"https:\/\/arantv.az\/?p=292375","title":{"rendered":"Az\u0259rbaycanl\u0131 nazir q\u0131z\u0131n\u0131n Fransa h\u0259yat\u0131: Baninin nadir kadrlar\u0131 &#8211; V\u0130DEO"},"content":{"rendered":"<article class=\"news\">\n<div class=\"news-inner\">\n<p>Milli Televiziya G\u00fcn\u00fcnd\u0259 AzTV-d\u0259 yeni layih\u0259 t\u0259qdimat\u0131 olacaq.<\/p>\n<p>AzTV-nin Sosial media v\u0259 ictimaiyy\u0259tl\u0259 \u0259laq\u0259l\u0259r \u015f\u00f6b\u0259sinin m\u0259lumat\u0131na g\u00f6r\u0259, anonslar\u0131n\u0131n yay\u0131ld\u0131\u011f\u0131 vaxtdan tama\u015fa\u00e7\u0131 mara\u011f\u0131na s\u0259b\u0259b olan \u201cY\u00fcz ilin adamlar\u0131\u201d layih\u0259sinin ilk burax\u0131l\u0131\u015f\u0131 fevral\u0131n 14-d\u0259 yay\u0131mlanacaq.<\/p>\n<p>Verili\u015fin birinci burax\u0131l\u0131\u015f\u0131 ilk frans\u0131zdilli, beyn\u0259lxalq s\u0259viyy\u0259d\u0259 q\u0259bul olunan yaz\u0131\u00e7\u0131m\u0131z Banin haqq\u0131ndad\u0131r.<\/p>\n<div id=\"AdviadNativeVideo0\" class=\"AdviadNativeVideo\"><\/div>\n<p>Verili\u015fd\u0259 milyon\u00e7ular \u015e\u0259msi \u018fs\u0259dullayev v\u0259 Musa Na\u011f\u0131yevin n\u0259v\u0259si, Az\u0259rbaycan Xalq C\u00fcmhuriyy\u0259tinin ticar\u0259t v\u0259 s\u0259naye naziri Mirz\u0259 \u018fs\u0259dullayevin q\u0131z\u0131, Fransada m\u0259\u015fhurla\u015fan qalmaqall\u0131 yaz\u0131\u00e7\u0131 Banin, y\u0259ni \u00dcmm\u00fclbanu \u018fs\u0259dullayevan\u0131n m\u00fchacir\u0259td\u0259n \u0259vv\u0259lki v\u0259 sonrak\u0131 h\u0259yat yolu i\u015f\u0131qland\u0131r\u0131l\u0131b. Layih\u0259 komandas\u0131 Baninin \u0259d\u0259bi varisi, dostu, t\u0259l\u0259b\u0259si il\u0259 g\u00f6r\u00fc\u015f\u00fcb, onun arxivini qoruyan ingilis zad\u0259gan ail\u0259sinin qona\u011f\u0131 olub. Yarad\u0131c\u0131 hey\u0259t Baninin \u015f\u0259xsi arxivini qoruyan \u015f\u0259xsl\u0259ri Parisin 400 km c\u0259nubunda &#8211; Herbernak q\u0259s\u0259b\u0259sind\u0259 tap\u0131b. Verili\u015fd\u0259 onun arxivi, he\u00e7 vaxt g\u00f6r\u00fcnm\u0259y\u0259n foto v\u0259 videolar\u0131 yay\u0131mlanacaq.<\/p>\n<p>Bundan ba\u015fqa, \u201cY\u00fcz ilin adamlar\u0131\u201dnda Baninin h\u0259l\u0259 sovet vaxt\u0131 Az\u0259rbaycanla \u0259laq\u0259l\u0259rini qurmas\u0131na vasit\u0259\u00e7ilik ed\u0259n diplomat Ramiz Abutal\u0131bovun da m\u00fcsahib\u0259si yer al\u0131b.\u00a0Sovet hakimiyy\u0259tinin Az\u0259rbaycan\u0131 i\u015f\u011fal etm\u0259sind\u0259n sonra \u018fs\u0259dullayevl\u0259r ail\u0259si milyonlar\u0131n\u0131 itirib, onlar Avropaya k\u00f6\u00e7m\u0259k m\u0259cburiyy\u0259tind\u0259 qal\u0131blar. Bununla da Baninin m\u00fchacir\u0259t h\u0259yat\u0131 ba\u015flay\u0131b. Parisd\u0259 ya\u015fayan Banin gah katib\u0259, gah day\u0259, gah model kimi \u00e7al\u0131\u015f\u0131b. O, d\u00fcnyada model kimi \u00e7al\u0131\u015fan ilk az\u0259rbaycanl\u0131 olub.<\/p>\n<p>Daha sonra frans\u0131zca ilk kitab\u0131n\u0131 \u00e7ap ed\u0259r\u0259k m\u0259\u015fhurla\u015f\u0131b. V\u0259t\u0259nd\u0259n uzaqda ya\u015famas\u0131na baxmayaraq Baninin yarad\u0131c\u0131l\u0131\u011f\u0131nda Az\u0259rbaycan ad\u0259t-\u0259n\u0259n\u0259l\u0259ri, tarixi h\u0259qiq\u0259tl\u0259r \u0259ks olunub.\u00a0Verili\u015fd\u0259 Baninin \u015f\u0259xsi h\u0259yat\u0131, evlilikl\u0259ri, yarad\u0131c\u0131 f\u0259aliyy\u0259ti il\u0259 yana\u015f\u0131, Qaraba\u011f h\u0259qiq\u0259tl\u0259rini d\u00fcnyaya \u00e7atd\u0131rmaq c\u0259hdl\u0259rind\u0259n, erm\u0259nil\u0259rl\u0259 m\u00fcbariz\u0259sind\u0259n dan\u0131\u015f\u0131lacaq, maraql\u0131 faktlar t\u0259qdim olunacaq.<\/p>\n<p>M\u0259\u015fhur yaz\u0131\u00e7\u0131 Ernst Y\u00fcngerl\u0259 Banin haqq\u0131nda \u00e7\u0259kil\u0259n filmin kadrarxas\u0131 g\u00f6r\u00fcnt\u00fcl\u0259ri d\u0259 ilk d\u0259f\u0259 \u201cY\u00fcz ilin adamlar\u0131\u201dnda geni\u015f auditoriyaya t\u0259qdim olunacaq.<\/p>\n<p>G\u0259ncl\u0259r v\u0259 \u0130dman Nazirliyinin d\u0259st\u0259yi il\u0259 \u201cBrand media\u201dn\u0131n istehsal etdiyi verili\u015f fevral\u0131n 14-\u00fc saat 22:00-da H\u00fcseyn Cavadzad\u0259nin t\u0259qdimat\u0131nda AzTV-d\u0259 yay\u0131mlanacaq.<\/p>\n<div><iframe loading=\"lazy\" src=\"https:\/\/www.youtube.com\/embed\/1LZdD_oJrro\" width=\"560\" height=\"315\" frameborder=\"0\" allowfullscreen=\"allowfullscreen\" data-mce-fragment=\"1\"><\/iframe><\/div>\n<\/div>\n<\/article>\n<h2 class=\"news-share-title\"><\/h2>\n","protected":false},"excerpt":{"rendered":"<p>Milli Televiziya G\u00fcn\u00fcnd\u0259 AzTV-d\u0259 yeni layih\u0259 t\u0259qdimat\u0131 olacaq. AzTV-nin Sosial media v\u0259 ictimaiyy\u0259tl\u0259 \u0259laq\u0259l\u0259r \u015f\u00f6b\u0259sinin m\u0259lumat\u0131na g\u00f6r\u0259, anonslar\u0131n\u0131n yay\u0131ld\u0131\u011f\u0131 vaxtdan tama\u015fa\u00e7\u0131 mara\u011f\u0131na s\u0259b\u0259b olan \u201cY\u00fcz ilin adamlar\u0131\u201d layih\u0259sinin ilk burax\u0131l\u0131\u015f\u0131 fevral\u0131n 14-d\u0259 yay\u0131mlanacaq. Verili\u015fin birinci burax\u0131l\u0131\u015f\u0131 ilk frans\u0131zdilli, beyn\u0259lxalq s\u0259viyy\u0259d\u0259 q\u0259bul olunan yaz\u0131\u00e7\u0131m\u0131z Banin haqq\u0131ndad\u0131r. Verili\u015fd\u0259 milyon\u00e7ular \u015e\u0259msi \u018fs\u0259dullayev v\u0259 Musa Na\u011f\u0131yevin n\u0259v\u0259si, Az\u0259rbaycan Xalq C\u00fcmhuriyy\u0259tinin ticar\u0259t v\u0259 s\u0259naye naziri Mirz\u0259 \u018fs\u0259dullayevin q\u0131z\u0131, Fransada m\u0259\u015fhurla\u015fan qalmaqall\u0131 yaz\u0131\u00e7\u0131 Banin, y\u0259ni \u00dcmm\u00fclbanu \u018fs\u0259dullayevan\u0131n m\u00fchacir\u0259td\u0259n \u0259vv\u0259lki v\u0259 sonrak\u0131 h\u0259yat yolu i\u015f\u0131qland\u0131r\u0131l\u0131b. Layih\u0259 komandas\u0131 Baninin \u0259d\u0259bi varisi, dostu, t\u0259l\u0259b\u0259si il\u0259 g\u00f6r\u00fc\u015f\u00fcb, onun arxivini qoruyan&hellip;<\/p>\n","protected":false},"author":2,"featured_media":292376,"comment_status":"closed","ping_status":"closed","sticky":false,"template":"","format":"standard","meta":{"om_disable_all_campaigns":false,"_monsterinsights_skip_tracking":false,"_monsterinsights_sitenote_active":false,"_monsterinsights_sitenote_note":"","_monsterinsights_sitenote_category":0},"categories":[26],"tags":[],"aioseo_notices":[],"gutentor_comment":0,"rttpg_featured_image_url":{"full":["https:\/\/arantv.az\/wp-content\/uploads\/2021\/02\/qsa.jpg",620,347,false],"landscape":["https:\/\/arantv.az\/wp-content\/uploads\/2021\/02\/qsa.jpg",620,347,false],"portraits":["https:\/\/arantv.az\/wp-content\/uploads\/2021\/02\/qsa.jpg",620,347,false],"thumbnail":["https:\/\/arantv.az\/wp-content\/uploads\/2021\/02\/qsa-150x150.jpg",150,150,true],"medium":["https:\/\/arantv.az\/wp-content\/uploads\/2021\/02\/qsa-300x168.jpg",300,168,true],"large":["https:\/\/arantv.az\/wp-content\/uploads\/2021\/02\/qsa.jpg",620,347,false],"1536x1536":["https:\/\/arantv.az\/wp-content\/uploads\/2021\/02\/qsa.jpg",620,347,false],"2048x2048":["https:\/\/arantv.az\/wp-content\/uploads\/2021\/02\/qsa.jpg",620,347,false],"post-thumbnail":["https:\/\/arantv.az\/wp-content\/uploads\/2021\/02\/qsa-240x172.jpg",240,172,true],"advps-thumb-one":["https:\/\/arantv.az\/wp-content\/uploads\/2021\/02\/qsa.jpg",620,347,false]},"rttpg_author":{"display_name":"V\u00fcsal Rafiqo\u011flu","author_link":"https:\/\/arantv.az\/?author=2"},"rttpg_comment":0,"rttpg_category":"<a href=\"https:\/\/arantv.az\/?cat=26\" rel=\"category\">Sosial<\/a>","rttpg_excerpt":"Milli Televiziya G\u00fcn\u00fcnd\u0259 AzTV-d\u0259 yeni layih\u0259 t\u0259qdimat\u0131 olacaq. AzTV-nin Sosial media v\u0259 ictimaiyy\u0259tl\u0259 \u0259laq\u0259l\u0259r \u015f\u00f6b\u0259sinin m\u0259lumat\u0131na g\u00f6r\u0259, anonslar\u0131n\u0131n yay\u0131ld\u0131\u011f\u0131 vaxtdan tama\u015fa\u00e7\u0131 mara\u011f\u0131na s\u0259b\u0259b olan \u201cY\u00fcz ilin adamlar\u0131\u201d layih\u0259sinin ilk burax\u0131l\u0131\u015f\u0131 fevral\u0131n 14-d\u0259 yay\u0131mlanacaq. Verili\u015fin birinci burax\u0131l\u0131\u015f\u0131 ilk frans\u0131zdilli, beyn\u0259lxalq s\u0259viyy\u0259d\u0259 q\u0259bul olunan yaz\u0131\u00e7\u0131m\u0131z Banin haqq\u0131ndad\u0131r. Verili\u015fd\u0259 milyon\u00e7ular \u015e\u0259msi \u018fs\u0259dullayev v\u0259 Musa Na\u011f\u0131yevin n\u0259v\u0259si, Az\u0259rbaycan Xalq&hellip;","_links":{"self":[{"href":"https:\/\/arantv.az\/index.php?rest_route=\/wp\/v2\/posts\/292375"}],"collection":[{"href":"https:\/\/arantv.az\/index.php?rest_route=\/wp\/v2\/posts"}],"about":[{"href":"https:\/\/arantv.az\/index.php?rest_route=\/wp\/v2\/types\/post"}],"author":[{"embeddable":true,"href":"https:\/\/arantv.az\/index.php?rest_route=\/wp\/v2\/users\/2"}],"replies":[{"embeddable":true,"href":"https:\/\/arantv.az\/index.php?rest_route=%2Fwp%2Fv2%2Fcomments&post=292375"}],"version-history":[{"count":0,"href":"https:\/\/arantv.az\/index.php?rest_route=\/wp\/v2\/posts\/292375\/revisions"}],"wp:featuredmedia":[{"embeddable":true,"href":"https:\/\/arantv.az\/index.php?rest_route=\/wp\/v2\/media\/292376"}],"wp:attachment":[{"href":"https:\/\/arantv.az\/index.php?rest_route=%2Fwp%2Fv2%2Fmedia&parent=292375"}],"wp:term":[{"taxonomy":"category","embeddable":true,"href":"https:\/\/arantv.az\/index.php?rest_route=%2Fwp%2Fv2%2Fcategories&post=292375"},{"taxonomy":"post_tag","embeddable":true,"href":"https:\/\/arantv.az\/index.php?rest_route=%2Fwp%2Fv2%2Ftags&post=292375"}],"curies":[{"name":"wp","href":"https:\/\/api.w.org\/{rel}","templated":true}]}}