{"id":292379,"date":"2021-02-12T15:45:29","date_gmt":"2021-02-12T12:45:29","guid":{"rendered":"http:\/\/arantv.az\/?p=292379"},"modified":"2021-02-12T15:45:29","modified_gmt":"2021-02-12T12:45:29","slug":"bolqaristanin-energetika-naziri-igb-nin-is%c9%99-salinacagi-vaxti-aciqlayib","status":"publish","type":"post","link":"https:\/\/arantv.az\/?p=292379","title":{"rendered":"Bolqar\u0131stan\u0131n energetika naziri IGB-nin i\u015f\u0259 sal\u0131naca\u011f\u0131 vaxt\u0131 a\u00e7\u0131qlay\u0131b"},"content":{"rendered":"<p><strong>&#8220;C\u0259nub Qaz D\u0259hlizi&#8221; strateji v\u0259 irimiqyasl\u0131 layih\u0259sinin u\u011furla realla\u015fd\u0131r\u0131lmas\u0131 son ill\u0259rd\u0259 qaz t\u0259dar\u00fck\u00fcn\u00fcn \u015fax\u0259l\u0259ndirilm\u0259si sah\u0259sind\u0259 \u0259ld\u0259 olunan nailiyy\u0259tl\u0259rin ayr\u0131lmaz hiss\u0259sidir.<\/strong><\/p>\n<p><strong>ARANTV.AZ<\/strong>\u00a0<a href=\"https:\/\/az.trend.az\/\" target=\"_blank\" rel=\"noopener\">Trend<\/a>-\u0259 istinad\u0259n bildirir ki,\u00a0bunu Bolqar\u0131stan\u0131n energetika naziri Temenujka Petkova &#8220;C\u0259nub Qaz D\u0259hlizi&#8221; M\u0259\u015fv\u0259r\u0259t \u015euras\u0131n\u0131n 7-ci iclas\u0131nda deyib.<\/p>\n<p>Nazir bildirib ki, bu layih\u0259 Bolqar\u0131stan\u0131n, C\u0259nub-\u015e\u0259rqi Avropan\u0131n v\u0259 \u00fcmumilikd\u0259 Avropa \u0130ttifaq\u0131n\u0131n enerji t\u0259hl\u00fck\u0259sizliyini m\u00f6hk\u0259ml\u0259ndir\u0259c\u0259k.<\/p>\n<p>O qeyd edib ki, Bolqar\u0131stan Yunan\u0131stan-Bolqar\u0131stan interkonnektoru (IGB) vasit\u0259sil\u0259 &#8220;C\u0259nub Qaz D\u0259hlizi&#8221;nin ayr\u0131lmaz hiss\u0259sini t\u0259\u015fkil edir:<\/p>\n<div>\n<div id=\"AdviadNativeVideo0\" class=\"AdviadNativeVideo\"><\/div>\n<\/div>\n<p>&#8220;Layih\u0259, h\u0259m\u00e7inin c\u0259nubdan \u015fimala \u015eaquli qaz d\u0259hlizinin tikintisi \u00fc\u00e7\u00fcn Yunan\u0131stan, Bolqar\u0131stan, Ru\u0131mniya v\u0259 Macar\u0131stann\u0131 birg\u0259 t\u0259\u015f\u0259bb\u00fcsl\u0259rinin realla\u015fd\u0131r\u0131lmas\u0131nda vacib rol oynay\u0131r. COVID-19 pandemiyas\u0131 il\u0259 \u0259laq\u0259dar l\u0259ngim\u0259l\u0259r\u0259 baxmayaraq layih\u0259nin bu ilin ikinci yar\u0131s\u0131nda i\u015f\u0259 sal\u0131nmas\u0131 g\u00f6zl\u0259nilir&#8221;.<\/p>\n","protected":false},"excerpt":{"rendered":"<p>&#8220;C\u0259nub Qaz D\u0259hlizi&#8221; strateji v\u0259 irimiqyasl\u0131 layih\u0259sinin u\u011furla realla\u015fd\u0131r\u0131lmas\u0131 son ill\u0259rd\u0259 qaz t\u0259dar\u00fck\u00fcn\u00fcn \u015fax\u0259l\u0259ndirilm\u0259si sah\u0259sind\u0259 \u0259ld\u0259 olunan nailiyy\u0259tl\u0259rin ayr\u0131lmaz hiss\u0259sidir. ARANTV.AZ\u00a0Trend-\u0259 istinad\u0259n bildirir ki,\u00a0bunu Bolqar\u0131stan\u0131n energetika naziri Temenujka Petkova &#8220;C\u0259nub Qaz D\u0259hlizi&#8221; M\u0259\u015fv\u0259r\u0259t \u015euras\u0131n\u0131n 7-ci iclas\u0131nda deyib. Nazir bildirib ki, bu layih\u0259 Bolqar\u0131stan\u0131n, C\u0259nub-\u015e\u0259rqi Avropan\u0131n v\u0259 \u00fcmumilikd\u0259 Avropa \u0130ttifaq\u0131n\u0131n enerji t\u0259hl\u00fck\u0259sizliyini m\u00f6hk\u0259ml\u0259ndir\u0259c\u0259k. O qeyd edib ki, Bolqar\u0131stan Yunan\u0131stan-Bolqar\u0131stan interkonnektoru (IGB) vasit\u0259sil\u0259 &#8220;C\u0259nub Qaz D\u0259hlizi&#8221;nin ayr\u0131lmaz hiss\u0259sini t\u0259\u015fkil edir: &#8220;Layih\u0259, h\u0259m\u00e7inin c\u0259nubdan \u015fimala \u015eaquli qaz d\u0259hlizinin tikintisi \u00fc\u00e7\u00fcn Yunan\u0131stan, Bolqar\u0131stan, Ru\u0131mniya v\u0259 Macar\u0131stann\u0131 birg\u0259 t\u0259\u015f\u0259bb\u00fcsl\u0259rinin realla\u015fd\u0131r\u0131lmas\u0131nda vacib rol oynay\u0131r. COVID-19 pandemiyas\u0131&hellip;<\/p>\n","protected":false},"author":2,"featured_media":292380,"comment_status":"closed","ping_status":"closed","sticky":false,"template":"","format":"standard","meta":{"om_disable_all_campaigns":false,"_monsterinsights_skip_tracking":false,"_monsterinsights_sitenote_active":false,"_monsterinsights_sitenote_note":"","_monsterinsights_sitenote_category":0},"categories":[7],"tags":[],"aioseo_notices":[],"gutentor_comment":0,"rttpg_featured_image_url":{"full":["https:\/\/arantv.az\/wp-content\/uploads\/2021\/02\/921863.jpg",800,600,false],"landscape":["https:\/\/arantv.az\/wp-content\/uploads\/2021\/02\/921863.jpg",800,600,false],"portraits":["https:\/\/arantv.az\/wp-content\/uploads\/2021\/02\/921863.jpg",800,600,false],"thumbnail":["https:\/\/arantv.az\/wp-content\/uploads\/2021\/02\/921863-150x150.jpg",150,150,true],"medium":["https:\/\/arantv.az\/wp-content\/uploads\/2021\/02\/921863-300x225.jpg",300,225,true],"large":["https:\/\/arantv.az\/wp-content\/uploads\/2021\/02\/921863.jpg",640,480,false],"1536x1536":["https:\/\/arantv.az\/wp-content\/uploads\/2021\/02\/921863.jpg",800,600,false],"2048x2048":["https:\/\/arantv.az\/wp-content\/uploads\/2021\/02\/921863.jpg",800,600,false],"post-thumbnail":["https:\/\/arantv.az\/wp-content\/uploads\/2021\/02\/921863-240x172.jpg",240,172,true],"advps-thumb-one":["https:\/\/arantv.az\/wp-content\/uploads\/2021\/02\/921863.jpg",800,600,false]},"rttpg_author":{"display_name":"V\u00fcsal Rafiqo\u011flu","author_link":"https:\/\/arantv.az\/?author=2"},"rttpg_comment":0,"rttpg_category":"<a href=\"https:\/\/arantv.az\/?cat=7\" rel=\"category\">D\u00fcnya<\/a>","rttpg_excerpt":"&#8220;C\u0259nub Qaz D\u0259hlizi&#8221; strateji v\u0259 irimiqyasl\u0131 layih\u0259sinin u\u011furla realla\u015fd\u0131r\u0131lmas\u0131 son ill\u0259rd\u0259 qaz t\u0259dar\u00fck\u00fcn\u00fcn \u015fax\u0259l\u0259ndirilm\u0259si sah\u0259sind\u0259 \u0259ld\u0259 olunan nailiyy\u0259tl\u0259rin ayr\u0131lmaz hiss\u0259sidir. ARANTV.AZ\u00a0Trend-\u0259 istinad\u0259n bildirir ki,\u00a0bunu Bolqar\u0131stan\u0131n energetika naziri Temenujka Petkova &#8220;C\u0259nub Qaz D\u0259hlizi&#8221; M\u0259\u015fv\u0259r\u0259t \u015euras\u0131n\u0131n 7-ci iclas\u0131nda deyib. Nazir bildirib ki, bu layih\u0259 Bolqar\u0131stan\u0131n, C\u0259nub-\u015e\u0259rqi Avropan\u0131n v\u0259 \u00fcmumilikd\u0259 Avropa \u0130ttifaq\u0131n\u0131n enerji t\u0259hl\u00fck\u0259sizliyini m\u00f6hk\u0259ml\u0259ndir\u0259c\u0259k. O qeyd edib&hellip;","_links":{"self":[{"href":"https:\/\/arantv.az\/index.php?rest_route=\/wp\/v2\/posts\/292379"}],"collection":[{"href":"https:\/\/arantv.az\/index.php?rest_route=\/wp\/v2\/posts"}],"about":[{"href":"https:\/\/arantv.az\/index.php?rest_route=\/wp\/v2\/types\/post"}],"author":[{"embeddable":true,"href":"https:\/\/arantv.az\/index.php?rest_route=\/wp\/v2\/users\/2"}],"replies":[{"embeddable":true,"href":"https:\/\/arantv.az\/index.php?rest_route=%2Fwp%2Fv2%2Fcomments&post=292379"}],"version-history":[{"count":0,"href":"https:\/\/arantv.az\/index.php?rest_route=\/wp\/v2\/posts\/292379\/revisions"}],"wp:featuredmedia":[{"embeddable":true,"href":"https:\/\/arantv.az\/index.php?rest_route=\/wp\/v2\/media\/292380"}],"wp:attachment":[{"href":"https:\/\/arantv.az\/index.php?rest_route=%2Fwp%2Fv2%2Fmedia&parent=292379"}],"wp:term":[{"taxonomy":"category","embeddable":true,"href":"https:\/\/arantv.az\/index.php?rest_route=%2Fwp%2Fv2%2Fcategories&post=292379"},{"taxonomy":"post_tag","embeddable":true,"href":"https:\/\/arantv.az\/index.php?rest_route=%2Fwp%2Fv2%2Ftags&post=292379"}],"curies":[{"name":"wp","href":"https:\/\/api.w.org\/{rel}","templated":true}]}}