{"id":292567,"date":"2021-02-12T20:45:09","date_gmt":"2021-02-12T17:45:09","guid":{"rendered":"http:\/\/arantv.az\/?p=292567"},"modified":"2021-02-12T20:45:09","modified_gmt":"2021-02-12T17:45:09","slug":"butun-dunyada-t%c9%99tbiq-edil%c9%99n-karantin-m%c9%99hdudiyy%c9%99tl%c9%99ri-iqlim-istil%c9%99sm%c9%99l%c9%99rinin-sur%c9%99tini-azaltmayib","status":"publish","type":"post","link":"https:\/\/arantv.az\/?p=292567","title":{"rendered":"B\u00fct\u00fcn d\u00fcnyada t\u0259tbiq edil\u0259n karantin m\u0259hdudiyy\u0259tl\u0259ri iqlim istil\u0259\u015fm\u0259l\u0259rinin s\u00fcr\u0259tini azaltmay\u0131b"},"content":{"rendered":"<p>Meteoroloji m\u00fc\u015fahid\u0259l\u0259rin t\u0259tbiqi ba\u015flanandan \u0259n isti il olan 2020-ci il tarixd\u0259 \u0259n q\u0131zmar onilliy\u0259 yekun vurub. B\u00fct\u00fcn d\u00fcnya \u00fczr\u0259 t\u0259tbiq edil\u0259n karantin m\u0259hdudiyy\u0259tl\u0259ri iqlim istil\u0259\u015fm\u0259l\u0259rinin s\u00fcr\u0259tini azaltmay\u0131b, lakin s\u0259hiyy\u0259 sah\u0259sind\u0259 qlobal b\u00f6hran bizi iqlim d\u0259yi\u015fm\u0259l\u0259ri il\u0259 m\u00fcbariz\u0259y\u0259 s\u00f6vq ed\u0259 bil\u0259r.<\/p>\n<p>\u00d6t\u0259n il h\u0259r \u015fey ad\u0259ti \u00fczr\u0259 ba\u015f verm\u0259di. S\u0259hiyy\u0259 v\u0259 iqtisadiyyat sah\u0259l\u0259rind\u0259 davam ed\u0259n b\u00f6hran\u0131n insanlar\u0131n rifah\u0131n\u0131 t\u0259hl\u00fck\u0259 alt\u0131nda qoydu\u011fu bir vaxtda, planetd\u0259 iqlim istil\u0259\u015fm\u0259l\u0259ri davam ed\u0259r\u0259k, son onillik \u0259rzind\u0259 x\u00fcsusil\u0259 y\u00fcks\u0259k s\u0259viyy\u0259y\u0259 \u00e7atd\u0131. Qlobal karantin m\u0259hdudiyy\u0259tl\u0259ri istixana qazlar\u0131 tullant\u0131lar\u0131n\u0131n c\u00fczi azalmas\u0131 il\u0259 n\u0259tic\u0259l\u0259nib, havan\u0131n keyfiyy\u0259ti is\u0259 m\u00fcv\u0259qq\u0259ti d\u0259 olsa yax\u015f\u0131la\u015f\u0131b. Lakin 2020-ci ild\u0259 d\u00fcnyada \u0259vv\u0259lki kimi rekord s\u0259viyy\u0259d\u0259 y\u00fcks\u0259k temperatur v\u0259 ekstremal hava \u015f\u0259raiti m\u00fc\u015fahid\u0259 olunurdu. Ekspertl\u0259r is\u0259 indi bu ili bu bar\u0259d\u0259 m\u0259lumatlar\u0131 birinci d\u0259rc ed\u0259n &#8220;Kopernik&#8221; proqram\u0131n\u0131n \u0130qlim D\u0259yi\u015fm\u0259l\u0259rin\u0259 N\u0259zar\u0259t \u00fczr\u0259 Xidm\u0259tin d\u0259y\u0259rl\u0259ndirm\u0259sin\u0259 g\u00f6r\u0259, 2016-c\u0131 ill\u0259 b\u0259rab\u0259r tarixd\u0259 \u0259n q\u0131zmar il hesab edirl\u0259r.<\/p>\n<p><strong>ARANTV.AZ<\/strong>\u00a0<a href=\"http:\/\/azertag.az\/\" target=\"_blank\" rel=\"noopener\">AZ\u018fRTAC<\/a>-a istinad\u0259n bildirir ki, D\u00fcnya Meteorologiya T\u0259\u015fkilat\u0131 be\u015f m\u0259lumat bazas\u0131n\u0131 birl\u0259\u015fdir\u0259r\u0259k, g\u00f6st\u0259ricil\u0259r aras\u0131nda minimal f\u0259rql\u0259rl\u0259 2020-ci, 2019-cu v\u0259 2016-c\u0131 ill\u0259rin meteoroloji m\u00fc\u015fahid\u0259l\u0259r tarixind\u0259 \u0259n isti ill\u0259r oldu\u011funu t\u0259sdiql\u0259yib.<\/p>\n<p>&#8220;Kopernik&#8221; proqram\u0131n\u0131n \u0130qlim D\u0259yi\u015fm\u0259l\u0259rin\u0259 N\u0259zar\u0259t \u00fczr\u0259 Xidm\u0259tin yeni m\u0259lumatlar\u0131na v\u0259 D\u00fcnya Meteorologiya T\u0259\u015fkilat\u0131n\u0131n bu yax\u0131nlarda d\u0259rc edilmi\u015f hesabat\u0131na g\u00f6r\u0259, 2020-ci ild\u0259 d\u00fcnya \u00fczr\u0259 orta temperatur 1981-2010-cu ill\u0259r \u00fczr\u0259 orta g\u00f6st\u0259ricil\u0259rl\u0259 m\u00fcqayis\u0259d\u0259 0,6 d\u0259r\u0259c\u0259 Selsi isti v\u0259 s\u0259nayel\u0259\u015fm\u0259d\u0259n \u0259vv\u0259lki s\u0259viyy\u0259d\u0259n t\u0259xmin\u0259n 1,25 d\u0259r\u0259c\u0259 Selsi yuxar\u0131 olub. 2020-ci il, h\u0259m\u00e7inin qeyd\u0259 al\u0131nan \u0259n isti onillik kimi ba\u015fa \u00e7at\u0131b, bu onilliyin son 6 ili tarix \u0259rzind\u0259 \u0259n q\u0131zmar ill\u0259r olub. Avrasiyan\u0131n iri regionlar\u0131 orta g\u00f6st\u0259ricil\u0259rl\u0259 m\u00fcqayis\u0259d\u0259 x\u00fcsusil\u0259 f\u0259rql\u0259nirdi. 2020-ci il Avropada \u0259n isti il olub, Selsi \u00fczr\u0259 t\u0259xmin\u0259n yar\u0131m d\u0259r\u0259c\u0259 2019-cu ild\u0259n isti v\u0259 30 illik son baza d\u00f6vr\u00fcnd\u0259n 1,6 d\u0259r\u0259c\u0259 Selsi yuxar\u0131 olub. Arktikan\u0131n b\u0259zi hiss\u0259l\u0259rind\u0259 v\u0259 Sibirin \u015fimal\u0131nda temperatur \u00e7oxillik orta g\u00f6st\u0259ricil\u0259rl\u0259 m\u00fcqayis\u0259d\u0259 az\u0131 6 d\u0259r\u0259c\u0259 Selsi qalx\u0131b.<\/p>\n","protected":false},"excerpt":{"rendered":"<p>Meteoroloji m\u00fc\u015fahid\u0259l\u0259rin t\u0259tbiqi ba\u015flanandan \u0259n isti il olan 2020-ci il tarixd\u0259 \u0259n q\u0131zmar onilliy\u0259 yekun vurub. B\u00fct\u00fcn d\u00fcnya \u00fczr\u0259 t\u0259tbiq edil\u0259n karantin m\u0259hdudiyy\u0259tl\u0259ri iqlim istil\u0259\u015fm\u0259l\u0259rinin s\u00fcr\u0259tini azaltmay\u0131b, lakin s\u0259hiyy\u0259 sah\u0259sind\u0259 qlobal b\u00f6hran bizi iqlim d\u0259yi\u015fm\u0259l\u0259ri il\u0259 m\u00fcbariz\u0259y\u0259 s\u00f6vq ed\u0259 bil\u0259r. \u00d6t\u0259n il h\u0259r \u015fey ad\u0259ti \u00fczr\u0259 ba\u015f verm\u0259di. S\u0259hiyy\u0259 v\u0259 iqtisadiyyat sah\u0259l\u0259rind\u0259 davam ed\u0259n b\u00f6hran\u0131n insanlar\u0131n rifah\u0131n\u0131 t\u0259hl\u00fck\u0259 alt\u0131nda qoydu\u011fu bir vaxtda, planetd\u0259 iqlim istil\u0259\u015fm\u0259l\u0259ri davam ed\u0259r\u0259k, son onillik \u0259rzind\u0259 x\u00fcsusil\u0259 y\u00fcks\u0259k s\u0259viyy\u0259y\u0259 \u00e7atd\u0131. Qlobal karantin m\u0259hdudiyy\u0259tl\u0259ri istixana qazlar\u0131 tullant\u0131lar\u0131n\u0131n c\u00fczi azalmas\u0131 il\u0259 n\u0259tic\u0259l\u0259nib, havan\u0131n keyfiyy\u0259ti is\u0259 m\u00fcv\u0259qq\u0259ti d\u0259 olsa&hellip;<\/p>\n","protected":false},"author":2,"featured_media":292568,"comment_status":"closed","ping_status":"closed","sticky":false,"template":"","format":"standard","meta":{"om_disable_all_campaigns":false,"_monsterinsights_skip_tracking":false,"_monsterinsights_sitenote_active":false,"_monsterinsights_sitenote_note":"","_monsterinsights_sitenote_category":0},"categories":[7],"tags":[],"aioseo_notices":[],"gutentor_comment":0,"rttpg_featured_image_url":{"full":["https:\/\/arantv.az\/wp-content\/uploads\/2021\/02\/921765.jpg",800,600,false],"landscape":["https:\/\/arantv.az\/wp-content\/uploads\/2021\/02\/921765.jpg",800,600,false],"portraits":["https:\/\/arantv.az\/wp-content\/uploads\/2021\/02\/921765.jpg",800,600,false],"thumbnail":["https:\/\/arantv.az\/wp-content\/uploads\/2021\/02\/921765-150x150.jpg",150,150,true],"medium":["https:\/\/arantv.az\/wp-content\/uploads\/2021\/02\/921765-300x225.jpg",300,225,true],"large":["https:\/\/arantv.az\/wp-content\/uploads\/2021\/02\/921765.jpg",640,480,false],"1536x1536":["https:\/\/arantv.az\/wp-content\/uploads\/2021\/02\/921765.jpg",800,600,false],"2048x2048":["https:\/\/arantv.az\/wp-content\/uploads\/2021\/02\/921765.jpg",800,600,false],"post-thumbnail":["https:\/\/arantv.az\/wp-content\/uploads\/2021\/02\/921765-240x172.jpg",240,172,true],"advps-thumb-one":["https:\/\/arantv.az\/wp-content\/uploads\/2021\/02\/921765.jpg",800,600,false]},"rttpg_author":{"display_name":"V\u00fcsal Rafiqo\u011flu","author_link":"https:\/\/arantv.az\/?author=2"},"rttpg_comment":0,"rttpg_category":"<a href=\"https:\/\/arantv.az\/?cat=7\" rel=\"category\">D\u00fcnya<\/a>","rttpg_excerpt":"Meteoroloji m\u00fc\u015fahid\u0259l\u0259rin t\u0259tbiqi ba\u015flanandan \u0259n isti il olan 2020-ci il tarixd\u0259 \u0259n q\u0131zmar onilliy\u0259 yekun vurub. B\u00fct\u00fcn d\u00fcnya \u00fczr\u0259 t\u0259tbiq edil\u0259n karantin m\u0259hdudiyy\u0259tl\u0259ri iqlim istil\u0259\u015fm\u0259l\u0259rinin s\u00fcr\u0259tini azaltmay\u0131b, lakin s\u0259hiyy\u0259 sah\u0259sind\u0259 qlobal b\u00f6hran bizi iqlim d\u0259yi\u015fm\u0259l\u0259ri il\u0259 m\u00fcbariz\u0259y\u0259 s\u00f6vq ed\u0259 bil\u0259r. \u00d6t\u0259n il h\u0259r \u015fey ad\u0259ti \u00fczr\u0259 ba\u015f verm\u0259di. S\u0259hiyy\u0259 v\u0259 iqtisadiyyat sah\u0259l\u0259rind\u0259 davam ed\u0259n b\u00f6hran\u0131n&hellip;","_links":{"self":[{"href":"https:\/\/arantv.az\/index.php?rest_route=\/wp\/v2\/posts\/292567"}],"collection":[{"href":"https:\/\/arantv.az\/index.php?rest_route=\/wp\/v2\/posts"}],"about":[{"href":"https:\/\/arantv.az\/index.php?rest_route=\/wp\/v2\/types\/post"}],"author":[{"embeddable":true,"href":"https:\/\/arantv.az\/index.php?rest_route=\/wp\/v2\/users\/2"}],"replies":[{"embeddable":true,"href":"https:\/\/arantv.az\/index.php?rest_route=%2Fwp%2Fv2%2Fcomments&post=292567"}],"version-history":[{"count":0,"href":"https:\/\/arantv.az\/index.php?rest_route=\/wp\/v2\/posts\/292567\/revisions"}],"wp:featuredmedia":[{"embeddable":true,"href":"https:\/\/arantv.az\/index.php?rest_route=\/wp\/v2\/media\/292568"}],"wp:attachment":[{"href":"https:\/\/arantv.az\/index.php?rest_route=%2Fwp%2Fv2%2Fmedia&parent=292567"}],"wp:term":[{"taxonomy":"category","embeddable":true,"href":"https:\/\/arantv.az\/index.php?rest_route=%2Fwp%2Fv2%2Fcategories&post=292567"},{"taxonomy":"post_tag","embeddable":true,"href":"https:\/\/arantv.az\/index.php?rest_route=%2Fwp%2Fv2%2Ftags&post=292567"}],"curies":[{"name":"wp","href":"https:\/\/api.w.org\/{rel}","templated":true}]}}