{"id":292580,"date":"2021-02-12T20:47:36","date_gmt":"2021-02-12T17:47:36","guid":{"rendered":"http:\/\/arantv.az\/?p=292580"},"modified":"2021-02-12T20:47:36","modified_gmt":"2021-02-12T17:47:36","slug":"ucarda-ill%c9%99rdir-yol-problemin%c9%99-goz-yumulur-video","status":"publish","type":"post","link":"https:\/\/arantv.az\/?p=292580","title":{"rendered":"Ucarda ill\u0259rdir yol problemin\u0259 g\u00f6z yumulur &#8211; V\u0130DEO"},"content":{"rendered":"<p>Yollar \u00e7ala-\u00e7uxurlu, gedi\u015f-g\u0259li\u015f is\u0259 \u0259zab-\u0259ziyy\u0259tli. Sakinl\u0259rin v\u0259 s\u00fcr\u00fcc\u00fcl\u0259rin g\u00f6z da\u011f\u0131na \u00e7evril\u0259n bu m\u0259nz\u0259r\u0259 Ucar rayonunun Qarada\u011fl\u0131\u00a0k\u0259ndind\u0259ndir.\u00a0K\u0259nd rayon m\u0259rk\u0259zin\u0259 yax\u0131n olsa da, ill\u0259rdir, sakinl\u0259rin s\u0259sin\u0259 s\u0259s ver\u0259n yoxdur.<\/p>\n<p>\u00c7ar\u0259siz sakinl\u0259r \u015fikay\u0259tl\u0259rini Baku TV-y\u0259 \u00fcnvanlay\u0131b.<\/p>\n<p>K\u0259nd sakinl\u0259ri bildirib\u00a0ki,\u00a0yollar\u0131 20 il\u0259 yax\u0131nd\u0131r ki bu v\u0259ziyy\u0259td\u0259dir.<\/p>\n<div id=\"AdviadNativeVideo0\" class=\"AdviadNativeVideo\"><\/div>\n<p>K\u0259ndd\u0259 \u00e7\u0259kili\u015f ged\u0259n zaman \u0259razid\u0259 r\u0259smi \u015f\u0259xsl\u0259r d\u0259 g\u00f6z\u0259 d\u0259yib. K\u0259ndin icra n\u00fcmay\u0259nd\u0259si V\u00fcqar Zeynalov v\u0259 B\u0259l\u0259diyy\u0259 s\u0259rdi Nail R\u00fcst\u0259mov \u0259raziy\u0259 avtomobill\u0259 yax\u0131nla\u015f\u0131b, onlardan a\u00e7\u0131qlama ist\u0259nil\u0259n zaman is\u0259 bundan imtina edibl\u0259r.<\/p>\n<p>Daha \u0259trafl\u0131 Baku TV-nin s\u00fcjetind\u0259:<\/p>\n<div><iframe loading=\"lazy\" src=\"https:\/\/www.youtube.com\/embed\/KXDJse9j3Ok\" width=\"560\" height=\"315\" frameborder=\"0\" allowfullscreen=\"allowfullscreen\" data-mce-fragment=\"1\"><\/iframe><\/div>\n<p>&nbsp;<\/p>\n","protected":false},"excerpt":{"rendered":"<p>Yollar \u00e7ala-\u00e7uxurlu, gedi\u015f-g\u0259li\u015f is\u0259 \u0259zab-\u0259ziyy\u0259tli. Sakinl\u0259rin v\u0259 s\u00fcr\u00fcc\u00fcl\u0259rin g\u00f6z da\u011f\u0131na \u00e7evril\u0259n bu m\u0259nz\u0259r\u0259 Ucar rayonunun Qarada\u011fl\u0131\u00a0k\u0259ndind\u0259ndir.\u00a0K\u0259nd rayon m\u0259rk\u0259zin\u0259 yax\u0131n olsa da, ill\u0259rdir, sakinl\u0259rin s\u0259sin\u0259 s\u0259s ver\u0259n yoxdur. \u00c7ar\u0259siz sakinl\u0259r \u015fikay\u0259tl\u0259rini Baku TV-y\u0259 \u00fcnvanlay\u0131b. K\u0259nd sakinl\u0259ri bildirib\u00a0ki,\u00a0yollar\u0131 20 il\u0259 yax\u0131nd\u0131r ki bu v\u0259ziyy\u0259td\u0259dir. K\u0259ndd\u0259 \u00e7\u0259kili\u015f ged\u0259n zaman \u0259razid\u0259 r\u0259smi \u015f\u0259xsl\u0259r d\u0259 g\u00f6z\u0259 d\u0259yib. K\u0259ndin icra n\u00fcmay\u0259nd\u0259si V\u00fcqar Zeynalov v\u0259 B\u0259l\u0259diyy\u0259 s\u0259rdi Nail R\u00fcst\u0259mov \u0259raziy\u0259 avtomobill\u0259 yax\u0131nla\u015f\u0131b, onlardan a\u00e7\u0131qlama ist\u0259nil\u0259n zaman is\u0259 bundan imtina edibl\u0259r. Daha \u0259trafl\u0131 Baku TV-nin s\u00fcjetind\u0259: &nbsp;<\/p>\n","protected":false},"author":2,"featured_media":292581,"comment_status":"closed","ping_status":"closed","sticky":false,"template":"","format":"standard","meta":{"om_disable_all_campaigns":false,"_monsterinsights_skip_tracking":false,"_monsterinsights_sitenote_active":false,"_monsterinsights_sitenote_note":"","_monsterinsights_sitenote_category":0},"categories":[26],"tags":[],"aioseo_notices":[],"gutentor_comment":0,"rttpg_featured_image_url":{"full":["https:\/\/arantv.az\/wp-content\/uploads\/2021\/02\/ucar.jpg",620,349,false],"landscape":["https:\/\/arantv.az\/wp-content\/uploads\/2021\/02\/ucar.jpg",620,349,false],"portraits":["https:\/\/arantv.az\/wp-content\/uploads\/2021\/02\/ucar.jpg",620,349,false],"thumbnail":["https:\/\/arantv.az\/wp-content\/uploads\/2021\/02\/ucar-150x150.jpg",150,150,true],"medium":["https:\/\/arantv.az\/wp-content\/uploads\/2021\/02\/ucar-300x169.jpg",300,169,true],"large":["https:\/\/arantv.az\/wp-content\/uploads\/2021\/02\/ucar.jpg",620,349,false],"1536x1536":["https:\/\/arantv.az\/wp-content\/uploads\/2021\/02\/ucar.jpg",620,349,false],"2048x2048":["https:\/\/arantv.az\/wp-content\/uploads\/2021\/02\/ucar.jpg",620,349,false],"post-thumbnail":["https:\/\/arantv.az\/wp-content\/uploads\/2021\/02\/ucar-240x172.jpg",240,172,true],"advps-thumb-one":["https:\/\/arantv.az\/wp-content\/uploads\/2021\/02\/ucar.jpg",620,349,false]},"rttpg_author":{"display_name":"V\u00fcsal Rafiqo\u011flu","author_link":"https:\/\/arantv.az\/?author=2"},"rttpg_comment":0,"rttpg_category":"<a href=\"https:\/\/arantv.az\/?cat=26\" rel=\"category\">Sosial<\/a>","rttpg_excerpt":"Yollar \u00e7ala-\u00e7uxurlu, gedi\u015f-g\u0259li\u015f is\u0259 \u0259zab-\u0259ziyy\u0259tli. Sakinl\u0259rin v\u0259 s\u00fcr\u00fcc\u00fcl\u0259rin g\u00f6z da\u011f\u0131na \u00e7evril\u0259n bu m\u0259nz\u0259r\u0259 Ucar rayonunun Qarada\u011fl\u0131\u00a0k\u0259ndind\u0259ndir.\u00a0K\u0259nd rayon m\u0259rk\u0259zin\u0259 yax\u0131n olsa da, ill\u0259rdir, sakinl\u0259rin s\u0259sin\u0259 s\u0259s ver\u0259n yoxdur. \u00c7ar\u0259siz sakinl\u0259r \u015fikay\u0259tl\u0259rini Baku TV-y\u0259 \u00fcnvanlay\u0131b. K\u0259nd sakinl\u0259ri bildirib\u00a0ki,\u00a0yollar\u0131 20 il\u0259 yax\u0131nd\u0131r ki bu v\u0259ziyy\u0259td\u0259dir. K\u0259ndd\u0259 \u00e7\u0259kili\u015f ged\u0259n zaman \u0259razid\u0259 r\u0259smi \u015f\u0259xsl\u0259r d\u0259 g\u00f6z\u0259 d\u0259yib. K\u0259ndin icra n\u00fcmay\u0259nd\u0259si&hellip;","_links":{"self":[{"href":"https:\/\/arantv.az\/index.php?rest_route=\/wp\/v2\/posts\/292580"}],"collection":[{"href":"https:\/\/arantv.az\/index.php?rest_route=\/wp\/v2\/posts"}],"about":[{"href":"https:\/\/arantv.az\/index.php?rest_route=\/wp\/v2\/types\/post"}],"author":[{"embeddable":true,"href":"https:\/\/arantv.az\/index.php?rest_route=\/wp\/v2\/users\/2"}],"replies":[{"embeddable":true,"href":"https:\/\/arantv.az\/index.php?rest_route=%2Fwp%2Fv2%2Fcomments&post=292580"}],"version-history":[{"count":0,"href":"https:\/\/arantv.az\/index.php?rest_route=\/wp\/v2\/posts\/292580\/revisions"}],"wp:featuredmedia":[{"embeddable":true,"href":"https:\/\/arantv.az\/index.php?rest_route=\/wp\/v2\/media\/292581"}],"wp:attachment":[{"href":"https:\/\/arantv.az\/index.php?rest_route=%2Fwp%2Fv2%2Fmedia&parent=292580"}],"wp:term":[{"taxonomy":"category","embeddable":true,"href":"https:\/\/arantv.az\/index.php?rest_route=%2Fwp%2Fv2%2Fcategories&post=292580"},{"taxonomy":"post_tag","embeddable":true,"href":"https:\/\/arantv.az\/index.php?rest_route=%2Fwp%2Fv2%2Ftags&post=292580"}],"curies":[{"name":"wp","href":"https:\/\/api.w.org\/{rel}","templated":true}]}}