{"id":292584,"date":"2021-02-12T20:48:19","date_gmt":"2021-02-12T17:48:19","guid":{"rendered":"http:\/\/arantv.az\/?p=292584"},"modified":"2021-02-12T20:48:19","modified_gmt":"2021-02-12T17:48:19","slug":"xin-r%c9%99hb%c9%99rliyi-il%c9%99-diplomatik-numay%c9%99nd%c9%99likl%c9%99rimiz-arasinda-musavir%c9%99-kecirilib-foto","status":"publish","type":"post","link":"https:\/\/arantv.az\/?p=292584","title":{"rendered":"X\u0130N r\u0259hb\u0259rliyi il\u0259 diplomatik n\u00fcmay\u0259nd\u0259likl\u0259rimiz aras\u0131nda m\u00fc\u015favir\u0259 ke\u00e7irilib &#8211; FOTO"},"content":{"rendered":"<p>Xarici \u0130\u015fl\u0259r Nazirliyinin r\u0259hb\u0259rliyinin Az\u0259rbaycan Respublikas\u0131n\u0131n xarici \u00f6lk\u0259l\u0259rd\u0259 v\u0259 beyn\u0259lxalq t\u0259\u015fkilatlar yan\u0131nda f\u0259aliyy\u0259t g\u00f6st\u0259r\u0259n diplomatik n\u00fcmay\u0259nd\u0259likl\u0259ri il\u0259 video-konfrans format\u0131nda g\u00f6r\u00fc\u015f\u00fc ke\u00e7irilib.<\/p>\n<p>Xarici \u0130\u015fl\u0259r Nazirliyinin M\u0259tbuat xidm\u0259tindan veril\u0259n m\u0259lumata g\u00f6r\u0259, g\u00f6r\u00fc\u015fd\u0259 h\u0259m\u00e7inin xarici i\u015fl\u0259r nazirinin m\u00fcavinl\u0259ri, x\u00fcsusi tap\u015f\u0131r\u0131qlar \u00fczr\u0259 s\u0259firl\u0259r v\u0259 X\u0130N-in struktur b\u00f6lm\u0259 r\u0259hb\u0259rl\u0259ri i\u015ftirak edibl\u0259r.<\/p>\n<p>G\u00f6r\u00fc\u015f\u00fc giri\u015f s\u00f6z\u00fc il\u0259 a\u00e7an nazir Ceyhun Bayramov Az\u0259rbaycan Respublikas\u0131n\u0131n Prezidenti \u0130lham \u018fliyevin r\u0259hb\u0259rliyi alt\u0131nda h\u0259yata ke\u00e7iril\u0259n, d\u00f6vl\u0259timizin milli maraqlar\u0131 \u0259saslanan \u00e7ox vektorlu xarici siyas\u0259t f\u0259aliyy\u0259ti, o c\u00fcml\u0259d\u0259n prioritet istiqam\u0259tl\u0259r v\u0259 yeni \u00e7a\u011f\u0131r\u0131\u015flar, ikit\u0259r\u0259fli v\u0259 \u00e7oxt\u0259r\u0259fli m\u00fcst\u0259vil\u0259rd\u0259 \u0259laq\u0259l\u0259rin inki\u015faf\u0131ndan dan\u0131\u015f\u0131b. \u00d6t\u0259n il d\u00fcnyan\u0131n \u00fczl\u0259\u015fdiyi yeni \u00e7a\u011f\u0131r\u0131\u015flara r\u0259\u011fm\u0259n \u00f6lk\u0259mizin h\u0259yata ke\u00e7irdiyi f\u0259al xarici siyas\u0259t, qon\u015fu d\u00f6vl\u0259tl\u0259r prioritet t\u0259\u015fkil etm\u0259kl\u0259, b\u00fct\u00fcn d\u00f6vl\u0259tl\u0259r il\u0259 \u0259m\u0259kda\u015fl\u0131q m\u00fcnasib\u0259tl\u0259rinin inki\u015faf etdirilm\u0259si, d\u00fcnya miqyas\u0131nda ir\u0259li s\u00fcr\u00fcl\u0259n t\u0259\u015f\u0259bb\u00fcsl\u0259r, beyn\u0259lxalq t\u0259\u015fkilatlar \u00e7\u0259r\u00e7iv\u0259sind\u0259 f\u0259al i\u015ftirak\u0131m\u0131z v\u0259 dig\u0259r m\u0259s\u0259l\u0259l\u0259r \u00fczr\u0259 konfrans i\u015ftirak\u00e7\u0131lar\u0131na \u0259trafl\u0131 m\u0259lumat verilib.<\/p>\n<div id=\"AdviadNativeVideo0\" class=\"AdviadNativeVideo\"><\/div>\n<p>X\u00fcsusi diqq\u0259t \u00f6t\u0259n ilin 27 sentyabr\u0131nda Erm\u0259nistan\u0131n n\u00f6vb\u0259ti h\u0259rbi t\u0259xribat\u0131na cavab olaraq Az\u0259rbaycan\u0131n cavab \u0259m\u0259liyyatlar\u0131 v\u0259 6 h\u0259ft\u0259 davam ed\u0259n V\u0259t\u0259n m\u00fcharib\u0259si n\u0259tic\u0259sind\u0259 \u0259ld\u0259 olunmu\u015f Z\u0259f\u0259rin b\u00f6lg\u0259d\u0259 yaratd\u0131\u011f\u0131 yeni reall\u0131qlara v\u0259 geosiyasi v\u0259ziyy\u0259t\u0259 ayr\u0131l\u0131b. 10 noyabr 2020-ci il v\u0259 11 yanvar 2021-ci il tarixli \u00fc\u00e7t\u0259r\u0259fli b\u0259yanatlar\u0131n icras\u0131n\u0131n b\u00f6lg\u0259d\u0259 s\u00fclh, t\u0259hl\u00fck\u0259sizlik v\u0259 t\u0259r\u0259qqiy\u0259 xidm\u0259t etdiyi vur\u011fulan\u0131b. Az\u0259rbaycan, el\u0259c\u0259 d\u0259 b\u00f6lg\u0259d\u0259ki v\u0259ziyy\u0259tl\u0259 ba\u011fl\u0131 h\u0259qiq\u0259tl\u0259rin d\u00fcnya ictimaiyy\u0259tinin diqq\u0259tin\u0259 ard\u0131c\u0131l v\u0259 s\u0259m\u0259r\u0259li \u015f\u0259kild\u0259 \u00e7atd\u0131r\u0131lmas\u0131 sah\u0259sind\u0259 diplomatik n\u00fcmay\u0259nd\u0259likl\u0259rimizin f\u0259aliyy\u0259tinin \u0259h\u0259miyy\u0259ti qeyd olunub.<\/p>\n<p>Video-konfrans zaman\u0131 diplomatik n\u00fcmay\u0259nd\u0259likl\u0259rimizin r\u0259hb\u0259rl\u0259ri il\u0259 il \u0259rzind\u0259 ke\u00e7iril\u0259c\u0259k \u0259sas t\u0259dbirl\u0259r, bir s\u0131ra inzibati v\u0259 t\u0259\u015fkilati xarakterli m\u0259s\u0259l\u0259l\u0259r, h\u0259m\u00e7inin kadr m\u0259s\u0259l\u0259l\u0259ri \u00fczr\u0259 \u0259trafl\u0131 fikir m\u00fcbadil\u0259si apar\u0131l\u0131b. M\u00f6vcud yeni reall\u0131qlar \u015f\u0259raitind\u0259 xarici siyas\u0259t kursunun s\u0259m\u0259r\u0259li \u015f\u0259kild\u0259 h\u0259yata ke\u00e7irilm\u0259si il\u0259 ba\u011fl\u0131 diplomatik n\u00fcmay\u0259nd\u0259likl\u0259rimizin t\u0259klifl\u0259ri dinl\u0259nilib.<\/p>\n<p>T\u0259dbir i\u015ftirak\u00e7\u0131lar\u0131 t\u0259r\u0259find\u0259n m\u0259lumatland\u0131rma v\u0259 \u0259laq\u0259l\u0259ndirm\u0259nin t\u0259min olunmas\u0131 bax\u0131m\u0131ndan onlayn g\u00f6r\u00fc\u015fl\u0259rin \u0259h\u0259miyy\u0259ti qeyd olunub v\u0259 bu kimi m\u0259sl\u0259h\u0259tl\u0259\u015fm\u0259l\u0259rin g\u0259l\u0259c\u0259kd\u0259 davam etdirilm\u0259si \u00fczr\u0259 raz\u0131l\u0131q ifad\u0259 olunub.<\/p>\n","protected":false},"excerpt":{"rendered":"<p>Xarici \u0130\u015fl\u0259r Nazirliyinin r\u0259hb\u0259rliyinin Az\u0259rbaycan Respublikas\u0131n\u0131n xarici \u00f6lk\u0259l\u0259rd\u0259 v\u0259 beyn\u0259lxalq t\u0259\u015fkilatlar yan\u0131nda f\u0259aliyy\u0259t g\u00f6st\u0259r\u0259n diplomatik n\u00fcmay\u0259nd\u0259likl\u0259ri il\u0259 video-konfrans format\u0131nda g\u00f6r\u00fc\u015f\u00fc ke\u00e7irilib. Xarici \u0130\u015fl\u0259r Nazirliyinin M\u0259tbuat xidm\u0259tindan veril\u0259n m\u0259lumata g\u00f6r\u0259, g\u00f6r\u00fc\u015fd\u0259 h\u0259m\u00e7inin xarici i\u015fl\u0259r nazirinin m\u00fcavinl\u0259ri, x\u00fcsusi tap\u015f\u0131r\u0131qlar \u00fczr\u0259 s\u0259firl\u0259r v\u0259 X\u0130N-in struktur b\u00f6lm\u0259 r\u0259hb\u0259rl\u0259ri i\u015ftirak edibl\u0259r. G\u00f6r\u00fc\u015f\u00fc giri\u015f s\u00f6z\u00fc il\u0259 a\u00e7an nazir Ceyhun Bayramov Az\u0259rbaycan Respublikas\u0131n\u0131n Prezidenti \u0130lham \u018fliyevin r\u0259hb\u0259rliyi alt\u0131nda h\u0259yata ke\u00e7iril\u0259n, d\u00f6vl\u0259timizin milli maraqlar\u0131 \u0259saslanan \u00e7ox vektorlu xarici siyas\u0259t f\u0259aliyy\u0259ti, o c\u00fcml\u0259d\u0259n prioritet istiqam\u0259tl\u0259r v\u0259 yeni \u00e7a\u011f\u0131r\u0131\u015flar, ikit\u0259r\u0259fli v\u0259 \u00e7oxt\u0259r\u0259fli m\u00fcst\u0259vil\u0259rd\u0259 \u0259laq\u0259l\u0259rin inki\u015faf\u0131ndan dan\u0131\u015f\u0131b. \u00d6t\u0259n il d\u00fcnyan\u0131n \u00fczl\u0259\u015fdiyi&hellip;<\/p>\n","protected":false},"author":2,"featured_media":292585,"comment_status":"closed","ping_status":"closed","sticky":false,"template":"","format":"standard","meta":{"om_disable_all_campaigns":false,"_monsterinsights_skip_tracking":false,"_monsterinsights_sitenote_active":false,"_monsterinsights_sitenote_note":"","_monsterinsights_sitenote_category":0},"categories":[4],"tags":[],"aioseo_notices":[],"gutentor_comment":0,"rttpg_featured_image_url":{"full":["https:\/\/arantv.az\/wp-content\/uploads\/2021\/02\/1613151344img__0.jpg",620,360,false],"landscape":["https:\/\/arantv.az\/wp-content\/uploads\/2021\/02\/1613151344img__0.jpg",620,360,false],"portraits":["https:\/\/arantv.az\/wp-content\/uploads\/2021\/02\/1613151344img__0.jpg",620,360,false],"thumbnail":["https:\/\/arantv.az\/wp-content\/uploads\/2021\/02\/1613151344img__0-150x150.jpg",150,150,true],"medium":["https:\/\/arantv.az\/wp-content\/uploads\/2021\/02\/1613151344img__0-300x174.jpg",300,174,true],"large":["https:\/\/arantv.az\/wp-content\/uploads\/2021\/02\/1613151344img__0.jpg",620,360,false],"1536x1536":["https:\/\/arantv.az\/wp-content\/uploads\/2021\/02\/1613151344img__0.jpg",620,360,false],"2048x2048":["https:\/\/arantv.az\/wp-content\/uploads\/2021\/02\/1613151344img__0.jpg",620,360,false],"post-thumbnail":["https:\/\/arantv.az\/wp-content\/uploads\/2021\/02\/1613151344img__0-240x172.jpg",240,172,true],"advps-thumb-one":["https:\/\/arantv.az\/wp-content\/uploads\/2021\/02\/1613151344img__0.jpg",620,360,false]},"rttpg_author":{"display_name":"V\u00fcsal Rafiqo\u011flu","author_link":"https:\/\/arantv.az\/?author=2"},"rttpg_comment":0,"rttpg_category":"<a href=\"https:\/\/arantv.az\/?cat=4\" rel=\"category\">Siyas\u0259t<\/a>","rttpg_excerpt":"Xarici \u0130\u015fl\u0259r Nazirliyinin r\u0259hb\u0259rliyinin Az\u0259rbaycan Respublikas\u0131n\u0131n xarici \u00f6lk\u0259l\u0259rd\u0259 v\u0259 beyn\u0259lxalq t\u0259\u015fkilatlar yan\u0131nda f\u0259aliyy\u0259t g\u00f6st\u0259r\u0259n diplomatik n\u00fcmay\u0259nd\u0259likl\u0259ri il\u0259 video-konfrans format\u0131nda g\u00f6r\u00fc\u015f\u00fc ke\u00e7irilib. Xarici \u0130\u015fl\u0259r Nazirliyinin M\u0259tbuat xidm\u0259tindan veril\u0259n m\u0259lumata g\u00f6r\u0259, g\u00f6r\u00fc\u015fd\u0259 h\u0259m\u00e7inin xarici i\u015fl\u0259r nazirinin m\u00fcavinl\u0259ri, x\u00fcsusi tap\u015f\u0131r\u0131qlar \u00fczr\u0259 s\u0259firl\u0259r v\u0259 X\u0130N-in struktur b\u00f6lm\u0259 r\u0259hb\u0259rl\u0259ri i\u015ftirak edibl\u0259r. G\u00f6r\u00fc\u015f\u00fc giri\u015f s\u00f6z\u00fc il\u0259 a\u00e7an nazir Ceyhun Bayramov Az\u0259rbaycan&hellip;","_links":{"self":[{"href":"https:\/\/arantv.az\/index.php?rest_route=\/wp\/v2\/posts\/292584"}],"collection":[{"href":"https:\/\/arantv.az\/index.php?rest_route=\/wp\/v2\/posts"}],"about":[{"href":"https:\/\/arantv.az\/index.php?rest_route=\/wp\/v2\/types\/post"}],"author":[{"embeddable":true,"href":"https:\/\/arantv.az\/index.php?rest_route=\/wp\/v2\/users\/2"}],"replies":[{"embeddable":true,"href":"https:\/\/arantv.az\/index.php?rest_route=%2Fwp%2Fv2%2Fcomments&post=292584"}],"version-history":[{"count":0,"href":"https:\/\/arantv.az\/index.php?rest_route=\/wp\/v2\/posts\/292584\/revisions"}],"wp:featuredmedia":[{"embeddable":true,"href":"https:\/\/arantv.az\/index.php?rest_route=\/wp\/v2\/media\/292585"}],"wp:attachment":[{"href":"https:\/\/arantv.az\/index.php?rest_route=%2Fwp%2Fv2%2Fmedia&parent=292584"}],"wp:term":[{"taxonomy":"category","embeddable":true,"href":"https:\/\/arantv.az\/index.php?rest_route=%2Fwp%2Fv2%2Fcategories&post=292584"},{"taxonomy":"post_tag","embeddable":true,"href":"https:\/\/arantv.az\/index.php?rest_route=%2Fwp%2Fv2%2Ftags&post=292584"}],"curies":[{"name":"wp","href":"https:\/\/api.w.org\/{rel}","templated":true}]}}