{"id":292595,"date":"2021-02-13T07:50:14","date_gmt":"2021-02-13T04:50:14","guid":{"rendered":"http:\/\/arantv.az\/?p=292595"},"modified":"2021-02-13T07:50:14","modified_gmt":"2021-02-13T04:50:14","slug":"fevralin-26-si-abs-in-minnesota-statinda-az%c9%99rbaycan-gunu-elan-edildi-foto","status":"publish","type":"post","link":"https:\/\/arantv.az\/?p=292595","title":{"rendered":"Fevral\u0131n 26-s\u0131 AB\u015e-\u0131n Minnesota \u015ftat\u0131nda Az\u0259rbaycan G\u00fcn\u00fc elan edildi &#8211; FOTO"},"content":{"rendered":"<p>AB\u015e-\u0131n Minnesota \u015ftat\u0131n\u0131n qubernatoru Tim Volz fevral\u0131n 26-s\u0131n\u0131n Az\u0259rbaycan G\u00fcn\u00fc elan edilm\u0259si il\u0259 ba\u011fl\u0131 b\u0259yanat imzalay\u0131b.<\/p>\n<p>Diasporla \u0130\u015f \u00fczr\u0259 D\u00f6vl\u0259t Komit\u0259sind\u0259n veril\u0259n m\u0259lumata g\u00f6r\u0259, b\u0259yanat\u0131n imzalanmas\u0131 Minnesota Az\u0259rbaycan Assosiasiyas\u0131n\u0131n r\u0259hb\u0259ri G\u00fcnel Rallisin t\u0259\u015f\u0259bb\u00fcs\u00fc olub.<\/p>\n<p>B\u0259yanatda qeyd olunub ki, Minnesotada ya\u015fayan az\u0259rbaycanl\u0131lar ana dilini, z\u0259ngin milli-m\u0259d\u0259ni d\u0259y\u0259rl\u0259rini, \u0259n\u0259n\u0259l\u0259rini qoruyub-saxlamaqla, h\u0259m\u00e7inin t\u0259bli\u011f etm\u0259kl\u0259 yerli m\u0259d\u0259niyy\u0259t\u0259 t\u00f6hf\u0259 verm\u0259kd\u0259dirl\u0259r.<\/p>\n<p>Qeyd ed\u0259k ki, 2016-c\u0131 ild\u0259 AB\u015e-\u0131n Minnesota \u015ftat\u0131n\u0131n N\u00fcmay\u0259nd\u0259l\u0259r Palatas\u0131 Xocal\u0131 soyq\u0131r\u0131m\u0131n\u0131n 24-c\u00fc ild\u00f6n\u00fcm\u00fc il\u0259 \u0259laq\u0259dar q\u0259tnam\u0259 q\u0259bul edib.<\/p>\n<div class=\"gallery\">\n<div class=\"gallery-i\"><img src=\"https:\/\/cdn.oxu.az\/uploads\/W1siZiIsIjIwMjEvMDIvMTIvMjMvNDMvMTYvMTQ2MzBlMjMtOTg3Zi00YmRmLWI1ODctNTAzOGJjOTExNGU3L1BIT1RPLTIwMjEtMDItMTItMjItMjctMDEuanBnIl0sWyJwIiwiZW5jb2RlIiwianBnIiwiLXF1YWxpdHkgODAiXSxbInAiLCJ0aHVtYiIsIjU5MHg1OTBcdTAwM2UiXV0?sha=52158018d89c33f6\" \/><\/div>\n<\/div>\n","protected":false},"excerpt":{"rendered":"<p>AB\u015e-\u0131n Minnesota \u015ftat\u0131n\u0131n qubernatoru Tim Volz fevral\u0131n 26-s\u0131n\u0131n Az\u0259rbaycan G\u00fcn\u00fc elan edilm\u0259si il\u0259 ba\u011fl\u0131 b\u0259yanat imzalay\u0131b. Diasporla \u0130\u015f \u00fczr\u0259 D\u00f6vl\u0259t Komit\u0259sind\u0259n veril\u0259n m\u0259lumata g\u00f6r\u0259, b\u0259yanat\u0131n imzalanmas\u0131 Minnesota Az\u0259rbaycan Assosiasiyas\u0131n\u0131n r\u0259hb\u0259ri G\u00fcnel Rallisin t\u0259\u015f\u0259bb\u00fcs\u00fc olub. B\u0259yanatda qeyd olunub ki, Minnesotada ya\u015fayan az\u0259rbaycanl\u0131lar ana dilini, z\u0259ngin milli-m\u0259d\u0259ni d\u0259y\u0259rl\u0259rini, \u0259n\u0259n\u0259l\u0259rini qoruyub-saxlamaqla, h\u0259m\u00e7inin t\u0259bli\u011f etm\u0259kl\u0259 yerli m\u0259d\u0259niyy\u0259t\u0259 t\u00f6hf\u0259 verm\u0259kd\u0259dirl\u0259r. Qeyd ed\u0259k ki, 2016-c\u0131 ild\u0259 AB\u015e-\u0131n Minnesota \u015ftat\u0131n\u0131n N\u00fcmay\u0259nd\u0259l\u0259r Palatas\u0131 Xocal\u0131 soyq\u0131r\u0131m\u0131n\u0131n 24-c\u00fc ild\u00f6n\u00fcm\u00fc il\u0259 \u0259laq\u0259dar q\u0259tnam\u0259 q\u0259bul edib.<\/p>\n","protected":false},"author":2,"featured_media":292596,"comment_status":"closed","ping_status":"closed","sticky":false,"template":"","format":"standard","meta":{"om_disable_all_campaigns":false,"_monsterinsights_skip_tracking":false,"_monsterinsights_sitenote_active":false,"_monsterinsights_sitenote_note":"","_monsterinsights_sitenote_category":0},"categories":[26],"tags":[],"aioseo_notices":[],"gutentor_comment":0,"rttpg_featured_image_url":{"full":["https:\/\/arantv.az\/wp-content\/uploads\/2021\/02\/9d1404cfffe5f04d694a5053a1a6dcd0_675_0_0.jpg",620,413,false],"landscape":["https:\/\/arantv.az\/wp-content\/uploads\/2021\/02\/9d1404cfffe5f04d694a5053a1a6dcd0_675_0_0.jpg",620,413,false],"portraits":["https:\/\/arantv.az\/wp-content\/uploads\/2021\/02\/9d1404cfffe5f04d694a5053a1a6dcd0_675_0_0.jpg",620,413,false],"thumbnail":["https:\/\/arantv.az\/wp-content\/uploads\/2021\/02\/9d1404cfffe5f04d694a5053a1a6dcd0_675_0_0-150x150.jpg",150,150,true],"medium":["https:\/\/arantv.az\/wp-content\/uploads\/2021\/02\/9d1404cfffe5f04d694a5053a1a6dcd0_675_0_0-300x200.jpg",300,200,true],"large":["https:\/\/arantv.az\/wp-content\/uploads\/2021\/02\/9d1404cfffe5f04d694a5053a1a6dcd0_675_0_0.jpg",620,413,false],"1536x1536":["https:\/\/arantv.az\/wp-content\/uploads\/2021\/02\/9d1404cfffe5f04d694a5053a1a6dcd0_675_0_0.jpg",620,413,false],"2048x2048":["https:\/\/arantv.az\/wp-content\/uploads\/2021\/02\/9d1404cfffe5f04d694a5053a1a6dcd0_675_0_0.jpg",620,413,false],"post-thumbnail":["https:\/\/arantv.az\/wp-content\/uploads\/2021\/02\/9d1404cfffe5f04d694a5053a1a6dcd0_675_0_0-240x172.jpg",240,172,true],"advps-thumb-one":["https:\/\/arantv.az\/wp-content\/uploads\/2021\/02\/9d1404cfffe5f04d694a5053a1a6dcd0_675_0_0.jpg",620,413,false]},"rttpg_author":{"display_name":"V\u00fcsal Rafiqo\u011flu","author_link":"https:\/\/arantv.az\/?author=2"},"rttpg_comment":0,"rttpg_category":"<a href=\"https:\/\/arantv.az\/?cat=26\" rel=\"category\">Sosial<\/a>","rttpg_excerpt":"AB\u015e-\u0131n Minnesota \u015ftat\u0131n\u0131n qubernatoru Tim Volz fevral\u0131n 26-s\u0131n\u0131n Az\u0259rbaycan G\u00fcn\u00fc elan edilm\u0259si il\u0259 ba\u011fl\u0131 b\u0259yanat imzalay\u0131b. Diasporla \u0130\u015f \u00fczr\u0259 D\u00f6vl\u0259t Komit\u0259sind\u0259n veril\u0259n m\u0259lumata g\u00f6r\u0259, b\u0259yanat\u0131n imzalanmas\u0131 Minnesota Az\u0259rbaycan Assosiasiyas\u0131n\u0131n r\u0259hb\u0259ri G\u00fcnel Rallisin t\u0259\u015f\u0259bb\u00fcs\u00fc olub. B\u0259yanatda qeyd olunub ki, Minnesotada ya\u015fayan az\u0259rbaycanl\u0131lar ana dilini, z\u0259ngin milli-m\u0259d\u0259ni d\u0259y\u0259rl\u0259rini, \u0259n\u0259n\u0259l\u0259rini qoruyub-saxlamaqla, h\u0259m\u00e7inin t\u0259bli\u011f etm\u0259kl\u0259 yerli m\u0259d\u0259niyy\u0259t\u0259 t\u00f6hf\u0259 verm\u0259kd\u0259dirl\u0259r.&hellip;","_links":{"self":[{"href":"https:\/\/arantv.az\/index.php?rest_route=\/wp\/v2\/posts\/292595"}],"collection":[{"href":"https:\/\/arantv.az\/index.php?rest_route=\/wp\/v2\/posts"}],"about":[{"href":"https:\/\/arantv.az\/index.php?rest_route=\/wp\/v2\/types\/post"}],"author":[{"embeddable":true,"href":"https:\/\/arantv.az\/index.php?rest_route=\/wp\/v2\/users\/2"}],"replies":[{"embeddable":true,"href":"https:\/\/arantv.az\/index.php?rest_route=%2Fwp%2Fv2%2Fcomments&post=292595"}],"version-history":[{"count":0,"href":"https:\/\/arantv.az\/index.php?rest_route=\/wp\/v2\/posts\/292595\/revisions"}],"wp:featuredmedia":[{"embeddable":true,"href":"https:\/\/arantv.az\/index.php?rest_route=\/wp\/v2\/media\/292596"}],"wp:attachment":[{"href":"https:\/\/arantv.az\/index.php?rest_route=%2Fwp%2Fv2%2Fmedia&parent=292595"}],"wp:term":[{"taxonomy":"category","embeddable":true,"href":"https:\/\/arantv.az\/index.php?rest_route=%2Fwp%2Fv2%2Fcategories&post=292595"},{"taxonomy":"post_tag","embeddable":true,"href":"https:\/\/arantv.az\/index.php?rest_route=%2Fwp%2Fv2%2Ftags&post=292595"}],"curies":[{"name":"wp","href":"https:\/\/api.w.org\/{rel}","templated":true}]}}