{"id":292607,"date":"2021-02-13T07:52:47","date_gmt":"2021-02-13T04:52:47","guid":{"rendered":"http:\/\/arantv.az\/?p=292607"},"modified":"2021-02-13T07:52:47","modified_gmt":"2021-02-13T04:52:47","slug":"ceyhun-bayramov-movlud-cavusoglunu-t%c9%99brik-etdi-foto","status":"publish","type":"post","link":"https:\/\/arantv.az\/?p=292607","title":{"rendered":"Ceyhun Bayramov M\u00f6vlud \u00c7avu\u015fo\u011flunu t\u0259brik etdi &#8211; FOTO"},"content":{"rendered":"<p>Xarici i\u015fl\u0259r Naziri Ceyhun Bayramov T\u00fcrkiy\u0259 Xarici \u0130\u015fl\u0259r Naziri M\u00f6vlud \u00c7avu\u015fo\u011flunu t\u0259brik edib.<\/p>\n<p>O bu bar\u0259d\u0259 \u00f6z \u201cTwitter\u201d hesab\u0131nda payla\u015f\u0131m edib.<\/p>\n<p>Payla\u015f\u0131mda qeyd edilir:<\/p>\n<p>\u201cD\u0259niz quldurlar\u0131n\u0131n h\u00fccumuna m\u0259ruz qalan v\u0259 \u0259sir g\u00f6t\u00fcr\u00fcl\u0259n 15 T\u00fcrkiy\u0259 v\u0259t\u0259nda\u015f\u0131n\u0131n azad olunmas\u0131 x\u0259b\u0259ri bizi \u00e7ox sevindirdi. T\u00fcrkiy\u0259li qarda\u015flar\u0131m\u0131z\u0131 v\u0259 onlar\u0131n ail\u0259l\u0259rini, habel\u0259 d\u0259niz\u00e7il\u0259rin azad olunmas\u0131nda x\u00fcsusi \u0259m\u0259yi olan\u00a0qarda\u015f\u0131m M\u00f6vlud \u00c7avu\u015fo\u011flunu \u00fcr\u0259kd\u0259n t\u0259brik edir\u0259m\u201d.<\/p>\n<div>\n<div class=\"twitter-tweet twitter-tweet-rendered\"><iframe id=\"twitter-widget-0\" class=\"\" title=\"Twitter Tweet\" src=\"https:\/\/platform.twitter.com\/embed\/Tweet.html?creatorScreenName=oxuaz&amp;dnt=false&amp;embedId=twitter-widget-0&amp;frame=false&amp;hideCard=false&amp;hideThread=false&amp;id=1360288895938813954&amp;lang=en&amp;origin=https%3A%2F%2Foxu.az%2Fpolitics%2F466938&amp;siteScreenName=oxuaz&amp;theme=light&amp;widgetsVersion=889aa01%3A1612811843556&amp;width=550px\" frameborder=\"0\" scrolling=\"no\" allowfullscreen=\"allowfullscreen\" data-tweet-id=\"1360288895938813954\" data-mce-fragment=\"1\"><\/iframe><\/div>\n<\/div>\n<p>&nbsp;<\/p>\n","protected":false},"excerpt":{"rendered":"<p>Xarici i\u015fl\u0259r Naziri Ceyhun Bayramov T\u00fcrkiy\u0259 Xarici \u0130\u015fl\u0259r Naziri M\u00f6vlud \u00c7avu\u015fo\u011flunu t\u0259brik edib. O bu bar\u0259d\u0259 \u00f6z \u201cTwitter\u201d hesab\u0131nda payla\u015f\u0131m edib. Payla\u015f\u0131mda qeyd edilir: \u201cD\u0259niz quldurlar\u0131n\u0131n h\u00fccumuna m\u0259ruz qalan v\u0259 \u0259sir g\u00f6t\u00fcr\u00fcl\u0259n 15 T\u00fcrkiy\u0259 v\u0259t\u0259nda\u015f\u0131n\u0131n azad olunmas\u0131 x\u0259b\u0259ri bizi \u00e7ox sevindirdi. T\u00fcrkiy\u0259li qarda\u015flar\u0131m\u0131z\u0131 v\u0259 onlar\u0131n ail\u0259l\u0259rini, habel\u0259 d\u0259niz\u00e7il\u0259rin azad olunmas\u0131nda x\u00fcsusi \u0259m\u0259yi olan\u00a0qarda\u015f\u0131m M\u00f6vlud \u00c7avu\u015fo\u011flunu \u00fcr\u0259kd\u0259n t\u0259brik edir\u0259m\u201d. &nbsp;<\/p>\n","protected":false},"author":2,"featured_media":292608,"comment_status":"closed","ping_status":"closed","sticky":false,"template":"","format":"standard","meta":{"om_disable_all_campaigns":false,"_monsterinsights_skip_tracking":false,"_monsterinsights_sitenote_active":false,"_monsterinsights_sitenote_note":"","_monsterinsights_sitenote_category":0},"categories":[4],"tags":[],"aioseo_notices":[],"gutentor_comment":0,"rttpg_featured_image_url":{"full":["https:\/\/arantv.az\/wp-content\/uploads\/2021\/02\/mevlutt.jpg",620,349,false],"landscape":["https:\/\/arantv.az\/wp-content\/uploads\/2021\/02\/mevlutt.jpg",620,349,false],"portraits":["https:\/\/arantv.az\/wp-content\/uploads\/2021\/02\/mevlutt.jpg",620,349,false],"thumbnail":["https:\/\/arantv.az\/wp-content\/uploads\/2021\/02\/mevlutt-150x150.jpg",150,150,true],"medium":["https:\/\/arantv.az\/wp-content\/uploads\/2021\/02\/mevlutt-300x169.jpg",300,169,true],"large":["https:\/\/arantv.az\/wp-content\/uploads\/2021\/02\/mevlutt.jpg",620,349,false],"1536x1536":["https:\/\/arantv.az\/wp-content\/uploads\/2021\/02\/mevlutt.jpg",620,349,false],"2048x2048":["https:\/\/arantv.az\/wp-content\/uploads\/2021\/02\/mevlutt.jpg",620,349,false],"post-thumbnail":["https:\/\/arantv.az\/wp-content\/uploads\/2021\/02\/mevlutt-240x172.jpg",240,172,true],"advps-thumb-one":["https:\/\/arantv.az\/wp-content\/uploads\/2021\/02\/mevlutt.jpg",620,349,false]},"rttpg_author":{"display_name":"V\u00fcsal Rafiqo\u011flu","author_link":"https:\/\/arantv.az\/?author=2"},"rttpg_comment":0,"rttpg_category":"<a href=\"https:\/\/arantv.az\/?cat=4\" rel=\"category\">Siyas\u0259t<\/a>","rttpg_excerpt":"Xarici i\u015fl\u0259r Naziri Ceyhun Bayramov T\u00fcrkiy\u0259 Xarici \u0130\u015fl\u0259r Naziri M\u00f6vlud \u00c7avu\u015fo\u011flunu t\u0259brik edib. O bu bar\u0259d\u0259 \u00f6z \u201cTwitter\u201d hesab\u0131nda payla\u015f\u0131m edib. Payla\u015f\u0131mda qeyd edilir: \u201cD\u0259niz quldurlar\u0131n\u0131n h\u00fccumuna m\u0259ruz qalan v\u0259 \u0259sir g\u00f6t\u00fcr\u00fcl\u0259n 15 T\u00fcrkiy\u0259 v\u0259t\u0259nda\u015f\u0131n\u0131n azad olunmas\u0131 x\u0259b\u0259ri bizi \u00e7ox sevindirdi. T\u00fcrkiy\u0259li qarda\u015flar\u0131m\u0131z\u0131 v\u0259 onlar\u0131n ail\u0259l\u0259rini, habel\u0259 d\u0259niz\u00e7il\u0259rin azad olunmas\u0131nda x\u00fcsusi \u0259m\u0259yi olan\u00a0qarda\u015f\u0131m M\u00f6vlud \u00c7avu\u015fo\u011flunu&hellip;","_links":{"self":[{"href":"https:\/\/arantv.az\/index.php?rest_route=\/wp\/v2\/posts\/292607"}],"collection":[{"href":"https:\/\/arantv.az\/index.php?rest_route=\/wp\/v2\/posts"}],"about":[{"href":"https:\/\/arantv.az\/index.php?rest_route=\/wp\/v2\/types\/post"}],"author":[{"embeddable":true,"href":"https:\/\/arantv.az\/index.php?rest_route=\/wp\/v2\/users\/2"}],"replies":[{"embeddable":true,"href":"https:\/\/arantv.az\/index.php?rest_route=%2Fwp%2Fv2%2Fcomments&post=292607"}],"version-history":[{"count":0,"href":"https:\/\/arantv.az\/index.php?rest_route=\/wp\/v2\/posts\/292607\/revisions"}],"wp:featuredmedia":[{"embeddable":true,"href":"https:\/\/arantv.az\/index.php?rest_route=\/wp\/v2\/media\/292608"}],"wp:attachment":[{"href":"https:\/\/arantv.az\/index.php?rest_route=%2Fwp%2Fv2%2Fmedia&parent=292607"}],"wp:term":[{"taxonomy":"category","embeddable":true,"href":"https:\/\/arantv.az\/index.php?rest_route=%2Fwp%2Fv2%2Fcategories&post=292607"},{"taxonomy":"post_tag","embeddable":true,"href":"https:\/\/arantv.az\/index.php?rest_route=%2Fwp%2Fv2%2Ftags&post=292607"}],"curies":[{"name":"wp","href":"https:\/\/api.w.org\/{rel}","templated":true}]}}