{"id":295715,"date":"2021-02-17T15:02:03","date_gmt":"2021-02-17T12:02:03","guid":{"rendered":"http:\/\/arantv.az\/?p=295715"},"modified":"2021-02-17T15:02:03","modified_gmt":"2021-02-17T12:02:03","slug":"goycayda-kob-dostu-ofisi-f%c9%99aliyy%c9%99t%c9%99-basladi","status":"publish","type":"post","link":"https:\/\/arantv.az\/?p=295715","title":{"rendered":"G\u00f6y\u00e7ayda \u201cKOB Dostu\u201d ofisi f\u0259aliyy\u0259t\u0259 ba\u015flad\u0131"},"content":{"rendered":"<p>Ki\u00e7ik v\u0259 Orta Biznesin \u0130nki\u015faf\u0131 Agentliyinin (KOB\u0130A) n\u00f6vb\u0259ti \u201cKOB Dostu\u201d ofisi G\u00f6y\u00e7ay rayonunda f\u0259aliyy\u0259t\u0259 ba\u015flay\u0131b.<\/p>\n<p>KOB\u0130A-dan bildirilib ki, bu g\u00fcnd\u0259n etibar\u0259n G\u00f6y\u00e7ay v\u0259 \u0259traf b\u00f6lg\u0259l\u0259rd\u0259 f\u0259aliyy\u0259t g\u00f6st\u0259r\u0259n mikro, ki\u00e7ik v\u0259 orta sahibkarl\u0131q subyektl\u0259ri v\u0259 \u00f6z biznesini qurmaq ist\u0259y\u0259n potensial sahibkarlar biznes f\u0259aliyy\u0259ti il\u0259 ba\u011fl\u0131 d\u0259st\u0259k v\u0259 xidm\u0259tl\u0259r \u00fc\u00e7\u00fcn G\u00f6y\u00e7ay \u201cKOB Dostu\u201dna m\u00fcraci\u0259t ed\u0259 bil\u0259rl\u0259r. G\u00f6y\u00e7ay \u201cKOB Dostu\u201d ofisi G\u00f6y\u00e7ay \u015f\u0259h\u0259ri, Heyd\u0259r \u018fliyev M\u0259rk\u0259zind\u0259 yerl\u0259\u015fir.<\/p>\n<p>G\u00f6y\u00e7ay \u201cKOB Dostu\u201d Aran iqtisadi rayonunda yeni KOB-lar\u0131n yaranmas\u0131na v\u0259 m\u00f6vcud KOB-lar\u0131n inki\u015faf\u0131na h\u0259rt\u0259r\u0259fli d\u00f6vl\u0259t d\u0259st\u0259yini yerind\u0259 t\u0259min ed\u0259c\u0259k, bu m\u0259qs\u0259dl\u0259 m\u00f6vcud d\u00f6vl\u0259t d\u0259st\u0259yi mexanizml\u0259ri v\u0259 agentliyin xidm\u0259tl\u0259ri (informasiya, m\u0259sl\u0259h\u0259t, h\u00fcquqi yard\u0131m, d\u00f6vl\u0259t v\u0259 \u00f6z\u0259l qurumlarla \u0259laq\u0259l\u0259ndirm\u0259, m\u00f6vcud maliyy\u0259 resurslar\u0131na v\u0259 bazarlara \u00e7\u0131x\u0131\u015f v\u0259 sair) \u00e7\u0259r\u00e7iv\u0259sind\u0259 sahibkarlara z\u0259ruri d\u0259st\u0259k g\u00f6st\u0259r\u0259c\u0259k, KOB-lar\u0131n maraqlar\u0131n\u0131n m\u00fcdafi\u0259si, qar\u015f\u0131la\u015fd\u0131qlar\u0131 \u00e7\u0259tinlikl\u0259rin h\u0259lli istiqam\u0259tind\u0259 d\u00f6vl\u0259t-sahibkar \u0259m\u0259kda\u015fl\u0131\u011f\u0131 platformas\u0131 \u00e7\u0259r\u00e7iv\u0259sind\u0259 m\u00fcvafiq t\u0259dbirl\u0259r g\u00f6r\u0259c\u0259k. H\u0259m\u00e7inin G\u00f6y\u00e7ay \u201cKOB Dostu\u201d sahibkarlar\u0131n inki\u015faf ehtiyaclar\u0131n\u0131 v\u0259 t\u0259klifl\u0259rini sor\u011fular vasit\u0259sil\u0259 \u00f6yr\u0259n\u0259c\u0259k, KOB-lara g\u00f6st\u0259ril\u0259n d\u0259st\u0259k v\u0259 xidm\u0259tl\u0259rin t\u0259kmill\u0259\u015fdirilm\u0259si, \u0259hat\u0259 dair\u0259sinin geni\u015fl\u0259ndirilm\u0259si m\u0259qs\u0259dil\u0259 monitorinql\u0259r aparacaq.<\/p>\n<p>Qeyd ed\u0259k ki, G\u00f6y\u00e7aydak\u0131 ofis KOB\u0130A-n\u0131n sayca 24-c\u00fc \u201cKOB Dostu\u201d ofisidir.<\/p>\n","protected":false},"excerpt":{"rendered":"<p>Ki\u00e7ik v\u0259 Orta Biznesin \u0130nki\u015faf\u0131 Agentliyinin (KOB\u0130A) n\u00f6vb\u0259ti \u201cKOB Dostu\u201d ofisi G\u00f6y\u00e7ay rayonunda f\u0259aliyy\u0259t\u0259 ba\u015flay\u0131b. KOB\u0130A-dan bildirilib ki, bu g\u00fcnd\u0259n etibar\u0259n G\u00f6y\u00e7ay v\u0259 \u0259traf b\u00f6lg\u0259l\u0259rd\u0259 f\u0259aliyy\u0259t g\u00f6st\u0259r\u0259n mikro, ki\u00e7ik v\u0259 orta sahibkarl\u0131q subyektl\u0259ri v\u0259 \u00f6z biznesini qurmaq ist\u0259y\u0259n potensial sahibkarlar biznes f\u0259aliyy\u0259ti il\u0259 ba\u011fl\u0131 d\u0259st\u0259k v\u0259 xidm\u0259tl\u0259r \u00fc\u00e7\u00fcn G\u00f6y\u00e7ay \u201cKOB Dostu\u201dna m\u00fcraci\u0259t ed\u0259 bil\u0259rl\u0259r. G\u00f6y\u00e7ay \u201cKOB Dostu\u201d ofisi G\u00f6y\u00e7ay \u015f\u0259h\u0259ri, Heyd\u0259r \u018fliyev M\u0259rk\u0259zind\u0259 yerl\u0259\u015fir. G\u00f6y\u00e7ay \u201cKOB Dostu\u201d Aran iqtisadi rayonunda yeni KOB-lar\u0131n yaranmas\u0131na v\u0259 m\u00f6vcud KOB-lar\u0131n inki\u015faf\u0131na h\u0259rt\u0259r\u0259fli d\u00f6vl\u0259t d\u0259st\u0259yini yerind\u0259 t\u0259min ed\u0259c\u0259k, bu m\u0259qs\u0259dl\u0259 m\u00f6vcud d\u00f6vl\u0259t d\u0259st\u0259yi mexanizml\u0259ri v\u0259&hellip;<\/p>\n","protected":false},"author":2,"featured_media":295716,"comment_status":"closed","ping_status":"closed","sticky":false,"template":"","format":"standard","meta":{"om_disable_all_campaigns":false,"_monsterinsights_skip_tracking":false,"_monsterinsights_sitenote_active":false,"_monsterinsights_sitenote_note":"","_monsterinsights_sitenote_category":0},"categories":[4],"tags":[],"aioseo_notices":[],"gutentor_comment":0,"rttpg_featured_image_url":{"full":["https:\/\/arantv.az\/wp-content\/uploads\/2021\/02\/FotoJet-17.jpg",558,465,false],"landscape":["https:\/\/arantv.az\/wp-content\/uploads\/2021\/02\/FotoJet-17.jpg",558,465,false],"portraits":["https:\/\/arantv.az\/wp-content\/uploads\/2021\/02\/FotoJet-17.jpg",558,465,false],"thumbnail":["https:\/\/arantv.az\/wp-content\/uploads\/2021\/02\/FotoJet-17-150x150.jpg",150,150,true],"medium":["https:\/\/arantv.az\/wp-content\/uploads\/2021\/02\/FotoJet-17-300x250.jpg",300,250,true],"large":["https:\/\/arantv.az\/wp-content\/uploads\/2021\/02\/FotoJet-17.jpg",558,465,false],"1536x1536":["https:\/\/arantv.az\/wp-content\/uploads\/2021\/02\/FotoJet-17.jpg",558,465,false],"2048x2048":["https:\/\/arantv.az\/wp-content\/uploads\/2021\/02\/FotoJet-17.jpg",558,465,false],"post-thumbnail":["https:\/\/arantv.az\/wp-content\/uploads\/2021\/02\/FotoJet-17-240x172.jpg",240,172,true],"advps-thumb-one":["https:\/\/arantv.az\/wp-content\/uploads\/2021\/02\/FotoJet-17.jpg",558,465,false]},"rttpg_author":{"display_name":"V\u00fcsal Rafiqo\u011flu","author_link":"https:\/\/arantv.az\/?author=2"},"rttpg_comment":0,"rttpg_category":"<a href=\"https:\/\/arantv.az\/?cat=4\" rel=\"category\">Siyas\u0259t<\/a>","rttpg_excerpt":"Ki\u00e7ik v\u0259 Orta Biznesin \u0130nki\u015faf\u0131 Agentliyinin (KOB\u0130A) n\u00f6vb\u0259ti \u201cKOB Dostu\u201d ofisi G\u00f6y\u00e7ay rayonunda f\u0259aliyy\u0259t\u0259 ba\u015flay\u0131b. KOB\u0130A-dan bildirilib ki, bu g\u00fcnd\u0259n etibar\u0259n G\u00f6y\u00e7ay v\u0259 \u0259traf b\u00f6lg\u0259l\u0259rd\u0259 f\u0259aliyy\u0259t g\u00f6st\u0259r\u0259n mikro, ki\u00e7ik v\u0259 orta sahibkarl\u0131q subyektl\u0259ri v\u0259 \u00f6z biznesini qurmaq ist\u0259y\u0259n potensial sahibkarlar biznes f\u0259aliyy\u0259ti il\u0259 ba\u011fl\u0131 d\u0259st\u0259k v\u0259 xidm\u0259tl\u0259r \u00fc\u00e7\u00fcn G\u00f6y\u00e7ay \u201cKOB Dostu\u201dna m\u00fcraci\u0259t ed\u0259 bil\u0259rl\u0259r. G\u00f6y\u00e7ay&hellip;","_links":{"self":[{"href":"https:\/\/arantv.az\/index.php?rest_route=\/wp\/v2\/posts\/295715"}],"collection":[{"href":"https:\/\/arantv.az\/index.php?rest_route=\/wp\/v2\/posts"}],"about":[{"href":"https:\/\/arantv.az\/index.php?rest_route=\/wp\/v2\/types\/post"}],"author":[{"embeddable":true,"href":"https:\/\/arantv.az\/index.php?rest_route=\/wp\/v2\/users\/2"}],"replies":[{"embeddable":true,"href":"https:\/\/arantv.az\/index.php?rest_route=%2Fwp%2Fv2%2Fcomments&post=295715"}],"version-history":[{"count":0,"href":"https:\/\/arantv.az\/index.php?rest_route=\/wp\/v2\/posts\/295715\/revisions"}],"wp:featuredmedia":[{"embeddable":true,"href":"https:\/\/arantv.az\/index.php?rest_route=\/wp\/v2\/media\/295716"}],"wp:attachment":[{"href":"https:\/\/arantv.az\/index.php?rest_route=%2Fwp%2Fv2%2Fmedia&parent=295715"}],"wp:term":[{"taxonomy":"category","embeddable":true,"href":"https:\/\/arantv.az\/index.php?rest_route=%2Fwp%2Fv2%2Fcategories&post=295715"},{"taxonomy":"post_tag","embeddable":true,"href":"https:\/\/arantv.az\/index.php?rest_route=%2Fwp%2Fv2%2Ftags&post=295715"}],"curies":[{"name":"wp","href":"https:\/\/api.w.org\/{rel}","templated":true}]}}