{"id":295723,"date":"2021-02-17T15:31:51","date_gmt":"2021-02-17T12:31:51","guid":{"rendered":"http:\/\/arantv.az\/?p=295723"},"modified":"2021-02-17T15:31:51","modified_gmt":"2021-02-17T12:31:51","slug":"italiyada-d%c9%99fni-ucun-yer-tapilmayan-az%c9%99rbaycanli-usaq-bir-ay-sonra-basdirildi","status":"publish","type":"post","link":"https:\/\/arantv.az\/?p=295723","title":{"rendered":"\u0130taliyada d\u0259fni \u00fc\u00e7\u00fcn yer tap\u0131lmayan az\u0259rbaycanl\u0131 u\u015faq bir ay sonra basd\u0131r\u0131ld\u0131"},"content":{"rendered":"<p>\u0130taliyan\u0131n Lombardiya \u0259yal\u0259tinin Pavia \u015f\u0259h\u0259rind\u0259 anas\u0131 il\u0259 qa\u00e7q\u0131n d\u00fc\u015f\u0259rg\u0259sind\u0259 ya\u015fayan s\u0259kkiz ya\u015fl\u0131 az\u0259rbaycanl\u0131 Emil faci\u0259vi \u015f\u0259kild\u0259 v\u0259fat edib. Autizmd\u0259n \u0259ziyy\u0259t \u00e7\u0259k\u0259n u\u015faq ehtiyats\u0131zl\u0131q s\u0259b\u0259bind\u0259n g\u00f6d\u0259kc\u0259 il\u0259 \u00f6z\u00fcn\u00fc bo\u011faraq \u00f6ld\u00fcr\u00fcb.<\/p>\n<p>\u201cQafqazinfo\u201d \u201cIl Giorno Pavia\u201d n\u0259\u015frin\u0259 istinad\u0259n x\u0259b\u0259r verir ki, \u00f6l\u0259n azya\u015fl\u0131n\u0131n anas\u0131 m\u00fcs\u0259lman q\u0259biristanl\u0131qlar\u0131nda yer verilm\u0259diyi \u00fc\u00e7\u00fcn uzun m\u00fcdd\u0259t onu d\u0259fn ed\u0259 bilm\u0259yib.<\/p>\n<p>N\u0259\u015fr \u0259yal\u0259tin yaln\u0131z Pavia v\u0259 Vicevano \u015f\u0259h\u0259rl\u0259rind\u0259 m\u00fcs\u0259lman q\u0259biristanl\u0131\u011f\u0131n\u0131n oldu\u011funu yaz\u0131r. Pavia \u015f\u0259h\u0259rind\u0259 q\u0259biristanl\u0131qda art\u0131q yer qalmad\u0131\u011f\u0131 v\u0259 Vicevanodak\u0131 q\u0259biristanl\u0131qda is\u0259 yaln\u0131z bu \u015f\u0259h\u0259rd\u0259 anadan olan v\u0259 ya orada ya\u015fayanlar\u0131n d\u0259fn oluna bil\u0259c\u0259yi bildirilib.<\/p>\n<div id=\"AdviadNativeVideo0\" class=\"AdviadNativeVideo\"><\/div>\n<p>Q\u0259zetin yazd\u0131\u011f\u0131na g\u00f6r\u0259, daha sonra azya\u015fl\u0131n\u0131n c\u0259s\u0259di qon\u015fu Cremona \u015f\u0259h\u0259rin\u0259 apar\u0131l\u0131b v\u0259 orada \u00f6l\u00fcm\u00fcnd\u0259n t\u0259xmin\u0259n bir ay sonra, 16 fevralda d\u0259fn edilib. Bu hadis\u0259 \u0130taliya ictimaiyy\u0259tind\u0259 geni\u015f rezonans do\u011furub v\u0259 haz\u0131rda Pavia \u015f\u0259h\u0259rinin r\u0259hb\u0259rliyi m\u00fcs\u0259lmanlar\u0131n d\u0259fn edilm\u0259si problemini h\u0259ll etm\u0259y\u0259 ba\u015flay\u0131b.<\/p>\n<p>\u201cKi\u00e7ik Emilin \u00f6l\u00fcm\u00fcnd\u0259n \u00fcr\u0259yim a\u011fr\u0131d\u0131. Bel\u0259 hadis\u0259 bir daha t\u0259krarlanmamal\u0131d\u0131r\u201d, &#8211; dey\u0259 q\u0259biristanl\u0131q xidm\u0259tinin m\u00fc\u015faviri Barbara Longo az\u0259rbaycanl\u0131 u\u015faqla ba\u011fl\u0131 hadis\u0259ni \u015f\u0259rh ed\u0259rk\u0259n bildirib.<\/p>\n<p>Onun s\u00f6zl\u0259rin\u0259 g\u00f6r\u0259, \u015f\u0259h\u0259r indi Fossarmatoda kommunas\u0131nda m\u00fcs\u0259lmanlar \u00fc\u00e7\u00fcn yeni q\u0259biristanl\u0131q a\u00e7ma\u011f\u0131 planla\u015fd\u0131r\u0131r.<\/p>\n","protected":false},"excerpt":{"rendered":"<p>\u0130taliyan\u0131n Lombardiya \u0259yal\u0259tinin Pavia \u015f\u0259h\u0259rind\u0259 anas\u0131 il\u0259 qa\u00e7q\u0131n d\u00fc\u015f\u0259rg\u0259sind\u0259 ya\u015fayan s\u0259kkiz ya\u015fl\u0131 az\u0259rbaycanl\u0131 Emil faci\u0259vi \u015f\u0259kild\u0259 v\u0259fat edib. Autizmd\u0259n \u0259ziyy\u0259t \u00e7\u0259k\u0259n u\u015faq ehtiyats\u0131zl\u0131q s\u0259b\u0259bind\u0259n g\u00f6d\u0259kc\u0259 il\u0259 \u00f6z\u00fcn\u00fc bo\u011faraq \u00f6ld\u00fcr\u00fcb. \u201cQafqazinfo\u201d \u201cIl Giorno Pavia\u201d n\u0259\u015frin\u0259 istinad\u0259n x\u0259b\u0259r verir ki, \u00f6l\u0259n azya\u015fl\u0131n\u0131n anas\u0131 m\u00fcs\u0259lman q\u0259biristanl\u0131qlar\u0131nda yer verilm\u0259diyi \u00fc\u00e7\u00fcn uzun m\u00fcdd\u0259t onu d\u0259fn ed\u0259 bilm\u0259yib. N\u0259\u015fr \u0259yal\u0259tin yaln\u0131z Pavia v\u0259 Vicevano \u015f\u0259h\u0259rl\u0259rind\u0259 m\u00fcs\u0259lman q\u0259biristanl\u0131\u011f\u0131n\u0131n oldu\u011funu yaz\u0131r. Pavia \u015f\u0259h\u0259rind\u0259 q\u0259biristanl\u0131qda art\u0131q yer qalmad\u0131\u011f\u0131 v\u0259 Vicevanodak\u0131 q\u0259biristanl\u0131qda is\u0259 yaln\u0131z bu \u015f\u0259h\u0259rd\u0259 anadan olan v\u0259 ya orada ya\u015fayanlar\u0131n d\u0259fn oluna bil\u0259c\u0259yi bildirilib. Q\u0259zetin yazd\u0131\u011f\u0131na g\u00f6r\u0259, daha&hellip;<\/p>\n","protected":false},"author":2,"featured_media":295724,"comment_status":"closed","ping_status":"closed","sticky":false,"template":"","format":"standard","meta":{"om_disable_all_campaigns":false,"_monsterinsights_skip_tracking":false,"_monsterinsights_sitenote_active":false,"_monsterinsights_sitenote_note":"","_monsterinsights_sitenote_category":0},"categories":[7],"tags":[],"aioseo_notices":[],"gutentor_comment":0,"rttpg_featured_image_url":{"full":["https:\/\/arantv.az\/wp-content\/uploads\/2021\/02\/QEB.jpg",620,389,false],"landscape":["https:\/\/arantv.az\/wp-content\/uploads\/2021\/02\/QEB.jpg",620,389,false],"portraits":["https:\/\/arantv.az\/wp-content\/uploads\/2021\/02\/QEB.jpg",620,389,false],"thumbnail":["https:\/\/arantv.az\/wp-content\/uploads\/2021\/02\/QEB-150x150.jpg",150,150,true],"medium":["https:\/\/arantv.az\/wp-content\/uploads\/2021\/02\/QEB-300x188.jpg",300,188,true],"large":["https:\/\/arantv.az\/wp-content\/uploads\/2021\/02\/QEB.jpg",620,389,false],"1536x1536":["https:\/\/arantv.az\/wp-content\/uploads\/2021\/02\/QEB.jpg",620,389,false],"2048x2048":["https:\/\/arantv.az\/wp-content\/uploads\/2021\/02\/QEB.jpg",620,389,false],"post-thumbnail":["https:\/\/arantv.az\/wp-content\/uploads\/2021\/02\/QEB-240x172.jpg",240,172,true],"advps-thumb-one":["https:\/\/arantv.az\/wp-content\/uploads\/2021\/02\/QEB.jpg",620,389,false]},"rttpg_author":{"display_name":"V\u00fcsal Rafiqo\u011flu","author_link":"https:\/\/arantv.az\/?author=2"},"rttpg_comment":0,"rttpg_category":"<a href=\"https:\/\/arantv.az\/?cat=7\" rel=\"category\">D\u00fcnya<\/a>","rttpg_excerpt":"\u0130taliyan\u0131n Lombardiya \u0259yal\u0259tinin Pavia \u015f\u0259h\u0259rind\u0259 anas\u0131 il\u0259 qa\u00e7q\u0131n d\u00fc\u015f\u0259rg\u0259sind\u0259 ya\u015fayan s\u0259kkiz ya\u015fl\u0131 az\u0259rbaycanl\u0131 Emil faci\u0259vi \u015f\u0259kild\u0259 v\u0259fat edib. Autizmd\u0259n \u0259ziyy\u0259t \u00e7\u0259k\u0259n u\u015faq ehtiyats\u0131zl\u0131q s\u0259b\u0259bind\u0259n g\u00f6d\u0259kc\u0259 il\u0259 \u00f6z\u00fcn\u00fc bo\u011faraq \u00f6ld\u00fcr\u00fcb. \u201cQafqazinfo\u201d \u201cIl Giorno Pavia\u201d n\u0259\u015frin\u0259 istinad\u0259n x\u0259b\u0259r verir ki, \u00f6l\u0259n azya\u015fl\u0131n\u0131n anas\u0131 m\u00fcs\u0259lman q\u0259biristanl\u0131qlar\u0131nda yer verilm\u0259diyi \u00fc\u00e7\u00fcn uzun m\u00fcdd\u0259t onu d\u0259fn ed\u0259 bilm\u0259yib. N\u0259\u015fr \u0259yal\u0259tin yaln\u0131z&hellip;","_links":{"self":[{"href":"https:\/\/arantv.az\/index.php?rest_route=\/wp\/v2\/posts\/295723"}],"collection":[{"href":"https:\/\/arantv.az\/index.php?rest_route=\/wp\/v2\/posts"}],"about":[{"href":"https:\/\/arantv.az\/index.php?rest_route=\/wp\/v2\/types\/post"}],"author":[{"embeddable":true,"href":"https:\/\/arantv.az\/index.php?rest_route=\/wp\/v2\/users\/2"}],"replies":[{"embeddable":true,"href":"https:\/\/arantv.az\/index.php?rest_route=%2Fwp%2Fv2%2Fcomments&post=295723"}],"version-history":[{"count":0,"href":"https:\/\/arantv.az\/index.php?rest_route=\/wp\/v2\/posts\/295723\/revisions"}],"wp:featuredmedia":[{"embeddable":true,"href":"https:\/\/arantv.az\/index.php?rest_route=\/wp\/v2\/media\/295724"}],"wp:attachment":[{"href":"https:\/\/arantv.az\/index.php?rest_route=%2Fwp%2Fv2%2Fmedia&parent=295723"}],"wp:term":[{"taxonomy":"category","embeddable":true,"href":"https:\/\/arantv.az\/index.php?rest_route=%2Fwp%2Fv2%2Fcategories&post=295723"},{"taxonomy":"post_tag","embeddable":true,"href":"https:\/\/arantv.az\/index.php?rest_route=%2Fwp%2Fv2%2Ftags&post=295723"}],"curies":[{"name":"wp","href":"https:\/\/api.w.org\/{rel}","templated":true}]}}