{"id":295727,"date":"2021-02-17T15:32:40","date_gmt":"2021-02-17T12:32:40","guid":{"rendered":"http:\/\/arantv.az\/?p=295727"},"modified":"2021-02-17T15:32:40","modified_gmt":"2021-02-17T12:32:40","slug":"sevgilil%c9%99r-gununu-kafed%c9%99-qeyd-ed%c9%99n-s%c9%99xsl%c9%99r-c%c9%99zalandirildi-video","status":"publish","type":"post","link":"https:\/\/arantv.az\/?p=295727","title":{"rendered":"\u201cSevgilil\u0259r G\u00fcn\u00fc\u201dn\u00fc kafed\u0259 qeyd ed\u0259n \u015f\u0259xsl\u0259r c\u0259zaland\u0131r\u0131ld\u0131 &#8211; V\u0130DEO"},"content":{"rendered":"<article class=\"news\">\n<div class=\"news-inner\">\n<p>Paytaxt\u0131n Nizami rayonunda fevral\u0131n 14-d\u0259 xu\u0308susi karantin rejim qaydalar\u0131na \u0259m\u0259l etm\u0259y\u0259n kafe mu\u0308\u0259yy\u0259n olunub.<\/p>\n<div id=\"AdviadNativeVideo0\" class=\"AdviadNativeVideo\"><\/div>\n<p>Daxili \u0130\u015fl\u0259r Nazirliyinin M\u0259tbuat xidm\u0259tind\u0259n veril\u0259n m\u0259lumata go\u0308r\u0259, \u201cC\u0259nub\u201d kafesind\u0259\u00a015 s\u0327\u0259xsin \u201c14 fevral &#8211; Sevgilil\u0259r G\u00fcn\u00fc\u201dnu\u0308 qeyd etm\u0259l\u0259ri as\u0327karlan\u0131b.<\/p>\n<p>I\u0307ctimai ias\u0327\u0259 obyektin icar\u0259dar\u0131 v\u0259 t\u0259dbirin is\u0327tirakc\u0327\u0131lar\u0131 bar\u0259sind\u0259 qanunvericiliy\u0259 uyg\u0306un olaraq bar\u0259l\u0259rind\u0259 inzibati protokollar t\u0259rtib olunub.<\/p>\n<div><iframe loading=\"lazy\" src=\"https:\/\/player.baku.tv\/embed\/33854\" width=\"560\" height=\"315\" frameborder=\"0\" allowfullscreen=\"allowfullscreen\" data-mce-fragment=\"1\"><\/iframe><\/div>\n<\/div>\n<\/article>\n<h2 class=\"news-share-title\"><\/h2>\n","protected":false},"excerpt":{"rendered":"<p>Paytaxt\u0131n Nizami rayonunda fevral\u0131n 14-d\u0259 xu\u0308susi karantin rejim qaydalar\u0131na \u0259m\u0259l etm\u0259y\u0259n kafe mu\u0308\u0259yy\u0259n olunub. Daxili \u0130\u015fl\u0259r Nazirliyinin M\u0259tbuat xidm\u0259tind\u0259n veril\u0259n m\u0259lumata go\u0308r\u0259, \u201cC\u0259nub\u201d kafesind\u0259\u00a015 s\u0327\u0259xsin \u201c14 fevral &#8211; Sevgilil\u0259r G\u00fcn\u00fc\u201dnu\u0308 qeyd etm\u0259l\u0259ri as\u0327karlan\u0131b. I\u0307ctimai ias\u0327\u0259 obyektin icar\u0259dar\u0131 v\u0259 t\u0259dbirin is\u0327tirakc\u0327\u0131lar\u0131 bar\u0259sind\u0259 qanunvericiliy\u0259 uyg\u0306un olaraq bar\u0259l\u0259rind\u0259 inzibati protokollar t\u0259rtib olunub.<\/p>\n","protected":false},"author":2,"featured_media":295728,"comment_status":"closed","ping_status":"closed","sticky":false,"template":"","format":"standard","meta":{"om_disable_all_campaigns":false,"_monsterinsights_skip_tracking":false,"_monsterinsights_sitenote_active":false,"_monsterinsights_sitenote_note":"","_monsterinsights_sitenote_category":0},"categories":[26],"tags":[],"aioseo_notices":[],"gutentor_comment":0,"rttpg_featured_image_url":{"full":["https:\/\/arantv.az\/wp-content\/uploads\/2021\/02\/istockphoto-1294210158-612x612.jpg",612,395,false],"landscape":["https:\/\/arantv.az\/wp-content\/uploads\/2021\/02\/istockphoto-1294210158-612x612.jpg",612,395,false],"portraits":["https:\/\/arantv.az\/wp-content\/uploads\/2021\/02\/istockphoto-1294210158-612x612.jpg",612,395,false],"thumbnail":["https:\/\/arantv.az\/wp-content\/uploads\/2021\/02\/istockphoto-1294210158-612x612-150x150.jpg",150,150,true],"medium":["https:\/\/arantv.az\/wp-content\/uploads\/2021\/02\/istockphoto-1294210158-612x612-300x194.jpg",300,194,true],"large":["https:\/\/arantv.az\/wp-content\/uploads\/2021\/02\/istockphoto-1294210158-612x612.jpg",612,395,false],"1536x1536":["https:\/\/arantv.az\/wp-content\/uploads\/2021\/02\/istockphoto-1294210158-612x612.jpg",612,395,false],"2048x2048":["https:\/\/arantv.az\/wp-content\/uploads\/2021\/02\/istockphoto-1294210158-612x612.jpg",612,395,false],"post-thumbnail":["https:\/\/arantv.az\/wp-content\/uploads\/2021\/02\/istockphoto-1294210158-612x612-240x172.jpg",240,172,true],"advps-thumb-one":["https:\/\/arantv.az\/wp-content\/uploads\/2021\/02\/istockphoto-1294210158-612x612.jpg",612,395,false]},"rttpg_author":{"display_name":"V\u00fcsal Rafiqo\u011flu","author_link":"https:\/\/arantv.az\/?author=2"},"rttpg_comment":0,"rttpg_category":"<a href=\"https:\/\/arantv.az\/?cat=26\" rel=\"category\">Sosial<\/a>","rttpg_excerpt":"Paytaxt\u0131n Nizami rayonunda fevral\u0131n 14-d\u0259 xu\u0308susi karantin rejim qaydalar\u0131na \u0259m\u0259l etm\u0259y\u0259n kafe mu\u0308\u0259yy\u0259n olunub. Daxili \u0130\u015fl\u0259r Nazirliyinin M\u0259tbuat xidm\u0259tind\u0259n veril\u0259n m\u0259lumata go\u0308r\u0259, \u201cC\u0259nub\u201d kafesind\u0259\u00a015 s\u0327\u0259xsin \u201c14 fevral &#8211; Sevgilil\u0259r G\u00fcn\u00fc\u201dnu\u0308 qeyd etm\u0259l\u0259ri as\u0327karlan\u0131b. I\u0307ctimai ias\u0327\u0259 obyektin icar\u0259dar\u0131 v\u0259 t\u0259dbirin is\u0327tirakc\u0327\u0131lar\u0131 bar\u0259sind\u0259 qanunvericiliy\u0259 uyg\u0306un olaraq bar\u0259l\u0259rind\u0259 inzibati protokollar t\u0259rtib olunub.","_links":{"self":[{"href":"https:\/\/arantv.az\/index.php?rest_route=\/wp\/v2\/posts\/295727"}],"collection":[{"href":"https:\/\/arantv.az\/index.php?rest_route=\/wp\/v2\/posts"}],"about":[{"href":"https:\/\/arantv.az\/index.php?rest_route=\/wp\/v2\/types\/post"}],"author":[{"embeddable":true,"href":"https:\/\/arantv.az\/index.php?rest_route=\/wp\/v2\/users\/2"}],"replies":[{"embeddable":true,"href":"https:\/\/arantv.az\/index.php?rest_route=%2Fwp%2Fv2%2Fcomments&post=295727"}],"version-history":[{"count":0,"href":"https:\/\/arantv.az\/index.php?rest_route=\/wp\/v2\/posts\/295727\/revisions"}],"wp:featuredmedia":[{"embeddable":true,"href":"https:\/\/arantv.az\/index.php?rest_route=\/wp\/v2\/media\/295728"}],"wp:attachment":[{"href":"https:\/\/arantv.az\/index.php?rest_route=%2Fwp%2Fv2%2Fmedia&parent=295727"}],"wp:term":[{"taxonomy":"category","embeddable":true,"href":"https:\/\/arantv.az\/index.php?rest_route=%2Fwp%2Fv2%2Fcategories&post=295727"},{"taxonomy":"post_tag","embeddable":true,"href":"https:\/\/arantv.az\/index.php?rest_route=%2Fwp%2Fv2%2Ftags&post=295727"}],"curies":[{"name":"wp","href":"https:\/\/api.w.org\/{rel}","templated":true}]}}