{"id":295739,"date":"2021-02-17T15:34:26","date_gmt":"2021-02-17T12:34:26","guid":{"rendered":"http:\/\/arantv.az\/?p=295739"},"modified":"2021-02-17T15:34:26","modified_gmt":"2021-02-17T12:34:26","slug":"daha-bir-s%c9%99hidimizin-ovladi-dunyaya-g%c9%99lib-foto-2","status":"publish","type":"post","link":"https:\/\/arantv.az\/?p=295739","title":{"rendered":"Daha bir \u015f\u0259hidimizin \u00f6vlad\u0131 d\u00fcnyaya g\u0259lib &#8211; FOTO"},"content":{"rendered":"<p>Daha bir \u015f\u0259hidin \u00f6vlad\u0131 d\u00fcnyaya g\u0259lib.<\/p>\n<p>Bu bar\u0259d\u0259 \u201cZ\u0259f\u0259r\u201d \u015e\u0259hid Ail\u0259l\u0259rin\u0259 D\u0259st\u0259k \u0130ctimai Birliyi m\u0259lumat yay\u0131b.<\/p>\n<p>Bildirilib ki, \u0130smay\u0131ll\u0131 rayonundan k\u00f6n\u00fcll\u00fc olaraq V\u0259t\u0259n m\u00fcharib\u0259sin\u0259 qat\u0131lan v\u0259 Qubadl\u0131 istiqam\u0259tind\u0259 ged\u0259n d\u00f6y\u00fc\u015fl\u0259rd\u0259 q\u0259hr\u0259mancas\u0131na \u015f\u0259had\u0259t\u0259 ucalan \u015f\u0259hidimiz Emin A\u011fazad\u0259nin bu g\u00fcn q\u0131z \u00f6vlad\u0131 d\u00fcnyaya g\u0259lib.<\/p>\n<div id=\"AdviadNativeVideo0\" class=\"AdviadNativeVideo\"><\/div>\n<p>O, \u015f\u0259hidlik zirv\u0259sin\u0259 ucalmadan \u0259vv\u0259l do\u011fulacaq k\u00f6rp\u0259sin\u0259 Emilya ad\u0131n\u0131 qoyubmu\u015f.<\/p>\n<p>Qeyd ed\u0259k ki, q\u0259hr\u0259man\u0131m\u0131z oktyabr\u0131n 25-d\u0259 Qubadl\u0131-La\u00e7\u0131n yolunda \u015f\u0259hid olub,\u00a0\u0130smay\u0131ll\u0131n\u0131n K\u00fcrdma\u015f\u0131 k\u0259ndind\u0259 d\u0259fn olunub. Ali Ba\u015f Komandan \u0130lham \u018fliyevin m\u00fcvafiq s\u0259r\u0259ncamlar\u0131 il\u0259 E.A\u011fazad\u0259 \u00f6l\u00fcm\u00fcnd\u0259n sonra \u201cV\u0259t\u0259n u\u011frunda\u201d v\u0259 \u201cQubadl\u0131n\u0131n azad edilm\u0259si u\u011frunda\u201d medallar\u0131 il\u0259 t\u0259ltif edilib.<\/p>\n<div class=\"gallery\">\n<div class=\"gallery-i\"><img src=\"https:\/\/cdn.oxu.az\/uploads\/W1siZiIsIjIwMjEvMDIvMTcvMTUvNTUvMTAvM2EyZDdkYWQtNDAxYS00ZDAwLTgwMTYtZDQyOTE5NDI1YTRhL3NlaGlkLmpwZyJdLFsicCIsImVuY29kZSIsImpwZyIsIi1xdWFsaXR5IDgwIl0sWyJwIiwidGh1bWIiLCI1OTB4NTkwXHUwMDNlIl1d?sha=827cb186c84c6e53\" alt=\"\" \/><\/p>\n<div class=\"gallery-i-caption\"><\/div>\n<\/div>\n<div class=\"gallery-i\"><img src=\"https:\/\/cdn.oxu.az\/uploads\/W1siZiIsIjIwMjEvMDIvMTcvMTUvNTUvMTkvMjM5MzQ0M2YtODI1NS00MzJhLWJlYTQtZTUzNTI2ZjdkNDM1L3VzYXEuanBnIl0sWyJwIiwiZW5jb2RlIiwianBnIiwiLXF1YWxpdHkgODAiXSxbInAiLCJ0aHVtYiIsIjU5MHg1OTBcdTAwM2UiXV0?sha=328836054e7f088b\" alt=\"\" \/><\/div>\n<\/div>\n","protected":false},"excerpt":{"rendered":"<p>Daha bir \u015f\u0259hidin \u00f6vlad\u0131 d\u00fcnyaya g\u0259lib. Bu bar\u0259d\u0259 \u201cZ\u0259f\u0259r\u201d \u015e\u0259hid Ail\u0259l\u0259rin\u0259 D\u0259st\u0259k \u0130ctimai Birliyi m\u0259lumat yay\u0131b. Bildirilib ki, \u0130smay\u0131ll\u0131 rayonundan k\u00f6n\u00fcll\u00fc olaraq V\u0259t\u0259n m\u00fcharib\u0259sin\u0259 qat\u0131lan v\u0259 Qubadl\u0131 istiqam\u0259tind\u0259 ged\u0259n d\u00f6y\u00fc\u015fl\u0259rd\u0259 q\u0259hr\u0259mancas\u0131na \u015f\u0259had\u0259t\u0259 ucalan \u015f\u0259hidimiz Emin A\u011fazad\u0259nin bu g\u00fcn q\u0131z \u00f6vlad\u0131 d\u00fcnyaya g\u0259lib. O, \u015f\u0259hidlik zirv\u0259sin\u0259 ucalmadan \u0259vv\u0259l do\u011fulacaq k\u00f6rp\u0259sin\u0259 Emilya ad\u0131n\u0131 qoyubmu\u015f. Qeyd ed\u0259k ki, q\u0259hr\u0259man\u0131m\u0131z oktyabr\u0131n 25-d\u0259 Qubadl\u0131-La\u00e7\u0131n yolunda \u015f\u0259hid olub,\u00a0\u0130smay\u0131ll\u0131n\u0131n K\u00fcrdma\u015f\u0131 k\u0259ndind\u0259 d\u0259fn olunub. Ali Ba\u015f Komandan \u0130lham \u018fliyevin m\u00fcvafiq s\u0259r\u0259ncamlar\u0131 il\u0259 E.A\u011fazad\u0259 \u00f6l\u00fcm\u00fcnd\u0259n sonra \u201cV\u0259t\u0259n u\u011frunda\u201d v\u0259 \u201cQubadl\u0131n\u0131n azad edilm\u0259si u\u011frunda\u201d medallar\u0131 il\u0259 t\u0259ltif edilib.<\/p>\n","protected":false},"author":2,"featured_media":295740,"comment_status":"closed","ping_status":"closed","sticky":false,"template":"","format":"standard","meta":{"om_disable_all_campaigns":false,"_monsterinsights_skip_tracking":false,"_monsterinsights_sitenote_active":false,"_monsterinsights_sitenote_note":"","_monsterinsights_sitenote_category":0},"categories":[26],"tags":[],"aioseo_notices":[],"gutentor_comment":0,"rttpg_featured_image_url":{"full":["https:\/\/arantv.az\/wp-content\/uploads\/2021\/02\/usaq-1.jpg",620,465,false],"landscape":["https:\/\/arantv.az\/wp-content\/uploads\/2021\/02\/usaq-1.jpg",620,465,false],"portraits":["https:\/\/arantv.az\/wp-content\/uploads\/2021\/02\/usaq-1.jpg",620,465,false],"thumbnail":["https:\/\/arantv.az\/wp-content\/uploads\/2021\/02\/usaq-1-150x150.jpg",150,150,true],"medium":["https:\/\/arantv.az\/wp-content\/uploads\/2021\/02\/usaq-1-300x225.jpg",300,225,true],"large":["https:\/\/arantv.az\/wp-content\/uploads\/2021\/02\/usaq-1.jpg",620,465,false],"1536x1536":["https:\/\/arantv.az\/wp-content\/uploads\/2021\/02\/usaq-1.jpg",620,465,false],"2048x2048":["https:\/\/arantv.az\/wp-content\/uploads\/2021\/02\/usaq-1.jpg",620,465,false],"post-thumbnail":["https:\/\/arantv.az\/wp-content\/uploads\/2021\/02\/usaq-1-240x172.jpg",240,172,true],"advps-thumb-one":["https:\/\/arantv.az\/wp-content\/uploads\/2021\/02\/usaq-1.jpg",620,465,false]},"rttpg_author":{"display_name":"V\u00fcsal Rafiqo\u011flu","author_link":"https:\/\/arantv.az\/?author=2"},"rttpg_comment":0,"rttpg_category":"<a href=\"https:\/\/arantv.az\/?cat=26\" rel=\"category\">Sosial<\/a>","rttpg_excerpt":"Daha bir \u015f\u0259hidin \u00f6vlad\u0131 d\u00fcnyaya g\u0259lib. Bu bar\u0259d\u0259 \u201cZ\u0259f\u0259r\u201d \u015e\u0259hid Ail\u0259l\u0259rin\u0259 D\u0259st\u0259k \u0130ctimai Birliyi m\u0259lumat yay\u0131b. Bildirilib ki, \u0130smay\u0131ll\u0131 rayonundan k\u00f6n\u00fcll\u00fc olaraq V\u0259t\u0259n m\u00fcharib\u0259sin\u0259 qat\u0131lan v\u0259 Qubadl\u0131 istiqam\u0259tind\u0259 ged\u0259n d\u00f6y\u00fc\u015fl\u0259rd\u0259 q\u0259hr\u0259mancas\u0131na \u015f\u0259had\u0259t\u0259 ucalan \u015f\u0259hidimiz Emin A\u011fazad\u0259nin bu g\u00fcn q\u0131z \u00f6vlad\u0131 d\u00fcnyaya g\u0259lib. O, \u015f\u0259hidlik zirv\u0259sin\u0259 ucalmadan \u0259vv\u0259l do\u011fulacaq k\u00f6rp\u0259sin\u0259 Emilya ad\u0131n\u0131 qoyubmu\u015f. Qeyd ed\u0259k ki,&hellip;","_links":{"self":[{"href":"https:\/\/arantv.az\/index.php?rest_route=\/wp\/v2\/posts\/295739"}],"collection":[{"href":"https:\/\/arantv.az\/index.php?rest_route=\/wp\/v2\/posts"}],"about":[{"href":"https:\/\/arantv.az\/index.php?rest_route=\/wp\/v2\/types\/post"}],"author":[{"embeddable":true,"href":"https:\/\/arantv.az\/index.php?rest_route=\/wp\/v2\/users\/2"}],"replies":[{"embeddable":true,"href":"https:\/\/arantv.az\/index.php?rest_route=%2Fwp%2Fv2%2Fcomments&post=295739"}],"version-history":[{"count":0,"href":"https:\/\/arantv.az\/index.php?rest_route=\/wp\/v2\/posts\/295739\/revisions"}],"wp:featuredmedia":[{"embeddable":true,"href":"https:\/\/arantv.az\/index.php?rest_route=\/wp\/v2\/media\/295740"}],"wp:attachment":[{"href":"https:\/\/arantv.az\/index.php?rest_route=%2Fwp%2Fv2%2Fmedia&parent=295739"}],"wp:term":[{"taxonomy":"category","embeddable":true,"href":"https:\/\/arantv.az\/index.php?rest_route=%2Fwp%2Fv2%2Fcategories&post=295739"},{"taxonomy":"post_tag","embeddable":true,"href":"https:\/\/arantv.az\/index.php?rest_route=%2Fwp%2Fv2%2Ftags&post=295739"}],"curies":[{"name":"wp","href":"https:\/\/api.w.org\/{rel}","templated":true}]}}