{"id":295747,"date":"2021-02-17T15:35:31","date_gmt":"2021-02-17T12:35:31","guid":{"rendered":"http:\/\/arantv.az\/?p=295747"},"modified":"2021-02-17T15:35:31","modified_gmt":"2021-02-17T12:35:31","slug":"r%c9%99sad-n%c9%99biyev-turkiy%c9%99li-h%c9%99mkari-il%c9%99-gorusdu","status":"publish","type":"post","link":"https:\/\/arantv.az\/?p=295747","title":{"rendered":"R\u0259\u015fad N\u0259biyev t\u00fcrkiy\u0259li h\u0259mkar\u0131 il\u0259 g\u00f6r\u00fc\u015fd\u00fc"},"content":{"rendered":"<p>N\u0259qliyyat, Rabit\u0259 v\u0259 Y\u00fcks\u0259k Texnologiyalar naziri R\u0259\u015fad N\u0259biyev T\u00fcrkiy\u0259d\u0259 h\u0259mkar\u0131 Adil Karaismailo\u011flu il\u0259 g\u00f6r\u00fc\u015f\u00fcb.<\/p>\n<p>\u201cTRTHaber\u201d m\u0259lumat verir ki, t\u00fcrkiy\u0259li h\u0259mkar\u0131 R.N\u0259biyevi yeni v\u0259zif\u0259sin\u0259 ba\u015flamas\u0131 m\u00fcnasib\u0259ti il\u0259 t\u0259brik edib v\u0259 ona u\u011furlar dil\u0259yib.<\/p>\n<div id=\"AdviadNativeVideo0\" class=\"AdviadNativeVideo\"><\/div>\n<p>Karaismailo\u011flu iki xalq aras\u0131ndak\u0131 dostluq v\u0259 qarda\u015fl\u0131\u011f\u0131n t\u0259m\u0259linin ortaq \u0259cdadlar, m\u0259d\u0259niyy\u0259t, taleyin birliyi \u00fcz\u0259rind\u0259 quruldu\u011funu bildirib:<\/p>\n<p>\u201cD\u0259y\u0259rli h\u0259mkar\u0131m\u0131zla apard\u0131\u011f\u0131m\u0131z m\u00fczakir\u0259l\u0259rd\u0259\u00a0d\u00fcnyaya n\u00fcmun\u0259 olan dostlu\u011fumuz \u00e7\u0259r\u00e7iv\u0259sind\u0259 n\u0259qliyyat v\u0259 rabit\u0259 sah\u0259sind\u0259ki \u0259m\u0259kda\u015fl\u0131\u011f\u0131m\u0131z\u0131 m\u00fczakir\u0259 etdik\u201d.<\/p>\n","protected":false},"excerpt":{"rendered":"<p>N\u0259qliyyat, Rabit\u0259 v\u0259 Y\u00fcks\u0259k Texnologiyalar naziri R\u0259\u015fad N\u0259biyev T\u00fcrkiy\u0259d\u0259 h\u0259mkar\u0131 Adil Karaismailo\u011flu il\u0259 g\u00f6r\u00fc\u015f\u00fcb. \u201cTRTHaber\u201d m\u0259lumat verir ki, t\u00fcrkiy\u0259li h\u0259mkar\u0131 R.N\u0259biyevi yeni v\u0259zif\u0259sin\u0259 ba\u015flamas\u0131 m\u00fcnasib\u0259ti il\u0259 t\u0259brik edib v\u0259 ona u\u011furlar dil\u0259yib. Karaismailo\u011flu iki xalq aras\u0131ndak\u0131 dostluq v\u0259 qarda\u015fl\u0131\u011f\u0131n t\u0259m\u0259linin ortaq \u0259cdadlar, m\u0259d\u0259niyy\u0259t, taleyin birliyi \u00fcz\u0259rind\u0259 quruldu\u011funu bildirib: \u201cD\u0259y\u0259rli h\u0259mkar\u0131m\u0131zla apard\u0131\u011f\u0131m\u0131z m\u00fczakir\u0259l\u0259rd\u0259\u00a0d\u00fcnyaya n\u00fcmun\u0259 olan dostlu\u011fumuz \u00e7\u0259r\u00e7iv\u0259sind\u0259 n\u0259qliyyat v\u0259 rabit\u0259 sah\u0259sind\u0259ki \u0259m\u0259kda\u015fl\u0131\u011f\u0131m\u0131z\u0131 m\u00fczakir\u0259 etdik\u201d.<\/p>\n","protected":false},"author":2,"featured_media":295748,"comment_status":"closed","ping_status":"closed","sticky":false,"template":"","format":"standard","meta":{"om_disable_all_campaigns":false,"_monsterinsights_skip_tracking":false,"_monsterinsights_sitenote_active":false,"_monsterinsights_sitenote_note":"","_monsterinsights_sitenote_category":0},"categories":[4],"tags":[],"aioseo_notices":[],"gutentor_comment":0,"rttpg_featured_image_url":{"full":["https:\/\/arantv.az\/wp-content\/uploads\/2021\/02\/karaismailoglu-1521594_2-1.jpg",620,349,false],"landscape":["https:\/\/arantv.az\/wp-content\/uploads\/2021\/02\/karaismailoglu-1521594_2-1.jpg",620,349,false],"portraits":["https:\/\/arantv.az\/wp-content\/uploads\/2021\/02\/karaismailoglu-1521594_2-1.jpg",620,349,false],"thumbnail":["https:\/\/arantv.az\/wp-content\/uploads\/2021\/02\/karaismailoglu-1521594_2-1-150x150.jpg",150,150,true],"medium":["https:\/\/arantv.az\/wp-content\/uploads\/2021\/02\/karaismailoglu-1521594_2-1-300x169.jpg",300,169,true],"large":["https:\/\/arantv.az\/wp-content\/uploads\/2021\/02\/karaismailoglu-1521594_2-1.jpg",620,349,false],"1536x1536":["https:\/\/arantv.az\/wp-content\/uploads\/2021\/02\/karaismailoglu-1521594_2-1.jpg",620,349,false],"2048x2048":["https:\/\/arantv.az\/wp-content\/uploads\/2021\/02\/karaismailoglu-1521594_2-1.jpg",620,349,false],"post-thumbnail":["https:\/\/arantv.az\/wp-content\/uploads\/2021\/02\/karaismailoglu-1521594_2-1-240x172.jpg",240,172,true],"advps-thumb-one":["https:\/\/arantv.az\/wp-content\/uploads\/2021\/02\/karaismailoglu-1521594_2-1.jpg",620,349,false]},"rttpg_author":{"display_name":"V\u00fcsal Rafiqo\u011flu","author_link":"https:\/\/arantv.az\/?author=2"},"rttpg_comment":0,"rttpg_category":"<a href=\"https:\/\/arantv.az\/?cat=4\" rel=\"category\">Siyas\u0259t<\/a>","rttpg_excerpt":"N\u0259qliyyat, Rabit\u0259 v\u0259 Y\u00fcks\u0259k Texnologiyalar naziri R\u0259\u015fad N\u0259biyev T\u00fcrkiy\u0259d\u0259 h\u0259mkar\u0131 Adil Karaismailo\u011flu il\u0259 g\u00f6r\u00fc\u015f\u00fcb. \u201cTRTHaber\u201d m\u0259lumat verir ki, t\u00fcrkiy\u0259li h\u0259mkar\u0131 R.N\u0259biyevi yeni v\u0259zif\u0259sin\u0259 ba\u015flamas\u0131 m\u00fcnasib\u0259ti il\u0259 t\u0259brik edib v\u0259 ona u\u011furlar dil\u0259yib. Karaismailo\u011flu iki xalq aras\u0131ndak\u0131 dostluq v\u0259 qarda\u015fl\u0131\u011f\u0131n t\u0259m\u0259linin ortaq \u0259cdadlar, m\u0259d\u0259niyy\u0259t, taleyin birliyi \u00fcz\u0259rind\u0259 quruldu\u011funu bildirib: \u201cD\u0259y\u0259rli h\u0259mkar\u0131m\u0131zla apard\u0131\u011f\u0131m\u0131z m\u00fczakir\u0259l\u0259rd\u0259\u00a0d\u00fcnyaya n\u00fcmun\u0259 olan dostlu\u011fumuz&hellip;","_links":{"self":[{"href":"https:\/\/arantv.az\/index.php?rest_route=\/wp\/v2\/posts\/295747"}],"collection":[{"href":"https:\/\/arantv.az\/index.php?rest_route=\/wp\/v2\/posts"}],"about":[{"href":"https:\/\/arantv.az\/index.php?rest_route=\/wp\/v2\/types\/post"}],"author":[{"embeddable":true,"href":"https:\/\/arantv.az\/index.php?rest_route=\/wp\/v2\/users\/2"}],"replies":[{"embeddable":true,"href":"https:\/\/arantv.az\/index.php?rest_route=%2Fwp%2Fv2%2Fcomments&post=295747"}],"version-history":[{"count":0,"href":"https:\/\/arantv.az\/index.php?rest_route=\/wp\/v2\/posts\/295747\/revisions"}],"wp:featuredmedia":[{"embeddable":true,"href":"https:\/\/arantv.az\/index.php?rest_route=\/wp\/v2\/media\/295748"}],"wp:attachment":[{"href":"https:\/\/arantv.az\/index.php?rest_route=%2Fwp%2Fv2%2Fmedia&parent=295747"}],"wp:term":[{"taxonomy":"category","embeddable":true,"href":"https:\/\/arantv.az\/index.php?rest_route=%2Fwp%2Fv2%2Fcategories&post=295747"},{"taxonomy":"post_tag","embeddable":true,"href":"https:\/\/arantv.az\/index.php?rest_route=%2Fwp%2Fv2%2Ftags&post=295747"}],"curies":[{"name":"wp","href":"https:\/\/api.w.org\/{rel}","templated":true}]}}