{"id":295784,"date":"2021-02-17T15:58:37","date_gmt":"2021-02-17T12:58:37","guid":{"rendered":"http:\/\/arantv.az\/?p=295784"},"modified":"2021-02-17T15:58:37","modified_gmt":"2021-02-17T12:58:37","slug":"az%c9%99rbaycan-15-ci-beyn%c9%99lxalq-mudafi%c9%99-s%c9%99nayesi-s%c9%99rgisin%c9%99-qatilacaq","status":"publish","type":"post","link":"https:\/\/arantv.az\/?p=295784","title":{"rendered":"Az\u0259rbaycan 15-ci Beyn\u0259lxalq M\u00fcdafi\u0259 S\u0259nayesi S\u0259rgisin\u0259 qat\u0131lacaq"},"content":{"rendered":"<p>Az\u0259rbaycan 15-ci Beyn\u0259lxalq M\u00fcdafi\u0259 S\u0259nayesi S\u0259rgisind\u0259 (IDEF) i\u015ftirak ed\u0259c\u0259k.<\/p>\n<p>Bu bar\u0259d\u0259 \u201cTRT Haber\u201d m\u0259lumat yay\u0131b.<\/p>\n<div id=\"AdviadNativeVideo0\" class=\"AdviadNativeVideo\"><\/div>\n<p>Bu il t\u0259dbir\u00a0T\u00fcrkiy\u0259d\u0259 ke\u00e7iril\u0259c\u0259k v\u0259 d\u00f6rd g\u00fcn \u0259rzind\u0259 davam ed\u0259c\u0259k s\u0259rgid\u0259 d\u00fcnyan\u0131n 148 \u00f6lk\u0259sind\u0259n 341 n\u00fcmay\u0259nd\u0259 hey\u0259tinin i\u015ftirak ed\u0259c\u0259yi g\u00f6zl\u0259nilir.<\/p>\n<p>25-28 mayda ba\u015f tutacaq s\u0259rginin T\u00fcrkiy\u0259 Milli M\u00fcdafi\u0259 Nazirliyinin r\u0259hb\u0259rliyi alt\u0131nda ke\u00e7iril\u0259c\u0259yi bildirilir.<\/p>\n","protected":false},"excerpt":{"rendered":"<p>Az\u0259rbaycan 15-ci Beyn\u0259lxalq M\u00fcdafi\u0259 S\u0259nayesi S\u0259rgisind\u0259 (IDEF) i\u015ftirak ed\u0259c\u0259k. Bu bar\u0259d\u0259 \u201cTRT Haber\u201d m\u0259lumat yay\u0131b. Bu il t\u0259dbir\u00a0T\u00fcrkiy\u0259d\u0259 ke\u00e7iril\u0259c\u0259k v\u0259 d\u00f6rd g\u00fcn \u0259rzind\u0259 davam ed\u0259c\u0259k s\u0259rgid\u0259 d\u00fcnyan\u0131n 148 \u00f6lk\u0259sind\u0259n 341 n\u00fcmay\u0259nd\u0259 hey\u0259tinin i\u015ftirak ed\u0259c\u0259yi g\u00f6zl\u0259nilir. 25-28 mayda ba\u015f tutacaq s\u0259rginin T\u00fcrkiy\u0259 Milli M\u00fcdafi\u0259 Nazirliyinin r\u0259hb\u0259rliyi alt\u0131nda ke\u00e7iril\u0259c\u0259yi bildirilir.<\/p>\n","protected":false},"author":2,"featured_media":295785,"comment_status":"closed","ping_status":"closed","sticky":false,"template":"","format":"standard","meta":{"om_disable_all_campaigns":false,"_monsterinsights_skip_tracking":false,"_monsterinsights_sitenote_active":false,"_monsterinsights_sitenote_note":"","_monsterinsights_sitenote_category":0},"categories":[4],"tags":[],"aioseo_notices":[],"gutentor_comment":0,"rttpg_featured_image_url":{"full":["https:\/\/arantv.az\/wp-content\/uploads\/2021\/02\/savunma-sanayii-idef-1521560_2.jpg",620,349,false],"landscape":["https:\/\/arantv.az\/wp-content\/uploads\/2021\/02\/savunma-sanayii-idef-1521560_2.jpg",620,349,false],"portraits":["https:\/\/arantv.az\/wp-content\/uploads\/2021\/02\/savunma-sanayii-idef-1521560_2.jpg",620,349,false],"thumbnail":["https:\/\/arantv.az\/wp-content\/uploads\/2021\/02\/savunma-sanayii-idef-1521560_2-150x150.jpg",150,150,true],"medium":["https:\/\/arantv.az\/wp-content\/uploads\/2021\/02\/savunma-sanayii-idef-1521560_2-300x169.jpg",300,169,true],"large":["https:\/\/arantv.az\/wp-content\/uploads\/2021\/02\/savunma-sanayii-idef-1521560_2.jpg",620,349,false],"1536x1536":["https:\/\/arantv.az\/wp-content\/uploads\/2021\/02\/savunma-sanayii-idef-1521560_2.jpg",620,349,false],"2048x2048":["https:\/\/arantv.az\/wp-content\/uploads\/2021\/02\/savunma-sanayii-idef-1521560_2.jpg",620,349,false],"post-thumbnail":["https:\/\/arantv.az\/wp-content\/uploads\/2021\/02\/savunma-sanayii-idef-1521560_2-240x172.jpg",240,172,true],"advps-thumb-one":["https:\/\/arantv.az\/wp-content\/uploads\/2021\/02\/savunma-sanayii-idef-1521560_2.jpg",620,349,false]},"rttpg_author":{"display_name":"V\u00fcsal Rafiqo\u011flu","author_link":"https:\/\/arantv.az\/?author=2"},"rttpg_comment":0,"rttpg_category":"<a href=\"https:\/\/arantv.az\/?cat=4\" rel=\"category\">Siyas\u0259t<\/a>","rttpg_excerpt":"Az\u0259rbaycan 15-ci Beyn\u0259lxalq M\u00fcdafi\u0259 S\u0259nayesi S\u0259rgisind\u0259 (IDEF) i\u015ftirak ed\u0259c\u0259k. Bu bar\u0259d\u0259 \u201cTRT Haber\u201d m\u0259lumat yay\u0131b. Bu il t\u0259dbir\u00a0T\u00fcrkiy\u0259d\u0259 ke\u00e7iril\u0259c\u0259k v\u0259 d\u00f6rd g\u00fcn \u0259rzind\u0259 davam ed\u0259c\u0259k s\u0259rgid\u0259 d\u00fcnyan\u0131n 148 \u00f6lk\u0259sind\u0259n 341 n\u00fcmay\u0259nd\u0259 hey\u0259tinin i\u015ftirak ed\u0259c\u0259yi g\u00f6zl\u0259nilir. 25-28 mayda ba\u015f tutacaq s\u0259rginin T\u00fcrkiy\u0259 Milli M\u00fcdafi\u0259 Nazirliyinin r\u0259hb\u0259rliyi alt\u0131nda ke\u00e7iril\u0259c\u0259yi bildirilir.","_links":{"self":[{"href":"https:\/\/arantv.az\/index.php?rest_route=\/wp\/v2\/posts\/295784"}],"collection":[{"href":"https:\/\/arantv.az\/index.php?rest_route=\/wp\/v2\/posts"}],"about":[{"href":"https:\/\/arantv.az\/index.php?rest_route=\/wp\/v2\/types\/post"}],"author":[{"embeddable":true,"href":"https:\/\/arantv.az\/index.php?rest_route=\/wp\/v2\/users\/2"}],"replies":[{"embeddable":true,"href":"https:\/\/arantv.az\/index.php?rest_route=%2Fwp%2Fv2%2Fcomments&post=295784"}],"version-history":[{"count":0,"href":"https:\/\/arantv.az\/index.php?rest_route=\/wp\/v2\/posts\/295784\/revisions"}],"wp:featuredmedia":[{"embeddable":true,"href":"https:\/\/arantv.az\/index.php?rest_route=\/wp\/v2\/media\/295785"}],"wp:attachment":[{"href":"https:\/\/arantv.az\/index.php?rest_route=%2Fwp%2Fv2%2Fmedia&parent=295784"}],"wp:term":[{"taxonomy":"category","embeddable":true,"href":"https:\/\/arantv.az\/index.php?rest_route=%2Fwp%2Fv2%2Fcategories&post=295784"},{"taxonomy":"post_tag","embeddable":true,"href":"https:\/\/arantv.az\/index.php?rest_route=%2Fwp%2Fv2%2Ftags&post=295784"}],"curies":[{"name":"wp","href":"https:\/\/api.w.org\/{rel}","templated":true}]}}