{"id":295788,"date":"2021-02-17T15:59:14","date_gmt":"2021-02-17T12:59:14","guid":{"rendered":"http:\/\/arantv.az\/?p=295788"},"modified":"2021-02-17T15:59:14","modified_gmt":"2021-02-17T12:59:14","slug":"r%c9%99sad-n%c9%99biyev-turkiy%c9%99nin-t%c9%99crub%c9%99sinin-az%c9%99rbaycanda-t%c9%99tbiqi-bar%c9%99d%c9%99-raziliga-g%c9%99ldik-yenil%c9%99nib-foto","status":"publish","type":"post","link":"https:\/\/arantv.az\/?p=295788","title":{"rendered":"R\u0259\u015fad N\u0259biyev: \u201cT\u00fcrkiy\u0259nin t\u0259cr\u00fcb\u0259sinin Az\u0259rbaycanda t\u0259tbiqi bar\u0259d\u0259 raz\u0131l\u0131\u011fa g\u0259ldik\u201d &#8211; YEN\u0130L\u018fN\u0130B + FOTO"},"content":{"rendered":"<p>N\u0259qliyyat, Rabit\u0259 v\u0259 Y\u00fcks\u0259k Texnologiyalar naziri R\u0259\u015fad N\u0259biyev bu g\u00fcn T\u00fcrkiy\u0259nin s\u0259naye v\u0259 texnologiya naziri Mustafa Varankla g\u00f6r\u00fc\u015f ke\u00e7irib.<\/p>\n<p>Bununla ba\u011fl\u0131 R.N\u0259biyev sosial \u015f\u0259b\u0259k\u0259 hesab\u0131nda m\u0259lumat payla\u015f\u0131b.<\/p>\n<p>O bildirib ki, g\u00f6r\u00fc\u015fd\u0259 \u0130KT v\u0259 innovasiyalar \u00fczr\u0259 \u0259m\u0259kda\u015fl\u0131q bar\u0259d\u0259 fikir m\u00fcbadil\u0259si apar\u0131l\u0131b.<\/p>\n<div id=\"AdviadNativeVideo0\" class=\"AdviadNativeVideo\"><\/div>\n<p>\u201cLayih\u0259l\u0259rin h\u0259yata ke\u00e7irilm\u0259si v\u0259 T\u00fcrkiy\u0259nin u\u011furlu t\u0259cr\u00fcb\u0259sinin Az\u0259rbaycanda t\u0259tbiq edilm\u0259si bar\u0259d\u0259 raz\u0131l\u0131\u011fa g\u0259ldik\u201d, &#8211; dey\u0259 R.N\u0259biyev qeyd edib.<\/p>\n<p><img src=\"https:\/\/cdn.oxu.az\/uploads\/W1siZiIsIjIwMjEvMDIvMTcvMTYvNTIvMzQvNDYyNTAwOWMtZGIwYi00NTg1LWEzYzYtYjQ3ODE5NGNhYTRkLzYuanBnIl0sWyJwIiwiZW5jb2RlIiwianBnIiwiLXF1YWxpdHkgODAiXSxbInAiLCJ0aHVtYiIsIjU5MHg1OTBcdTAwM2UiXV0?sha=29599c8cc33f5fd6\" alt=\"\" \/><\/p>\n<p><img src=\"https:\/\/cdn.oxu.az\/uploads\/W1siZiIsIjIwMjEvMDIvMTcvMTYvNTIvNDcvZmEwODcxOTEtNTFiZS00MjRhLWE0NmYtOTJiMzFiYjc0MGFmLzcuanBnIl0sWyJwIiwiZW5jb2RlIiwianBnIiwiLXF1YWxpdHkgODAiXSxbInAiLCJ0aHVtYiIsIjU5MHg1OTBcdTAwM2UiXV0?sha=74990e3177054842\" alt=\"\" \/><\/p>\n<p><strong>16:30<\/strong><\/p>\n<p>N\u0259qliyyat, Rabit\u0259 v\u0259 Y\u00fcks\u0259k Texnologiyalar naziri R\u0259\u015fad N\u0259biyev T\u00fcrkiy\u0259d\u0259 h\u0259mkar\u0131 Adil Karaismailo\u011flu il\u0259 g\u00f6r\u00fc\u015f\u00fcb.<\/p>\n<p>\u201cTRTHaber\u201d m\u0259lumat verir ki, t\u00fcrkiy\u0259li h\u0259mkar\u0131 R.N\u0259biyevi yeni v\u0259zif\u0259sin\u0259 ba\u015flamas\u0131 m\u00fcnasib\u0259ti il\u0259 t\u0259brik edib v\u0259 ona u\u011furlar dil\u0259yib.<\/p>\n<p>Karaismailo\u011flu iki xalq aras\u0131ndak\u0131 dostluq v\u0259 qarda\u015fl\u0131\u011f\u0131n t\u0259m\u0259linin ortaq \u0259cdadlar, m\u0259d\u0259niyy\u0259t, taleyin birliyi \u00fcz\u0259rind\u0259 quruldu\u011funu bildirib:<\/p>\n<p>\u201cD\u0259y\u0259rli h\u0259mkar\u0131m\u0131zla apard\u0131\u011f\u0131m\u0131z m\u00fczakir\u0259l\u0259rd\u0259\u00a0d\u00fcnyaya n\u00fcmun\u0259 olan dostlu\u011fumuz \u00e7\u0259r\u00e7iv\u0259sind\u0259 n\u0259qliyyat v\u0259 rabit\u0259 sah\u0259sind\u0259ki \u0259m\u0259kda\u015fl\u0131\u011f\u0131m\u0131z\u0131 m\u00fczakir\u0259 etdik\u201d.<\/p>\n<p><img src=\"https:\/\/cdn.oxu.az\/uploads\/W1siZiIsIjIwMjEvMDIvMTcvMTYvNTAvMTUvOGVjZDc0NGUtMGM5YS00ZjgxLWExMmYtN2U3OTc5YmY2ZTU2LzQuanBnIl0sWyJwIiwiZW5jb2RlIiwianBnIiwiLXF1YWxpdHkgODAiXSxbInAiLCJ0aHVtYiIsIjU5MHg1OTBcdTAwM2UiXV0?sha=2150fd55dc01924a\" alt=\"\" \/><img src=\"https:\/\/cdn.oxu.az\/uploads\/W1siZiIsIjIwMjEvMDIvMTcvMTYvNTAvMTUvYzIxNDM4YTYtM2Y4Ni00OWNiLWFiYzAtZTk0ODNmZmUxOTczLzUuanBnIl0sWyJwIiwiZW5jb2RlIiwianBnIiwiLXF1YWxpdHkgODAiXSxbInAiLCJ0aHVtYiIsIjU5MHg1OTBcdTAwM2UiXV0?sha=ef4552eac896b47a\" alt=\"\" \/><\/p>\n","protected":false},"excerpt":{"rendered":"<p>N\u0259qliyyat, Rabit\u0259 v\u0259 Y\u00fcks\u0259k Texnologiyalar naziri R\u0259\u015fad N\u0259biyev bu g\u00fcn T\u00fcrkiy\u0259nin s\u0259naye v\u0259 texnologiya naziri Mustafa Varankla g\u00f6r\u00fc\u015f ke\u00e7irib. Bununla ba\u011fl\u0131 R.N\u0259biyev sosial \u015f\u0259b\u0259k\u0259 hesab\u0131nda m\u0259lumat payla\u015f\u0131b. O bildirib ki, g\u00f6r\u00fc\u015fd\u0259 \u0130KT v\u0259 innovasiyalar \u00fczr\u0259 \u0259m\u0259kda\u015fl\u0131q bar\u0259d\u0259 fikir m\u00fcbadil\u0259si apar\u0131l\u0131b. \u201cLayih\u0259l\u0259rin h\u0259yata ke\u00e7irilm\u0259si v\u0259 T\u00fcrkiy\u0259nin u\u011furlu t\u0259cr\u00fcb\u0259sinin Az\u0259rbaycanda t\u0259tbiq edilm\u0259si bar\u0259d\u0259 raz\u0131l\u0131\u011fa g\u0259ldik\u201d, &#8211; dey\u0259 R.N\u0259biyev qeyd edib. 16:30 N\u0259qliyyat, Rabit\u0259 v\u0259 Y\u00fcks\u0259k Texnologiyalar naziri R\u0259\u015fad N\u0259biyev T\u00fcrkiy\u0259d\u0259 h\u0259mkar\u0131 Adil Karaismailo\u011flu il\u0259 g\u00f6r\u00fc\u015f\u00fcb. \u201cTRTHaber\u201d m\u0259lumat verir ki, t\u00fcrkiy\u0259li h\u0259mkar\u0131 R.N\u0259biyevi yeni v\u0259zif\u0259sin\u0259 ba\u015flamas\u0131 m\u00fcnasib\u0259ti il\u0259 t\u0259brik edib v\u0259 ona u\u011furlar&hellip;<\/p>\n","protected":false},"author":2,"featured_media":295789,"comment_status":"closed","ping_status":"closed","sticky":false,"template":"","format":"standard","meta":{"om_disable_all_campaigns":false,"_monsterinsights_skip_tracking":false,"_monsterinsights_sitenote_active":false,"_monsterinsights_sitenote_note":"","_monsterinsights_sitenote_category":0},"categories":[4],"tags":[],"aioseo_notices":[],"gutentor_comment":0,"rttpg_featured_image_url":{"full":["https:\/\/arantv.az\/wp-content\/uploads\/2021\/02\/karaismailoglu-1521594_2-1-1.jpg",620,349,false],"landscape":["https:\/\/arantv.az\/wp-content\/uploads\/2021\/02\/karaismailoglu-1521594_2-1-1.jpg",620,349,false],"portraits":["https:\/\/arantv.az\/wp-content\/uploads\/2021\/02\/karaismailoglu-1521594_2-1-1.jpg",620,349,false],"thumbnail":["https:\/\/arantv.az\/wp-content\/uploads\/2021\/02\/karaismailoglu-1521594_2-1-1-150x150.jpg",150,150,true],"medium":["https:\/\/arantv.az\/wp-content\/uploads\/2021\/02\/karaismailoglu-1521594_2-1-1-300x169.jpg",300,169,true],"large":["https:\/\/arantv.az\/wp-content\/uploads\/2021\/02\/karaismailoglu-1521594_2-1-1.jpg",620,349,false],"1536x1536":["https:\/\/arantv.az\/wp-content\/uploads\/2021\/02\/karaismailoglu-1521594_2-1-1.jpg",620,349,false],"2048x2048":["https:\/\/arantv.az\/wp-content\/uploads\/2021\/02\/karaismailoglu-1521594_2-1-1.jpg",620,349,false],"post-thumbnail":["https:\/\/arantv.az\/wp-content\/uploads\/2021\/02\/karaismailoglu-1521594_2-1-1-240x172.jpg",240,172,true],"advps-thumb-one":["https:\/\/arantv.az\/wp-content\/uploads\/2021\/02\/karaismailoglu-1521594_2-1-1.jpg",620,349,false]},"rttpg_author":{"display_name":"V\u00fcsal Rafiqo\u011flu","author_link":"https:\/\/arantv.az\/?author=2"},"rttpg_comment":0,"rttpg_category":"<a href=\"https:\/\/arantv.az\/?cat=4\" rel=\"category\">Siyas\u0259t<\/a>","rttpg_excerpt":"N\u0259qliyyat, Rabit\u0259 v\u0259 Y\u00fcks\u0259k Texnologiyalar naziri R\u0259\u015fad N\u0259biyev bu g\u00fcn T\u00fcrkiy\u0259nin s\u0259naye v\u0259 texnologiya naziri Mustafa Varankla g\u00f6r\u00fc\u015f ke\u00e7irib. Bununla ba\u011fl\u0131 R.N\u0259biyev sosial \u015f\u0259b\u0259k\u0259 hesab\u0131nda m\u0259lumat payla\u015f\u0131b. O bildirib ki, g\u00f6r\u00fc\u015fd\u0259 \u0130KT v\u0259 innovasiyalar \u00fczr\u0259 \u0259m\u0259kda\u015fl\u0131q bar\u0259d\u0259 fikir m\u00fcbadil\u0259si apar\u0131l\u0131b. \u201cLayih\u0259l\u0259rin h\u0259yata ke\u00e7irilm\u0259si v\u0259 T\u00fcrkiy\u0259nin u\u011furlu t\u0259cr\u00fcb\u0259sinin Az\u0259rbaycanda t\u0259tbiq edilm\u0259si bar\u0259d\u0259 raz\u0131l\u0131\u011fa g\u0259ldik\u201d, &#8211; dey\u0259&hellip;","_links":{"self":[{"href":"https:\/\/arantv.az\/index.php?rest_route=\/wp\/v2\/posts\/295788"}],"collection":[{"href":"https:\/\/arantv.az\/index.php?rest_route=\/wp\/v2\/posts"}],"about":[{"href":"https:\/\/arantv.az\/index.php?rest_route=\/wp\/v2\/types\/post"}],"author":[{"embeddable":true,"href":"https:\/\/arantv.az\/index.php?rest_route=\/wp\/v2\/users\/2"}],"replies":[{"embeddable":true,"href":"https:\/\/arantv.az\/index.php?rest_route=%2Fwp%2Fv2%2Fcomments&post=295788"}],"version-history":[{"count":0,"href":"https:\/\/arantv.az\/index.php?rest_route=\/wp\/v2\/posts\/295788\/revisions"}],"wp:featuredmedia":[{"embeddable":true,"href":"https:\/\/arantv.az\/index.php?rest_route=\/wp\/v2\/media\/295789"}],"wp:attachment":[{"href":"https:\/\/arantv.az\/index.php?rest_route=%2Fwp%2Fv2%2Fmedia&parent=295788"}],"wp:term":[{"taxonomy":"category","embeddable":true,"href":"https:\/\/arantv.az\/index.php?rest_route=%2Fwp%2Fv2%2Fcategories&post=295788"},{"taxonomy":"post_tag","embeddable":true,"href":"https:\/\/arantv.az\/index.php?rest_route=%2Fwp%2Fv2%2Ftags&post=295788"}],"curies":[{"name":"wp","href":"https:\/\/api.w.org\/{rel}","templated":true}]}}