{"id":295800,"date":"2021-02-17T16:03:52","date_gmt":"2021-02-17T13:03:52","guid":{"rendered":"http:\/\/arantv.az\/?p=295800"},"modified":"2021-02-17T16:03:52","modified_gmt":"2021-02-17T13:03:52","slug":"olk%c9%99mizd%c9%99-internetin-sur%c9%99ti-yoxlanilacaq","status":"publish","type":"post","link":"https:\/\/arantv.az\/?p=295800","title":{"rendered":"\u00d6lk\u0259mizd\u0259 internetin s\u00fcr\u0259ti yoxlan\u0131lacaq"},"content":{"rendered":"<p><em>&#8220;Az\u0259rbaycanda VAR (video-k\u00f6m\u0259k\u00e7i hakim) sisteminin t\u0259tbiqi il\u0259 ba\u011fl\u0131 m\u00fczakir\u0259l\u0259r aparmaq \u00fc\u00e7\u00fcn qar\u015f\u0131da bir ne\u00e7\u0259 ay vaxt\u0131m\u0131z var. H\u0259l\u0259 \u00e7ox ara\u015fd\u0131rma apar\u0131lacaq. Yaln\u0131z bundan sonra q\u0259ti q\u0259rara g\u0259l\u0259c\u0259yik&#8221;.<\/em><\/p>\n<p><strong>ARANTV.AZ<\/strong>\u00a0 x\u0259b\u0259r verir ki, bu fikirl\u0259ri AFFA Hakiml\u0259r Komit\u0259sinin s\u0259dri\u00a0<strong>Frits \u015etuxlik<\/strong>\u00a0\u0130TV-d\u0259 yay\u0131mlanan\u00a0<em>&#8220;Bol idman&#8221;<\/em>\u00a0verili\u015find\u0259 deyib.<\/p>\n<p>Avstriyal\u0131 funksioner bildirib ki, VAR-\u0131n t\u0259tbiqi \u00fc\u00e7\u00fcn \u0259vv\u0259lc\u0259 \u00f6lk\u0259d\u0259 internetin s\u00fcr\u0259ti yoxlan\u0131lacaq:\u00a0<em>&#8220;S\u00fcr\u0259t z\u0259ifdirs\u0259, stadionun yax\u0131nl\u0131\u011f\u0131nda h\u0259r hans\u0131 van qoyula v\u0259 bundan istifad\u0259 oluna bil\u0259r. Problem yoxdursa, m\u0259rk\u0259zl\u0259\u015fdirilmi\u015f otaqdan da istifad\u0259 edil\u0259 bil\u0259r&#8221;.<\/em><\/p>\n<p>\u015etuxlik art\u0131q avrokubok mat\u00e7lar\u0131nda da VAR-\u0131n m\u0259rk\u0259zl\u0259\u015fdirilmi\u015f sistemd\u0259n idar\u0259 olundu\u011funu bildirib:\u00a0<em>&#8220;UEFA-dan dan\u0131\u015f\u0131r\u0131qsa, dekabrad\u0259k avrokuboklarda VAR ota\u011f\u0131 stadionlarda olurdu. Art\u0131q h\u0259r \u015fey m\u0259rk\u0259z Nyondan idar\u0259 olunur. UEFA da m\u0259rk\u0259zl\u0259\u015fdirilmi\u015f sistem\u0259 ke\u00e7ir. T\u0259bii ki, bu, h\u0259ddind\u0259n art\u0131q b\u00f6y\u00fck proqramd\u0131r. UEFA-n\u0131n bununla ba\u011fl\u0131 a\u015fkar t\u0259hsil proqramlar\u0131 var. Hakiml\u0259ri \u00f6yr\u0259tm\u0259k \u00fc\u00e7\u00fcn m\u00fcxt\u0259lif materiallar, videoklipl\u0259r g\u00f6st\u0259rilir, videom\u0259\u015f\u011f\u0259l\u0259l\u0259r olur, oflayn oyunlar ke\u00e7irilir&#8221;.<\/em><\/p>\n","protected":false},"excerpt":{"rendered":"<p>&#8220;Az\u0259rbaycanda VAR (video-k\u00f6m\u0259k\u00e7i hakim) sisteminin t\u0259tbiqi il\u0259 ba\u011fl\u0131 m\u00fczakir\u0259l\u0259r aparmaq \u00fc\u00e7\u00fcn qar\u015f\u0131da bir ne\u00e7\u0259 ay vaxt\u0131m\u0131z var. H\u0259l\u0259 \u00e7ox ara\u015fd\u0131rma apar\u0131lacaq. Yaln\u0131z bundan sonra q\u0259ti q\u0259rara g\u0259l\u0259c\u0259yik&#8221;. ARANTV.AZ\u00a0 x\u0259b\u0259r verir ki, bu fikirl\u0259ri AFFA Hakiml\u0259r Komit\u0259sinin s\u0259dri\u00a0Frits \u015etuxlik\u00a0\u0130TV-d\u0259 yay\u0131mlanan\u00a0&#8220;Bol idman&#8221;\u00a0verili\u015find\u0259 deyib. Avstriyal\u0131 funksioner bildirib ki, VAR-\u0131n t\u0259tbiqi \u00fc\u00e7\u00fcn \u0259vv\u0259lc\u0259 \u00f6lk\u0259d\u0259 internetin s\u00fcr\u0259ti yoxlan\u0131lacaq:\u00a0&#8220;S\u00fcr\u0259t z\u0259ifdirs\u0259, stadionun yax\u0131nl\u0131\u011f\u0131nda h\u0259r hans\u0131 van qoyula v\u0259 bundan istifad\u0259 oluna bil\u0259r. Problem yoxdursa, m\u0259rk\u0259zl\u0259\u015fdirilmi\u015f otaqdan da istifad\u0259 edil\u0259 bil\u0259r&#8221;. \u015etuxlik art\u0131q avrokubok mat\u00e7lar\u0131nda da VAR-\u0131n m\u0259rk\u0259zl\u0259\u015fdirilmi\u015f sistemd\u0259n idar\u0259 olundu\u011funu bildirib:\u00a0&#8220;UEFA-dan dan\u0131\u015f\u0131r\u0131qsa, dekabrad\u0259k avrokuboklarda VAR ota\u011f\u0131 stadionlarda&hellip;<\/p>\n","protected":false},"author":2,"featured_media":295801,"comment_status":"closed","ping_status":"closed","sticky":false,"template":"","format":"standard","meta":{"om_disable_all_campaigns":false,"_monsterinsights_skip_tracking":false,"_monsterinsights_sitenote_active":false,"_monsterinsights_sitenote_note":"","_monsterinsights_sitenote_category":0},"categories":[26],"tags":[],"aioseo_notices":[],"gutentor_comment":0,"rttpg_featured_image_url":{"full":["https:\/\/arantv.az\/wp-content\/uploads\/2021\/02\/c19af480161356613821198466810086667.jpg",975,540,false],"landscape":["https:\/\/arantv.az\/wp-content\/uploads\/2021\/02\/c19af480161356613821198466810086667.jpg",975,540,false],"portraits":["https:\/\/arantv.az\/wp-content\/uploads\/2021\/02\/c19af480161356613821198466810086667.jpg",975,540,false],"thumbnail":["https:\/\/arantv.az\/wp-content\/uploads\/2021\/02\/c19af480161356613821198466810086667-150x150.jpg",150,150,true],"medium":["https:\/\/arantv.az\/wp-content\/uploads\/2021\/02\/c19af480161356613821198466810086667-300x166.jpg",300,166,true],"large":["https:\/\/arantv.az\/wp-content\/uploads\/2021\/02\/c19af480161356613821198466810086667.jpg",640,354,false],"1536x1536":["https:\/\/arantv.az\/wp-content\/uploads\/2021\/02\/c19af480161356613821198466810086667.jpg",975,540,false],"2048x2048":["https:\/\/arantv.az\/wp-content\/uploads\/2021\/02\/c19af480161356613821198466810086667.jpg",975,540,false],"post-thumbnail":["https:\/\/arantv.az\/wp-content\/uploads\/2021\/02\/c19af480161356613821198466810086667-240x172.jpg",240,172,true],"advps-thumb-one":["https:\/\/arantv.az\/wp-content\/uploads\/2021\/02\/c19af480161356613821198466810086667.jpg",975,540,false]},"rttpg_author":{"display_name":"V\u00fcsal Rafiqo\u011flu","author_link":"https:\/\/arantv.az\/?author=2"},"rttpg_comment":0,"rttpg_category":"<a href=\"https:\/\/arantv.az\/?cat=26\" rel=\"category\">Sosial<\/a>","rttpg_excerpt":"&#8220;Az\u0259rbaycanda VAR (video-k\u00f6m\u0259k\u00e7i hakim) sisteminin t\u0259tbiqi il\u0259 ba\u011fl\u0131 m\u00fczakir\u0259l\u0259r aparmaq \u00fc\u00e7\u00fcn qar\u015f\u0131da bir ne\u00e7\u0259 ay vaxt\u0131m\u0131z var. H\u0259l\u0259 \u00e7ox ara\u015fd\u0131rma apar\u0131lacaq. Yaln\u0131z bundan sonra q\u0259ti q\u0259rara g\u0259l\u0259c\u0259yik&#8221;. ARANTV.AZ\u00a0 x\u0259b\u0259r verir ki, bu fikirl\u0259ri AFFA Hakiml\u0259r Komit\u0259sinin s\u0259dri\u00a0Frits \u015etuxlik\u00a0\u0130TV-d\u0259 yay\u0131mlanan\u00a0&#8220;Bol idman&#8221;\u00a0verili\u015find\u0259 deyib. Avstriyal\u0131 funksioner bildirib ki, VAR-\u0131n t\u0259tbiqi \u00fc\u00e7\u00fcn \u0259vv\u0259lc\u0259 \u00f6lk\u0259d\u0259 internetin s\u00fcr\u0259ti yoxlan\u0131lacaq:\u00a0&#8220;S\u00fcr\u0259t z\u0259ifdirs\u0259, stadionun&hellip;","_links":{"self":[{"href":"https:\/\/arantv.az\/index.php?rest_route=\/wp\/v2\/posts\/295800"}],"collection":[{"href":"https:\/\/arantv.az\/index.php?rest_route=\/wp\/v2\/posts"}],"about":[{"href":"https:\/\/arantv.az\/index.php?rest_route=\/wp\/v2\/types\/post"}],"author":[{"embeddable":true,"href":"https:\/\/arantv.az\/index.php?rest_route=\/wp\/v2\/users\/2"}],"replies":[{"embeddable":true,"href":"https:\/\/arantv.az\/index.php?rest_route=%2Fwp%2Fv2%2Fcomments&post=295800"}],"version-history":[{"count":0,"href":"https:\/\/arantv.az\/index.php?rest_route=\/wp\/v2\/posts\/295800\/revisions"}],"wp:featuredmedia":[{"embeddable":true,"href":"https:\/\/arantv.az\/index.php?rest_route=\/wp\/v2\/media\/295801"}],"wp:attachment":[{"href":"https:\/\/arantv.az\/index.php?rest_route=%2Fwp%2Fv2%2Fmedia&parent=295800"}],"wp:term":[{"taxonomy":"category","embeddable":true,"href":"https:\/\/arantv.az\/index.php?rest_route=%2Fwp%2Fv2%2Fcategories&post=295800"},{"taxonomy":"post_tag","embeddable":true,"href":"https:\/\/arantv.az\/index.php?rest_route=%2Fwp%2Fv2%2Ftags&post=295800"}],"curies":[{"name":"wp","href":"https:\/\/api.w.org\/{rel}","templated":true}]}}