{"id":295804,"date":"2021-02-17T16:04:40","date_gmt":"2021-02-17T13:04:40","guid":{"rendered":"http:\/\/arantv.az\/?p=295804"},"modified":"2021-02-17T16:04:40","modified_gmt":"2021-02-17T13:04:40","slug":"ozb%c9%99kistan-az%c9%99rbaycanla-birg%c9%99-h%c9%99rbi-t%c9%99lim-kecirm%c9%99k-ist%c9%99yir","status":"publish","type":"post","link":"https:\/\/arantv.az\/?p=295804","title":{"rendered":"\u00d6zb\u0259kistan Az\u0259rbaycanla birg\u0259 h\u0259rbi t\u0259lim ke\u00e7irm\u0259k ist\u0259yir"},"content":{"rendered":"<p>Fevral\u0131n 17-d\u0259 Az\u0259rbaycan Respublikas\u0131n\u0131n M\u00fcdafi\u0259 naziri general-polkovnik Zakir H\u0259s\u0259nov \u00d6zb\u0259kistan Respublikas\u0131n\u0131n \u00f6lk\u0259mizd\u0259ki f\u00f6vq\u0259lad\u0259 v\u0259 s\u0259lahiyy\u0259tli s\u0259firi Bahrom A\u015frafxanov il\u0259 g\u00f6r\u00fc\u015f\u00fcb.<\/p>\n<p>M\u00fcdafi\u0259 Nazirliyind\u0259n <b>ARANTV.AZ-a<\/b>\u00a0veril\u0259n m\u0259lumata g\u00f6r\u0259, s\u0259firi salamlayan M\u00fcdafi\u0259 naziri bildirib ki, \u00f6lk\u0259l\u0259rimiz aras\u0131nda h\u0259yata ke\u00e7iril\u0259n ikit\u0259r\u0259fli h\u0259rbi \u0259m\u0259kda\u015fl\u0131q dostluq v\u0259 qarda\u015fl\u0131q m\u00fcnasib\u0259tl\u0259ri \u00fcz\u0259rind\u0259 qurulub. Nazir qeyd edib ki, b\u00fct\u00fcn sah\u0259l\u0259rd\u0259 oldu\u011fu kimi m\u00fcdafi\u0259 sah\u0259sind\u0259 d\u0259 \u0259laq\u0259l\u0259rimiz \u00f6lk\u0259l\u0259rimizin maraqlar\u0131na uy\u011fun u\u011furla inki\u015faf edir.<\/p>\n<p>General-polkovnik Z.H\u0259s\u0259nov s\u0259fir\u0259 ordu quruculu\u011fu sah\u0259sind\u0259 ke\u00e7iril\u0259n islahatlar v\u0259 \u0259ld\u0259 olunan nailiyy\u0259tl\u0259r bar\u0259d\u0259 d\u0259 m\u0259lumat verib.<\/p>\n<p>Diplomat \u00f6z n\u00f6vb\u0259sind\u0259 V\u0259t\u0259n m\u00fcharib\u0259sind\u0259 qazan\u0131lan q\u0259l\u0259b\u0259 m\u00fcnasib\u0259til\u0259 Az\u0259rbaycan xalq\u0131n\u0131 t\u0259brik edib, \u015f\u0259hidl\u0259r\u0259 Allahdan r\u0259hm\u0259t, yaral\u0131lara is\u0259 \u015f\u0259fa dil\u0259yib. S\u0259fir qeyd edib ki, \u00d6zb\u0259kistan Az\u0259rbaycan\u0131n \u0259razi b\u00fct\u00f6vl\u00fcy\u00fcn\u00fc tan\u0131y\u0131r v\u0259 h\u0259r zaman \u00f6lk\u0259miz\u0259 b\u00fct\u00fcn m\u0259s\u0259l\u0259l\u0259rd\u0259 d\u0259st\u0259k g\u00f6st\u0259rib.<\/p>\n<p>\u00d6zb\u0259kistan\u0131n Az\u0259rbaycan il\u0259 birg\u0259 h\u0259rbi t\u0259lim v\u0259 treninql\u0259rin ke\u00e7irilm\u0259sind\u0259 maraql\u0131 oldu\u011funu qeyd ed\u0259n s\u0259fir \u00d6zb\u0259kistan Silahl\u0131 Q\u00fcvv\u0259l\u0259rinin h\u0259rbi qulluq\u00e7ular\u0131n\u0131n i\u015ftirak\u0131 il\u0259 Az\u0259rbaycan\u0131n h\u0259rbi t\u0259hsil m\u00fc\u0259ssis\u0259l\u0259rind\u0259 t\u0259cr\u00fcb\u0259 m\u00fcbadil\u0259sinin apar\u0131lmas\u0131n\u0131n vacibliyini d\u0259 vur\u011fulay\u0131b.<\/p>\n<p>G\u00f6r\u00fc\u015fd\u0259 m\u00fcdafi\u0259 v\u0259 h\u0259rbi t\u0259hsil sah\u0259sind\u0259 birg\u0259 \u0259m\u0259kda\u015fl\u0131\u011f\u0131n haz\u0131rk\u0131 v\u0259ziyy\u0259ti v\u0259 inki\u015faf perspektivl\u0259ri il\u0259 ba\u011fl\u0131 bir s\u0131ra dig\u0259r m\u0259s\u0259l\u0259l\u0259r m\u00fczakir\u0259 olunub.<\/p>\n","protected":false},"excerpt":{"rendered":"<p>Fevral\u0131n 17-d\u0259 Az\u0259rbaycan Respublikas\u0131n\u0131n M\u00fcdafi\u0259 naziri general-polkovnik Zakir H\u0259s\u0259nov \u00d6zb\u0259kistan Respublikas\u0131n\u0131n \u00f6lk\u0259mizd\u0259ki f\u00f6vq\u0259lad\u0259 v\u0259 s\u0259lahiyy\u0259tli s\u0259firi Bahrom A\u015frafxanov il\u0259 g\u00f6r\u00fc\u015f\u00fcb. M\u00fcdafi\u0259 Nazirliyind\u0259n ARANTV.AZ-a\u00a0veril\u0259n m\u0259lumata g\u00f6r\u0259, s\u0259firi salamlayan M\u00fcdafi\u0259 naziri bildirib ki, \u00f6lk\u0259l\u0259rimiz aras\u0131nda h\u0259yata ke\u00e7iril\u0259n ikit\u0259r\u0259fli h\u0259rbi \u0259m\u0259kda\u015fl\u0131q dostluq v\u0259 qarda\u015fl\u0131q m\u00fcnasib\u0259tl\u0259ri \u00fcz\u0259rind\u0259 qurulub. Nazir qeyd edib ki, b\u00fct\u00fcn sah\u0259l\u0259rd\u0259 oldu\u011fu kimi m\u00fcdafi\u0259 sah\u0259sind\u0259 d\u0259 \u0259laq\u0259l\u0259rimiz \u00f6lk\u0259l\u0259rimizin maraqlar\u0131na uy\u011fun u\u011furla inki\u015faf edir. General-polkovnik Z.H\u0259s\u0259nov s\u0259fir\u0259 ordu quruculu\u011fu sah\u0259sind\u0259 ke\u00e7iril\u0259n islahatlar v\u0259 \u0259ld\u0259 olunan nailiyy\u0259tl\u0259r bar\u0259d\u0259 d\u0259 m\u0259lumat verib. Diplomat \u00f6z n\u00f6vb\u0259sind\u0259 V\u0259t\u0259n m\u00fcharib\u0259sind\u0259 qazan\u0131lan q\u0259l\u0259b\u0259 m\u00fcnasib\u0259til\u0259 Az\u0259rbaycan xalq\u0131n\u0131 t\u0259brik edib,&hellip;<\/p>\n","protected":false},"author":2,"featured_media":295805,"comment_status":"closed","ping_status":"closed","sticky":false,"template":"","format":"standard","meta":{"om_disable_all_campaigns":false,"_monsterinsights_skip_tracking":false,"_monsterinsights_sitenote_active":false,"_monsterinsights_sitenote_note":"","_monsterinsights_sitenote_category":0},"categories":[10],"tags":[],"aioseo_notices":[],"gutentor_comment":0,"rttpg_featured_image_url":{"full":["https:\/\/arantv.az\/wp-content\/uploads\/2021\/02\/961f1e75161356641085734445310952023.jpg",975,540,false],"landscape":["https:\/\/arantv.az\/wp-content\/uploads\/2021\/02\/961f1e75161356641085734445310952023.jpg",975,540,false],"portraits":["https:\/\/arantv.az\/wp-content\/uploads\/2021\/02\/961f1e75161356641085734445310952023.jpg",975,540,false],"thumbnail":["https:\/\/arantv.az\/wp-content\/uploads\/2021\/02\/961f1e75161356641085734445310952023-150x150.jpg",150,150,true],"medium":["https:\/\/arantv.az\/wp-content\/uploads\/2021\/02\/961f1e75161356641085734445310952023-300x166.jpg",300,166,true],"large":["https:\/\/arantv.az\/wp-content\/uploads\/2021\/02\/961f1e75161356641085734445310952023.jpg",640,354,false],"1536x1536":["https:\/\/arantv.az\/wp-content\/uploads\/2021\/02\/961f1e75161356641085734445310952023.jpg",975,540,false],"2048x2048":["https:\/\/arantv.az\/wp-content\/uploads\/2021\/02\/961f1e75161356641085734445310952023.jpg",975,540,false],"post-thumbnail":["https:\/\/arantv.az\/wp-content\/uploads\/2021\/02\/961f1e75161356641085734445310952023-240x172.jpg",240,172,true],"advps-thumb-one":["https:\/\/arantv.az\/wp-content\/uploads\/2021\/02\/961f1e75161356641085734445310952023.jpg",975,540,false]},"rttpg_author":{"display_name":"V\u00fcsal Rafiqo\u011flu","author_link":"https:\/\/arantv.az\/?author=2"},"rttpg_comment":0,"rttpg_category":"<a href=\"https:\/\/arantv.az\/?cat=10\" rel=\"category\">C\u0259bh\u0259d\u0259n X\u0259b\u0259r<\/a>","rttpg_excerpt":"Fevral\u0131n 17-d\u0259 Az\u0259rbaycan Respublikas\u0131n\u0131n M\u00fcdafi\u0259 naziri general-polkovnik Zakir H\u0259s\u0259nov \u00d6zb\u0259kistan Respublikas\u0131n\u0131n \u00f6lk\u0259mizd\u0259ki f\u00f6vq\u0259lad\u0259 v\u0259 s\u0259lahiyy\u0259tli s\u0259firi Bahrom A\u015frafxanov il\u0259 g\u00f6r\u00fc\u015f\u00fcb. M\u00fcdafi\u0259 Nazirliyind\u0259n ARANTV.AZ-a\u00a0veril\u0259n m\u0259lumata g\u00f6r\u0259, s\u0259firi salamlayan M\u00fcdafi\u0259 naziri bildirib ki, \u00f6lk\u0259l\u0259rimiz aras\u0131nda h\u0259yata ke\u00e7iril\u0259n ikit\u0259r\u0259fli h\u0259rbi \u0259m\u0259kda\u015fl\u0131q dostluq v\u0259 qarda\u015fl\u0131q m\u00fcnasib\u0259tl\u0259ri \u00fcz\u0259rind\u0259 qurulub. Nazir qeyd edib ki, b\u00fct\u00fcn sah\u0259l\u0259rd\u0259 oldu\u011fu kimi m\u00fcdafi\u0259 sah\u0259sind\u0259 d\u0259&hellip;","_links":{"self":[{"href":"https:\/\/arantv.az\/index.php?rest_route=\/wp\/v2\/posts\/295804"}],"collection":[{"href":"https:\/\/arantv.az\/index.php?rest_route=\/wp\/v2\/posts"}],"about":[{"href":"https:\/\/arantv.az\/index.php?rest_route=\/wp\/v2\/types\/post"}],"author":[{"embeddable":true,"href":"https:\/\/arantv.az\/index.php?rest_route=\/wp\/v2\/users\/2"}],"replies":[{"embeddable":true,"href":"https:\/\/arantv.az\/index.php?rest_route=%2Fwp%2Fv2%2Fcomments&post=295804"}],"version-history":[{"count":0,"href":"https:\/\/arantv.az\/index.php?rest_route=\/wp\/v2\/posts\/295804\/revisions"}],"wp:featuredmedia":[{"embeddable":true,"href":"https:\/\/arantv.az\/index.php?rest_route=\/wp\/v2\/media\/295805"}],"wp:attachment":[{"href":"https:\/\/arantv.az\/index.php?rest_route=%2Fwp%2Fv2%2Fmedia&parent=295804"}],"wp:term":[{"taxonomy":"category","embeddable":true,"href":"https:\/\/arantv.az\/index.php?rest_route=%2Fwp%2Fv2%2Fcategories&post=295804"},{"taxonomy":"post_tag","embeddable":true,"href":"https:\/\/arantv.az\/index.php?rest_route=%2Fwp%2Fv2%2Ftags&post=295804"}],"curies":[{"name":"wp","href":"https:\/\/api.w.org\/{rel}","templated":true}]}}