{"id":295828,"date":"2021-02-17T16:25:04","date_gmt":"2021-02-17T13:25:04","guid":{"rendered":"http:\/\/arantv.az\/?p=295828"},"modified":"2021-02-17T16:25:04","modified_gmt":"2021-02-17T13:25:04","slug":"bu-olk%c9%99d%c9%99-karantin-aprel%c9%99d%c9%99k-uzadildi","status":"publish","type":"post","link":"https:\/\/arantv.az\/?p=295828","title":{"rendered":"Bu \u00f6lk\u0259d\u0259 karantin aprel\u0259d\u0259k uzad\u0131ld\u0131"},"content":{"rendered":"<p>Ukraynada karantin rejiminin aprelin 30-d\u0259k uzad\u0131lmas\u0131na q\u0259rar verilib.<\/p>\n<p><strong>ARANTV.AZ<\/strong>\u00a0\u00a0<a title=\"xeberler son xeberler 2021\" href=\"https:\/\/big.az\/\" target=\"_blank\" rel=\"noopener\">x\u0259b\u0259r<\/a>\u00a0verir ki, bu bar\u0259d\u0259 \u00f6lk\u0259nin ba\u015f naziri Denis \u015em\u0131qal bildirib.<\/p>\n<div id=\"AdviadNativeVideo0\" class=\"AdviadNativeVideo\"><\/div>\n<p>Onun s\u00f6zl\u0259rin\u0259 g\u00f6r\u0259, g\u0259l\u0259n h\u0259ft\u0259d\u0259n etibar\u0259n \u00f6lk\u0259 koronavirus infeksiyas\u0131 il\u0259 \u0259laq\u0259dar d\u00f6rd s\u0259viyy\u0259li adaptiv karantin\u0259 ke\u00e7\u0259c\u0259k.<\/p>\n<p>H\u00f6kum\u0259t r\u0259hb\u0259ri, h\u0259m\u00e7inin qeyd edib ki, q\u0259rar layih\u0259sin\u0259 \u0259sas\u0259n, karantin 22 fevraldan 30 aprel\u0259 q\u0259d\u0259r uzad\u0131lacaq.\/Unikal.org<\/p>\n","protected":false},"excerpt":{"rendered":"<p>Ukraynada karantin rejiminin aprelin 30-d\u0259k uzad\u0131lmas\u0131na q\u0259rar verilib. ARANTV.AZ\u00a0\u00a0x\u0259b\u0259r\u00a0verir ki, bu bar\u0259d\u0259 \u00f6lk\u0259nin ba\u015f naziri Denis \u015em\u0131qal bildirib. Onun s\u00f6zl\u0259rin\u0259 g\u00f6r\u0259, g\u0259l\u0259n h\u0259ft\u0259d\u0259n etibar\u0259n \u00f6lk\u0259 koronavirus infeksiyas\u0131 il\u0259 \u0259laq\u0259dar d\u00f6rd s\u0259viyy\u0259li adaptiv karantin\u0259 ke\u00e7\u0259c\u0259k. H\u00f6kum\u0259t r\u0259hb\u0259ri, h\u0259m\u00e7inin qeyd edib ki, q\u0259rar layih\u0259sin\u0259 \u0259sas\u0259n, karantin 22 fevraldan 30 aprel\u0259 q\u0259d\u0259r uzad\u0131lacaq.\/Unikal.org<\/p>\n","protected":false},"author":2,"featured_media":295829,"comment_status":"closed","ping_status":"closed","sticky":false,"template":"","format":"standard","meta":{"om_disable_all_campaigns":false,"_monsterinsights_skip_tracking":false,"_monsterinsights_sitenote_active":false,"_monsterinsights_sitenote_note":"","_monsterinsights_sitenote_category":0},"categories":[7],"tags":[],"aioseo_notices":[],"gutentor_comment":0,"rttpg_featured_image_url":{"full":["https:\/\/arantv.az\/wp-content\/uploads\/2021\/02\/hhh_71613567087.jpg",649,365,false],"landscape":["https:\/\/arantv.az\/wp-content\/uploads\/2021\/02\/hhh_71613567087.jpg",649,365,false],"portraits":["https:\/\/arantv.az\/wp-content\/uploads\/2021\/02\/hhh_71613567087.jpg",649,365,false],"thumbnail":["https:\/\/arantv.az\/wp-content\/uploads\/2021\/02\/hhh_71613567087-150x150.jpg",150,150,true],"medium":["https:\/\/arantv.az\/wp-content\/uploads\/2021\/02\/hhh_71613567087-300x169.jpg",300,169,true],"large":["https:\/\/arantv.az\/wp-content\/uploads\/2021\/02\/hhh_71613567087.jpg",640,360,false],"1536x1536":["https:\/\/arantv.az\/wp-content\/uploads\/2021\/02\/hhh_71613567087.jpg",649,365,false],"2048x2048":["https:\/\/arantv.az\/wp-content\/uploads\/2021\/02\/hhh_71613567087.jpg",649,365,false],"post-thumbnail":["https:\/\/arantv.az\/wp-content\/uploads\/2021\/02\/hhh_71613567087-240x172.jpg",240,172,true],"advps-thumb-one":["https:\/\/arantv.az\/wp-content\/uploads\/2021\/02\/hhh_71613567087.jpg",649,365,false]},"rttpg_author":{"display_name":"V\u00fcsal Rafiqo\u011flu","author_link":"https:\/\/arantv.az\/?author=2"},"rttpg_comment":0,"rttpg_category":"<a href=\"https:\/\/arantv.az\/?cat=7\" rel=\"category\">D\u00fcnya<\/a>","rttpg_excerpt":"Ukraynada karantin rejiminin aprelin 30-d\u0259k uzad\u0131lmas\u0131na q\u0259rar verilib. ARANTV.AZ\u00a0\u00a0x\u0259b\u0259r\u00a0verir ki, bu bar\u0259d\u0259 \u00f6lk\u0259nin ba\u015f naziri Denis \u015em\u0131qal bildirib. Onun s\u00f6zl\u0259rin\u0259 g\u00f6r\u0259, g\u0259l\u0259n h\u0259ft\u0259d\u0259n etibar\u0259n \u00f6lk\u0259 koronavirus infeksiyas\u0131 il\u0259 \u0259laq\u0259dar d\u00f6rd s\u0259viyy\u0259li adaptiv karantin\u0259 ke\u00e7\u0259c\u0259k. H\u00f6kum\u0259t r\u0259hb\u0259ri, h\u0259m\u00e7inin qeyd edib ki, q\u0259rar layih\u0259sin\u0259 \u0259sas\u0259n, karantin 22 fevraldan 30 aprel\u0259 q\u0259d\u0259r uzad\u0131lacaq.\/Unikal.org","_links":{"self":[{"href":"https:\/\/arantv.az\/index.php?rest_route=\/wp\/v2\/posts\/295828"}],"collection":[{"href":"https:\/\/arantv.az\/index.php?rest_route=\/wp\/v2\/posts"}],"about":[{"href":"https:\/\/arantv.az\/index.php?rest_route=\/wp\/v2\/types\/post"}],"author":[{"embeddable":true,"href":"https:\/\/arantv.az\/index.php?rest_route=\/wp\/v2\/users\/2"}],"replies":[{"embeddable":true,"href":"https:\/\/arantv.az\/index.php?rest_route=%2Fwp%2Fv2%2Fcomments&post=295828"}],"version-history":[{"count":0,"href":"https:\/\/arantv.az\/index.php?rest_route=\/wp\/v2\/posts\/295828\/revisions"}],"wp:featuredmedia":[{"embeddable":true,"href":"https:\/\/arantv.az\/index.php?rest_route=\/wp\/v2\/media\/295829"}],"wp:attachment":[{"href":"https:\/\/arantv.az\/index.php?rest_route=%2Fwp%2Fv2%2Fmedia&parent=295828"}],"wp:term":[{"taxonomy":"category","embeddable":true,"href":"https:\/\/arantv.az\/index.php?rest_route=%2Fwp%2Fv2%2Fcategories&post=295828"},{"taxonomy":"post_tag","embeddable":true,"href":"https:\/\/arantv.az\/index.php?rest_route=%2Fwp%2Fv2%2Ftags&post=295828"}],"curies":[{"name":"wp","href":"https:\/\/api.w.org\/{rel}","templated":true}]}}