{"id":295848,"date":"2021-02-17T16:30:49","date_gmt":"2021-02-17T13:30:49","guid":{"rendered":"http:\/\/arantv.az\/?p=295848"},"modified":"2021-02-17T16:30:49","modified_gmt":"2021-02-17T13:30:49","slug":"v%c9%99t%c9%99n-muharib%c9%99sind%c9%99-s%c9%99hid-olan-kicik-cavus-sabirabadda-d%c9%99fn-edildi-foto","status":"publish","type":"post","link":"https:\/\/arantv.az\/?p=295848","title":{"rendered":"V\u0259t\u0259n m\u00fcharib\u0259sind\u0259 \u015f\u0259hid olan ki\u00e7ik \u00e7avu\u015f Sabirabadda d\u0259fn edildi &#8211; FOTO"},"content":{"rendered":"<p>V\u0259t\u0259n m\u00fcharib\u0259sind\u0259 \u015f\u0259hid olan daha bir q\u0259hr\u0259man\u0131m\u0131z Sabirabadda d\u0259fn edilib.<\/p>\n<p>APA-n\u0131n\u00a0m\u0259lumat\u0131na g\u00f6r\u0259, V\u0259t\u0259n m\u00fcharib\u0259sind\u0259 \u015f\u0259hid olan ki\u00e7ik \u00e7avu\u015f, m\u00fcdd\u0259td\u0259n art\u0131q xidm\u0259t ed\u0259n h\u0259rbi qulluq\u00e7u (MAHHXHQ), 20 ya\u015fl\u0131 Anar Siyavu\u015f o\u011flu Nurullayev rayonun Osmanl\u0131 k\u0259ndind\u0259 d\u0259fn edilib.<\/p>\n<div id=\"AdviadNativeVideo0\" class=\"AdviadNativeVideo\"><\/div>\n<p>Qeyd ed\u0259k ki, Anar Nurullayev sentyabr\u0131n 30-da Tal\u0131\u015f k\u0259ndi istiqam\u0259tind\u0259 ged\u0259n d\u00f6y\u00fc\u015fl\u0259rd\u0259 \u015f\u0259hid olub.<\/p>\n<div class=\"gallery\">\n<div class=\"gallery-i\"><img src=\"https:\/\/cdn.oxu.az\/uploads\/W1siZiIsIjIwMjEvMDIvMTcvMTYvNDcvNTYvZDAzMWY2MWEtNjViZi00ZTE5LWJkNzUtMzAwMmJiOGNlMzI5LzE2MTM1NjU1NTM0NjFfdFN0NE5aZXUuanBlZyJdLFsicCIsImVuY29kZSIsImpwZyIsIi1xdWFsaXR5IDgwIl0sWyJwIiwidGh1bWIiLCI1OTB4NTkwXHUwMDNlIl1d?sha=579262ad9e76d408\" alt=\"\" \/><\/p>\n<div class=\"gallery-i-caption\"><\/div>\n<\/div>\n<div class=\"gallery-i\"><img src=\"https:\/\/cdn.oxu.az\/uploads\/W1siZiIsIjIwMjEvMDIvMTcvMTYvNDcvNTYvY2IwZDJiOTMtZWY2MS00MDllLThhODgtMTJhYTA5Mzk1YmMzLzE2MTM1NjU1NDk1ODBfSUYxWFNDM0cuanBlZyJdLFsicCIsImVuY29kZSIsImpwZyIsIi1xdWFsaXR5IDgwIl0sWyJwIiwidGh1bWIiLCI1OTB4NTkwXHUwMDNlIl1d?sha=e17fa376aff1febd\" alt=\"\" \/><\/p>\n<div class=\"gallery-i-caption\"><\/div>\n<\/div>\n<div class=\"gallery-i\"><img src=\"https:\/\/cdn.oxu.az\/uploads\/W1siZiIsIjIwMjEvMDIvMTcvMTYvNDcvNTYvNzVkNmMxMjktNjJmNC00ZjJkLWFhYmYtZmU5ZTA3YmZlZDQ2LzE2MTM1NjU1NDM2NTJfZWVNOEsxTm4uanBlZyJdLFsicCIsImVuY29kZSIsImpwZyIsIi1xdWFsaXR5IDgwIl0sWyJwIiwidGh1bWIiLCI1OTB4NTkwXHUwMDNlIl1d?sha=838a8e796dff6902\" alt=\"\" \/><\/div>\n<\/div>\n","protected":false},"excerpt":{"rendered":"<p>V\u0259t\u0259n m\u00fcharib\u0259sind\u0259 \u015f\u0259hid olan daha bir q\u0259hr\u0259man\u0131m\u0131z Sabirabadda d\u0259fn edilib. APA-n\u0131n\u00a0m\u0259lumat\u0131na g\u00f6r\u0259, V\u0259t\u0259n m\u00fcharib\u0259sind\u0259 \u015f\u0259hid olan ki\u00e7ik \u00e7avu\u015f, m\u00fcdd\u0259td\u0259n art\u0131q xidm\u0259t ed\u0259n h\u0259rbi qulluq\u00e7u (MAHHXHQ), 20 ya\u015fl\u0131 Anar Siyavu\u015f o\u011flu Nurullayev rayonun Osmanl\u0131 k\u0259ndind\u0259 d\u0259fn edilib. Qeyd ed\u0259k ki, Anar Nurullayev sentyabr\u0131n 30-da Tal\u0131\u015f k\u0259ndi istiqam\u0259tind\u0259 ged\u0259n d\u00f6y\u00fc\u015fl\u0259rd\u0259 \u015f\u0259hid olub.<\/p>\n","protected":false},"author":2,"featured_media":295849,"comment_status":"closed","ping_status":"closed","sticky":false,"template":"","format":"standard","meta":{"om_disable_all_campaigns":false,"_monsterinsights_skip_tracking":false,"_monsterinsights_sitenote_active":false,"_monsterinsights_sitenote_note":"","_monsterinsights_sitenote_category":0},"categories":[26],"tags":[],"aioseo_notices":[],"gutentor_comment":0,"rttpg_featured_image_url":{"full":["https:\/\/arantv.az\/wp-content\/uploads\/2021\/02\/1613565540480_k5dmQh93-1.jpg",620,413,false],"landscape":["https:\/\/arantv.az\/wp-content\/uploads\/2021\/02\/1613565540480_k5dmQh93-1.jpg",620,413,false],"portraits":["https:\/\/arantv.az\/wp-content\/uploads\/2021\/02\/1613565540480_k5dmQh93-1.jpg",620,413,false],"thumbnail":["https:\/\/arantv.az\/wp-content\/uploads\/2021\/02\/1613565540480_k5dmQh93-1-150x150.jpg",150,150,true],"medium":["https:\/\/arantv.az\/wp-content\/uploads\/2021\/02\/1613565540480_k5dmQh93-1-300x200.jpg",300,200,true],"large":["https:\/\/arantv.az\/wp-content\/uploads\/2021\/02\/1613565540480_k5dmQh93-1.jpg",620,413,false],"1536x1536":["https:\/\/arantv.az\/wp-content\/uploads\/2021\/02\/1613565540480_k5dmQh93-1.jpg",620,413,false],"2048x2048":["https:\/\/arantv.az\/wp-content\/uploads\/2021\/02\/1613565540480_k5dmQh93-1.jpg",620,413,false],"post-thumbnail":["https:\/\/arantv.az\/wp-content\/uploads\/2021\/02\/1613565540480_k5dmQh93-1-240x172.jpg",240,172,true],"advps-thumb-one":["https:\/\/arantv.az\/wp-content\/uploads\/2021\/02\/1613565540480_k5dmQh93-1.jpg",620,413,false]},"rttpg_author":{"display_name":"V\u00fcsal Rafiqo\u011flu","author_link":"https:\/\/arantv.az\/?author=2"},"rttpg_comment":0,"rttpg_category":"<a href=\"https:\/\/arantv.az\/?cat=26\" rel=\"category\">Sosial<\/a>","rttpg_excerpt":"V\u0259t\u0259n m\u00fcharib\u0259sind\u0259 \u015f\u0259hid olan daha bir q\u0259hr\u0259man\u0131m\u0131z Sabirabadda d\u0259fn edilib. APA-n\u0131n\u00a0m\u0259lumat\u0131na g\u00f6r\u0259, V\u0259t\u0259n m\u00fcharib\u0259sind\u0259 \u015f\u0259hid olan ki\u00e7ik \u00e7avu\u015f, m\u00fcdd\u0259td\u0259n art\u0131q xidm\u0259t ed\u0259n h\u0259rbi qulluq\u00e7u (MAHHXHQ), 20 ya\u015fl\u0131 Anar Siyavu\u015f o\u011flu Nurullayev rayonun Osmanl\u0131 k\u0259ndind\u0259 d\u0259fn edilib. Qeyd ed\u0259k ki, Anar Nurullayev sentyabr\u0131n 30-da Tal\u0131\u015f k\u0259ndi istiqam\u0259tind\u0259 ged\u0259n d\u00f6y\u00fc\u015fl\u0259rd\u0259 \u015f\u0259hid olub.","_links":{"self":[{"href":"https:\/\/arantv.az\/index.php?rest_route=\/wp\/v2\/posts\/295848"}],"collection":[{"href":"https:\/\/arantv.az\/index.php?rest_route=\/wp\/v2\/posts"}],"about":[{"href":"https:\/\/arantv.az\/index.php?rest_route=\/wp\/v2\/types\/post"}],"author":[{"embeddable":true,"href":"https:\/\/arantv.az\/index.php?rest_route=\/wp\/v2\/users\/2"}],"replies":[{"embeddable":true,"href":"https:\/\/arantv.az\/index.php?rest_route=%2Fwp%2Fv2%2Fcomments&post=295848"}],"version-history":[{"count":0,"href":"https:\/\/arantv.az\/index.php?rest_route=\/wp\/v2\/posts\/295848\/revisions"}],"wp:featuredmedia":[{"embeddable":true,"href":"https:\/\/arantv.az\/index.php?rest_route=\/wp\/v2\/media\/295849"}],"wp:attachment":[{"href":"https:\/\/arantv.az\/index.php?rest_route=%2Fwp%2Fv2%2Fmedia&parent=295848"}],"wp:term":[{"taxonomy":"category","embeddable":true,"href":"https:\/\/arantv.az\/index.php?rest_route=%2Fwp%2Fv2%2Fcategories&post=295848"},{"taxonomy":"post_tag","embeddable":true,"href":"https:\/\/arantv.az\/index.php?rest_route=%2Fwp%2Fv2%2Ftags&post=295848"}],"curies":[{"name":"wp","href":"https:\/\/api.w.org\/{rel}","templated":true}]}}