{"id":295852,"date":"2021-02-17T16:31:23","date_gmt":"2021-02-17T13:31:23","guid":{"rendered":"http:\/\/arantv.az\/?p=295852"},"modified":"2021-02-17T16:31:23","modified_gmt":"2021-02-17T13:31:23","slug":"yanacaq-keyfiyy%c9%99tinin-asagi-olmasi-il%c9%99-bagli-m%c9%99s%c9%99l%c9%99y%c9%99-aydinliq-g%c9%99tirildi-aciqlama","status":"publish","type":"post","link":"https:\/\/arantv.az\/?p=295852","title":{"rendered":"Yanacaq keyfiyy\u0259tinin a\u015fa\u011f\u0131 olmas\u0131 il\u0259 ba\u011fl\u0131 m\u0259s\u0259l\u0259y\u0259 ayd\u0131nl\u0131q g\u0259tirildi &#8211; A\u00c7IQLAMA"},"content":{"rendered":"<p>\u201cYanaca\u011f\u0131n keyfiyy\u0259ti il\u0259 ba\u011fl\u0131 apar\u0131lm\u0131\u015f monitorinql\u0259rin n\u0259tic\u0259si kimi istehlak\u00e7\u0131lar\u0131n \u015fikay\u0259tl\u0259rind\u0259 h\u0259qiq\u0259t var. Yanaca\u011f\u0131n keyfiyy\u0259t g\u00f6st\u0259ricil\u0259ri il\u0259 ba\u011fl\u0131 probleml\u0259r var\u201d.<\/p>\n<p>Bunu \u0130qtisadiyyat Nazirliyi yan\u0131nda Antiinhisar v\u0259 \u0130stehlak Bazar\u0131na N\u0259zar\u0259t D\u00f6vl\u0259t Xidm\u0259tinin r\u0259is m\u00fcavini M\u0259mm\u0259d Abbasb\u0259yli 2020-ci ilin yekunlar\u0131na h\u0259sr olunan media konfransda deyib.<\/p>\n<p>Onun s\u00f6zl\u0259rin\u0259 g\u00f6r\u0259, 36 yanacaqdoldurma stansiyas\u0131 \u00fczr\u0259 monitorinql\u0259r apar\u0131l\u0131b v\u0259 b\u00f6y\u00fck \u0259ks\u0259riyy\u0259tind\u0259 k\u0259narla\u015fmalar m\u00fc\u015fahid\u0259 olunub:<\/p>\n<p>\u201cBiz bu materiallar\u0131 t\u0259hlil edirik. T\u0259r\u0259fimizd\u0259n laz\u0131m olan n\u0259zar\u0259t t\u0259nziml\u0259yici metodlar\u0131n t\u0259tbiqinin m\u00fczakir\u0259sini apar\u0131r\u0131q. Bununla \u0259laq\u0259dar T\u0259dbirl\u0259r Plan\u0131 haz\u0131rlan\u0131b. Q\u0131sa m\u00fcdd\u0259t \u0259rzind\u0259 T\u0259dbirl\u0259r Plan\u0131 ictimaiyy\u0259t\u0259 a\u00e7\u0131qlanacaq\u201d.<\/p>\n<p>M\u0259s\u0259l\u0259 il\u0259 ba\u011fl\u0131 SOCAR-\u0131n ictimaiyy\u0259tl\u0259 \u0259laq\u0259l\u0259r v\u0259 t\u0259dbirl\u0259rin t\u0259\u015fkili idar\u0259sinin r\u0259is m\u00fcavini \u0130brahim \u018fhm\u0259dov Oxu.Az-a a\u00e7\u0131qlama verib.<\/p>\n<p>O bildirib ki, burada s\u00f6hb\u0259t YDM-l\u0259rd\u0259n g\u00f6t\u00fcr\u00fcl\u0259n yanacaqdan gedir v\u0259 m\u0259s\u0259l\u0259 birba\u015fa SOCAR-la \u0259laq\u0259li deyil:<\/p>\n<p>\u201cBurada s\u00f6hb\u0259t respublika \u00fczr\u0259 f\u0259aliyy\u0259t g\u00f6st\u0259r\u0259n ayr\u0131-ayr\u0131 YDM-l\u0259rd\u0259n gedir. Onlar\u0131n h\u0259r biri yanaca\u011f\u0131n keyfiyy\u0259tin\u0259 g\u00f6r\u0259 \u00f6zl\u0259ri d\u0259 m\u0259suliyy\u0259t da\u015f\u0131y\u0131r. Bu c\u0259h\u0259td\u0259n m\u00fcxt\u0259lif YDM-l\u0259r aras\u0131nda yanaca\u011f\u0131n keyfiyy\u0259ti bax\u0131m\u0131ndan f\u0259rql\u0259r ola bil\u0259r. Bu, birba\u015fa yanaca\u011f\u0131n istehsal\u00e7\u0131s\u0131na ba\u011fl\u0131 olan m\u0259s\u0259l\u0259 deyil\u201d.<\/p>\n<p>\u0130brahim \u018fhm\u0259dov vur\u011fulay\u0131b ki, yanaca\u011f\u0131n keyfiyy\u0259tin\u0259 n\u0259zar\u0259t olmal\u0131d\u0131r v\u0259 SOCAR bu istiqam\u0259td\u0259 n\u0259zar\u0259t funksiyas\u0131n\u0131n olmas\u0131n\u0131n t\u0259r\u0259fdar\u0131d\u0131r:<\/p>\n<p>\u201cM\u00fcxt\u0259lif YDM-l\u0259rd\u0259 yoxlamalar\u0131n apar\u0131lmas\u0131 istehsal\u00e7\u0131n\u0131n da maraq dair\u0259sind\u0259dir. \u00c7\u00fcnki bunun bizim brendimizin imicin\u0259 d\u0259 t\u0259siri var. Bir daha qeyd edim ki, m\u00fcxt\u0259lif m\u0259nt\u0259q\u0259l\u0259rd\u0259 yanaca\u011f\u0131n keyfiyy\u0259tinin f\u0259rqli olmas\u0131 istisna deyil. H\u0259r\u00e7\u0259nd ki, yanacaq m\u0259nb\u0259yi eynidir. Ona g\u00f6r\u0259 d\u0259 biz bu m\u0259s\u0259l\u0259y\u0259 m\u00fcsb\u0259t yana\u015f\u0131r v\u0259 d\u00f6vl\u0259t t\u0259r\u0259find\u0259n olan bu t\u0259\u015f\u0259bb\u00fcs\u00fc alq\u0131\u015flay\u0131r\u0131q\u201d.<\/p>\n<p>O qeyd edib ki, n\u00f6vb\u0259ti ill\u0259rd\u0259 SOCAR \u201cAvro-5\u201d standartlar\u0131na uy\u011fun olan yanaca\u011f\u0131n istehsal\u0131na ba\u015flay\u0131r v\u0259 bu zaman q\u0259bul olunan \u00fcmumi standartlar da d\u0259yi\u015f\u0259 bil\u0259r:<\/p>\n<p>\u201cLakin haz\u0131rk\u0131 d\u00f6vr \u00fc\u00e7\u00fcn saxlan\u0131lan m\u0259hsul m\u00f6vcud standartlara uy\u011fun olmal\u0131d\u0131r. \u018fg\u0259r biz bu standartlara uy\u011fun olan m\u0259hsulu yanacaqdoldurma m\u0259nt\u0259q\u0259l\u0259rin\u0259 sat\u0131r\u0131qsa, onlar da m\u0259hsulun eyni standartlara uy\u011fun \u015f\u0259kild\u0259 m\u00fc\u015ft\u0259ril\u0259r\u0259 p\u0259rak\u0259nd\u0259 sat\u0131\u015f\u0131n\u0131 t\u0259min etm\u0259lidirl\u0259r. Bu bax\u0131mdan yoxlamalar\u0131n apar\u0131lmas\u0131n\u0131n v\u0259 bunun m\u00fcqabilind\u0259 Az\u0259rbaycan brendi imicinin m\u00f6hk\u0259ml\u0259nm\u0259sinin t\u0259r\u0259fdar\u0131y\u0131q\u201d.<\/p>\n","protected":false},"excerpt":{"rendered":"<p>\u201cYanaca\u011f\u0131n keyfiyy\u0259ti il\u0259 ba\u011fl\u0131 apar\u0131lm\u0131\u015f monitorinql\u0259rin n\u0259tic\u0259si kimi istehlak\u00e7\u0131lar\u0131n \u015fikay\u0259tl\u0259rind\u0259 h\u0259qiq\u0259t var. Yanaca\u011f\u0131n keyfiyy\u0259t g\u00f6st\u0259ricil\u0259ri il\u0259 ba\u011fl\u0131 probleml\u0259r var\u201d. Bunu \u0130qtisadiyyat Nazirliyi yan\u0131nda Antiinhisar v\u0259 \u0130stehlak Bazar\u0131na N\u0259zar\u0259t D\u00f6vl\u0259t Xidm\u0259tinin r\u0259is m\u00fcavini M\u0259mm\u0259d Abbasb\u0259yli 2020-ci ilin yekunlar\u0131na h\u0259sr olunan media konfransda deyib. Onun s\u00f6zl\u0259rin\u0259 g\u00f6r\u0259, 36 yanacaqdoldurma stansiyas\u0131 \u00fczr\u0259 monitorinql\u0259r apar\u0131l\u0131b v\u0259 b\u00f6y\u00fck \u0259ks\u0259riyy\u0259tind\u0259 k\u0259narla\u015fmalar m\u00fc\u015fahid\u0259 olunub: \u201cBiz bu materiallar\u0131 t\u0259hlil edirik. T\u0259r\u0259fimizd\u0259n laz\u0131m olan n\u0259zar\u0259t t\u0259nziml\u0259yici metodlar\u0131n t\u0259tbiqinin m\u00fczakir\u0259sini apar\u0131r\u0131q. Bununla \u0259laq\u0259dar T\u0259dbirl\u0259r Plan\u0131 haz\u0131rlan\u0131b. Q\u0131sa m\u00fcdd\u0259t \u0259rzind\u0259 T\u0259dbirl\u0259r Plan\u0131 ictimaiyy\u0259t\u0259 a\u00e7\u0131qlanacaq\u201d. M\u0259s\u0259l\u0259 il\u0259 ba\u011fl\u0131 SOCAR-\u0131n ictimaiyy\u0259tl\u0259 \u0259laq\u0259l\u0259r v\u0259&hellip;<\/p>\n","protected":false},"author":2,"featured_media":295853,"comment_status":"closed","ping_status":"closed","sticky":false,"template":"","format":"standard","meta":{"om_disable_all_campaigns":false,"_monsterinsights_skip_tracking":false,"_monsterinsights_sitenote_active":false,"_monsterinsights_sitenote_note":"","_monsterinsights_sitenote_category":0},"categories":[19],"tags":[],"aioseo_notices":[],"gutentor_comment":0,"rttpg_featured_image_url":{"full":["https:\/\/arantv.az\/wp-content\/uploads\/2021\/02\/benzindizel.jpg",620,387,false],"landscape":["https:\/\/arantv.az\/wp-content\/uploads\/2021\/02\/benzindizel.jpg",620,387,false],"portraits":["https:\/\/arantv.az\/wp-content\/uploads\/2021\/02\/benzindizel.jpg",620,387,false],"thumbnail":["https:\/\/arantv.az\/wp-content\/uploads\/2021\/02\/benzindizel-150x150.jpg",150,150,true],"medium":["https:\/\/arantv.az\/wp-content\/uploads\/2021\/02\/benzindizel-300x187.jpg",300,187,true],"large":["https:\/\/arantv.az\/wp-content\/uploads\/2021\/02\/benzindizel.jpg",620,387,false],"1536x1536":["https:\/\/arantv.az\/wp-content\/uploads\/2021\/02\/benzindizel.jpg",620,387,false],"2048x2048":["https:\/\/arantv.az\/wp-content\/uploads\/2021\/02\/benzindizel.jpg",620,387,false],"post-thumbnail":["https:\/\/arantv.az\/wp-content\/uploads\/2021\/02\/benzindizel-240x172.jpg",240,172,true],"advps-thumb-one":["https:\/\/arantv.az\/wp-content\/uploads\/2021\/02\/benzindizel.jpg",620,387,false]},"rttpg_author":{"display_name":"V\u00fcsal Rafiqo\u011flu","author_link":"https:\/\/arantv.az\/?author=2"},"rttpg_comment":0,"rttpg_category":"<a href=\"https:\/\/arantv.az\/?cat=19\" rel=\"category\">G\u00fcnd\u0259m<\/a>","rttpg_excerpt":"\u201cYanaca\u011f\u0131n keyfiyy\u0259ti il\u0259 ba\u011fl\u0131 apar\u0131lm\u0131\u015f monitorinql\u0259rin n\u0259tic\u0259si kimi istehlak\u00e7\u0131lar\u0131n \u015fikay\u0259tl\u0259rind\u0259 h\u0259qiq\u0259t var. Yanaca\u011f\u0131n keyfiyy\u0259t g\u00f6st\u0259ricil\u0259ri il\u0259 ba\u011fl\u0131 probleml\u0259r var\u201d. Bunu \u0130qtisadiyyat Nazirliyi yan\u0131nda Antiinhisar v\u0259 \u0130stehlak Bazar\u0131na N\u0259zar\u0259t D\u00f6vl\u0259t Xidm\u0259tinin r\u0259is m\u00fcavini M\u0259mm\u0259d Abbasb\u0259yli 2020-ci ilin yekunlar\u0131na h\u0259sr olunan media konfransda deyib. Onun s\u00f6zl\u0259rin\u0259 g\u00f6r\u0259, 36 yanacaqdoldurma stansiyas\u0131 \u00fczr\u0259 monitorinql\u0259r apar\u0131l\u0131b v\u0259 b\u00f6y\u00fck \u0259ks\u0259riyy\u0259tind\u0259 k\u0259narla\u015fmalar&hellip;","_links":{"self":[{"href":"https:\/\/arantv.az\/index.php?rest_route=\/wp\/v2\/posts\/295852"}],"collection":[{"href":"https:\/\/arantv.az\/index.php?rest_route=\/wp\/v2\/posts"}],"about":[{"href":"https:\/\/arantv.az\/index.php?rest_route=\/wp\/v2\/types\/post"}],"author":[{"embeddable":true,"href":"https:\/\/arantv.az\/index.php?rest_route=\/wp\/v2\/users\/2"}],"replies":[{"embeddable":true,"href":"https:\/\/arantv.az\/index.php?rest_route=%2Fwp%2Fv2%2Fcomments&post=295852"}],"version-history":[{"count":0,"href":"https:\/\/arantv.az\/index.php?rest_route=\/wp\/v2\/posts\/295852\/revisions"}],"wp:featuredmedia":[{"embeddable":true,"href":"https:\/\/arantv.az\/index.php?rest_route=\/wp\/v2\/media\/295853"}],"wp:attachment":[{"href":"https:\/\/arantv.az\/index.php?rest_route=%2Fwp%2Fv2%2Fmedia&parent=295852"}],"wp:term":[{"taxonomy":"category","embeddable":true,"href":"https:\/\/arantv.az\/index.php?rest_route=%2Fwp%2Fv2%2Fcategories&post=295852"},{"taxonomy":"post_tag","embeddable":true,"href":"https:\/\/arantv.az\/index.php?rest_route=%2Fwp%2Fv2%2Ftags&post=295852"}],"curies":[{"name":"wp","href":"https:\/\/api.w.org\/{rel}","templated":true}]}}