{"id":296286,"date":"2021-02-18T12:02:12","date_gmt":"2021-02-18T09:02:12","guid":{"rendered":"http:\/\/arantv.az\/?p=296286"},"modified":"2021-02-18T12:02:12","modified_gmt":"2021-02-18T09:02:12","slug":"aqil-abbas-lacin-d%c9%99hlizi-az%c9%99rbaycanin-n%c9%99zar%c9%99tin%c9%99-kec%c9%99c%c9%99k","status":"publish","type":"post","link":"https:\/\/arantv.az\/?p=296286","title":{"rendered":"Aqil Abbas: &#8220;La\u00e7\u0131n d\u0259hlizi Az\u0259rbaycan\u0131n n\u0259zar\u0259tin\u0259 ke\u00e7\u0259c\u0259k&#8221;"},"content":{"rendered":"<p><strong>X\u0259b\u0259r verildiyi kimi, fevral\u0131n 9-da Erm\u0259nistan\u0131n Ba\u015f prokuroru Artur Davtyan Qaraba\u011f\u0131n da\u011fl\u0131q hiss\u0259sin\u0259 s\u0259f\u0259r etdiyin\u0259 dair m\u0259lumat yay\u0131l\u0131b. Erm\u0259nistan\u0131n k\u00fctl\u0259vi informasiya vasit\u0259l\u0259ri m\u0259lumat verib ki, o, Xank\u0259ndin\u0259 g\u0259l\u0259r\u0259k separat\u00e7\u0131lar\u0131n ba\u015f\u00e7\u0131s\u0131 Araik Arutyunyanla g\u00f6r\u00fc\u015f\u00fcb.<\/strong><\/p>\n<p>Ancaq r\u0259smi olaraq bel\u0259 bir g\u00f6r\u00fc\u015f\u00fcn oldu\u011fu bar\u0259d\u0259 h\u0259r hans\u0131 a\u00e7\u0131qlama verilm\u0259di. B\u0259zi erm\u0259ni media orqanlar\u0131 bunu Bak\u0131n\u0131n x\u0259b\u0259rdarl\u0131\u011f\u0131 il\u0259 ba\u011flad\u0131&#8230;<\/p>\n<p>Qeyd ed\u0259k ki, h\u0259l\u0259 yanvar\u0131n \u0259vv\u0259lind\u0259 Erm\u0259nistan Xarici \u0130\u015fl\u0259r naziri Ara Ayvazyan\u0131n Qaraba\u011fa s\u0259f\u0259rind\u0259n sonra Prezident \u0130lham \u018fliyev bu \u00f6lk\u0259y\u0259 x\u0259b\u0259rdarl\u0131q etmi\u015fdi. D\u00f6vl\u0259t ba\u015f\u00e7\u0131s\u0131 bu c\u00fcr s\u0259f\u0259rl\u0259r\u0259 son qoyulmasa, Az\u0259rbaycan\u0131n cavab\u0131 s\u0259rt olaca\u011f\u0131n\u0131 b\u0259yan etmi\u015fdi.<\/p>\n<p>Az\u0259rbaycan Xarici \u0130\u015fl\u0259r Nazirliyi d\u0259 onlarla raz\u0131la\u015fd\u0131r\u0131lmayan bu s\u0259f\u0259rin 10 noyabr b\u0259yanat\u0131na zidd oldu\u011funu bildirib. Qurum vur\u011fulay\u0131b ki, \u00f6hd\u0259likl\u0259ri r\u0259smi Yerevan\u0131n pozmas\u0131 t\u0259xribatd\u0131r v\u0259 daxili auditoriyaya hesablanm\u0131\u015f bu kimi \u0259m\u0259ll\u0259r b\u00f6lg\u0259d\u0259 v\u0259ziyy\u0259tin normalla\u015fmas\u0131na xidm\u0259t etmir.<\/p>\n<p>Milli M\u0259clisin M\u00fcdafi\u0259, t\u0259hl\u00fck\u0259sizlik v\u0259 korrupsiya il\u0259 m\u00fcbariz\u0259 komit\u0259sinin \u00fczv\u00fc Aqil Abbas &#8220;Turan&#8221; agentliyin\u0259 bildirib ki, h\u0259r \u015feyin \u00f6z vaxt\u0131 var: &#8220;Yuxuda g\u00f6rm\u0259diyimizi h\u0259yatda g\u00f6rd\u00fck. 44 g\u00fcn \u0259rzind\u0259 Az\u0259rbaycan 20 min kvadratkilometrlik \u0259razini t\u0259mizl\u0259di, \u015eu\u015fada bayra\u011f\u0131n\u0131 sancd\u0131. Bird\u0259n bir\u0259 h\u0259r \u015feyi h\u0259ll etm\u0259k m\u00fcmk\u00fcnd\u00fcrm\u00fc?&#8221;<\/p>\n<p>Deputat\u0131n fikrinc\u0259, La\u00e7\u0131n d\u0259hlizi Az\u0259rbaycan\u0131n n\u0259zar\u0259tin\u0259 ke\u00e7\u0259c\u0259k: &#8220;10 noyabrda imzalanm\u0131\u015f b\u0259yanatda Erm\u0259nistanla Qaraba\u011f\u0131n aras\u0131nda d\u0259hlizin yarad\u0131lmas\u0131 \u0259ksini tap\u0131b. H\u0259min d\u0259hliz y\u0259qin ki, bir m\u00fcdd\u0259td\u0259n sonra Az\u0259rbaycan\u0131n n\u0259zar\u0259ti alt\u0131nda olacaq. Biz La\u00e7\u0131nda g\u00f6mr\u00fcy\u00fcm\u00fcz\u00fc quraca\u011f\u0131q, orada s\u0259rh\u0259dimiz olacaq v\u0259 bu, tezlikl\u0259 ba\u015f ver\u0259c\u0259k. Bu bar\u0259d\u0259 h\u0259tta Rusiya m\u0259tbuat\u0131 yaz\u0131r. G\u00fcrc\u00fcstandan, Rusiyadan Az\u0259rbaycana insanlar nec\u0259 g\u0259lirl\u0259rs\u0259, onlar da bel\u0259 g\u0259lib-ged\u0259 bil\u0259r&#8221;.<\/p>\n<p>A.Abbas qeyd edib ki, bir m\u00fcdd\u0259t \u0259vv\u0259l Rusiya s\u00fclhm\u0259raml\u0131lar\u0131 Erm\u0259nistandan Qaraba\u011fa g\u0259l\u0259n Fransadan olan jurnalistl\u0259ri buraxmay\u0131b: &#8220;\u00c7\u00fcnki Az\u0259rbaycan h\u00f6kum\u0259ti bildirib ki, Az\u0259rbaycan\u0131n icaz\u0259si olmadan he\u00e7 k\u0259s g\u0259l\u0259 bilm\u0259z&#8221;.<\/p>\n<p>Deputat \u0259lav\u0259 edib ki, Qaraba\u011fda ya\u015fayan erm\u0259nil\u0259r Az\u0259rbaycan v\u0259t\u0259nda\u015fl\u0131\u011f\u0131n\u0131, qanunlar\u0131n\u0131 q\u0259bul ed\u0259rl\u0259rs\u0259, qal\u0131b mane\u0259siz ya\u015faya bil\u0259rl\u0259r: &#8220;Bu q\u0259d\u0259r g\u00f6zl\u0259mi\u015fik, indi ist\u0259yirik iki ay\u0131n i\u00e7ind\u0259 b\u00fct\u00fcn m\u0259s\u0259l\u0259l\u0259r h\u0259ll olunsun. Biz art\u0131q s\u0259rh\u0259di qura-qura gedirik v\u0259 h\u0259tta Erm\u0259nistan\u0131n yoluna n\u0259zar\u0259t edirik. Sad\u0259c\u0259, t\u0259l\u0259sm\u0259k laz\u0131m deyil&#8221;.<\/p>\n","protected":false},"excerpt":{"rendered":"<p>X\u0259b\u0259r verildiyi kimi, fevral\u0131n 9-da Erm\u0259nistan\u0131n Ba\u015f prokuroru Artur Davtyan Qaraba\u011f\u0131n da\u011fl\u0131q hiss\u0259sin\u0259 s\u0259f\u0259r etdiyin\u0259 dair m\u0259lumat yay\u0131l\u0131b. Erm\u0259nistan\u0131n k\u00fctl\u0259vi informasiya vasit\u0259l\u0259ri m\u0259lumat verib ki, o, Xank\u0259ndin\u0259 g\u0259l\u0259r\u0259k separat\u00e7\u0131lar\u0131n ba\u015f\u00e7\u0131s\u0131 Araik Arutyunyanla g\u00f6r\u00fc\u015f\u00fcb. Ancaq r\u0259smi olaraq bel\u0259 bir g\u00f6r\u00fc\u015f\u00fcn oldu\u011fu bar\u0259d\u0259 h\u0259r hans\u0131 a\u00e7\u0131qlama verilm\u0259di. B\u0259zi erm\u0259ni media orqanlar\u0131 bunu Bak\u0131n\u0131n x\u0259b\u0259rdarl\u0131\u011f\u0131 il\u0259 ba\u011flad\u0131&#8230; Qeyd ed\u0259k ki, h\u0259l\u0259 yanvar\u0131n \u0259vv\u0259lind\u0259 Erm\u0259nistan Xarici \u0130\u015fl\u0259r naziri Ara Ayvazyan\u0131n Qaraba\u011fa s\u0259f\u0259rind\u0259n sonra Prezident \u0130lham \u018fliyev bu \u00f6lk\u0259y\u0259 x\u0259b\u0259rdarl\u0131q etmi\u015fdi. D\u00f6vl\u0259t ba\u015f\u00e7\u0131s\u0131 bu c\u00fcr s\u0259f\u0259rl\u0259r\u0259 son qoyulmasa, Az\u0259rbaycan\u0131n cavab\u0131 s\u0259rt olaca\u011f\u0131n\u0131 b\u0259yan etmi\u015fdi. Az\u0259rbaycan&hellip;<\/p>\n","protected":false},"author":2,"featured_media":296287,"comment_status":"closed","ping_status":"closed","sticky":false,"template":"","format":"standard","meta":{"om_disable_all_campaigns":false,"_monsterinsights_skip_tracking":false,"_monsterinsights_sitenote_active":false,"_monsterinsights_sitenote_note":"","_monsterinsights_sitenote_category":0},"categories":[4],"tags":[],"aioseo_notices":[],"gutentor_comment":0,"rttpg_featured_image_url":{"full":["https:\/\/arantv.az\/wp-content\/uploads\/2021\/02\/923515.jpg",800,600,false],"landscape":["https:\/\/arantv.az\/wp-content\/uploads\/2021\/02\/923515.jpg",800,600,false],"portraits":["https:\/\/arantv.az\/wp-content\/uploads\/2021\/02\/923515.jpg",800,600,false],"thumbnail":["https:\/\/arantv.az\/wp-content\/uploads\/2021\/02\/923515-150x150.jpg",150,150,true],"medium":["https:\/\/arantv.az\/wp-content\/uploads\/2021\/02\/923515-300x225.jpg",300,225,true],"large":["https:\/\/arantv.az\/wp-content\/uploads\/2021\/02\/923515.jpg",640,480,false],"1536x1536":["https:\/\/arantv.az\/wp-content\/uploads\/2021\/02\/923515.jpg",800,600,false],"2048x2048":["https:\/\/arantv.az\/wp-content\/uploads\/2021\/02\/923515.jpg",800,600,false],"post-thumbnail":["https:\/\/arantv.az\/wp-content\/uploads\/2021\/02\/923515-240x172.jpg",240,172,true],"advps-thumb-one":["https:\/\/arantv.az\/wp-content\/uploads\/2021\/02\/923515.jpg",800,600,false]},"rttpg_author":{"display_name":"V\u00fcsal Rafiqo\u011flu","author_link":"https:\/\/arantv.az\/?author=2"},"rttpg_comment":0,"rttpg_category":"<a href=\"https:\/\/arantv.az\/?cat=4\" rel=\"category\">Siyas\u0259t<\/a>","rttpg_excerpt":"X\u0259b\u0259r verildiyi kimi, fevral\u0131n 9-da Erm\u0259nistan\u0131n Ba\u015f prokuroru Artur Davtyan Qaraba\u011f\u0131n da\u011fl\u0131q hiss\u0259sin\u0259 s\u0259f\u0259r etdiyin\u0259 dair m\u0259lumat yay\u0131l\u0131b. Erm\u0259nistan\u0131n k\u00fctl\u0259vi informasiya vasit\u0259l\u0259ri m\u0259lumat verib ki, o, Xank\u0259ndin\u0259 g\u0259l\u0259r\u0259k separat\u00e7\u0131lar\u0131n ba\u015f\u00e7\u0131s\u0131 Araik Arutyunyanla g\u00f6r\u00fc\u015f\u00fcb. Ancaq r\u0259smi olaraq bel\u0259 bir g\u00f6r\u00fc\u015f\u00fcn oldu\u011fu bar\u0259d\u0259 h\u0259r hans\u0131 a\u00e7\u0131qlama verilm\u0259di. B\u0259zi erm\u0259ni media orqanlar\u0131 bunu Bak\u0131n\u0131n x\u0259b\u0259rdarl\u0131\u011f\u0131 il\u0259 ba\u011flad\u0131&#8230; Qeyd&hellip;","_links":{"self":[{"href":"https:\/\/arantv.az\/index.php?rest_route=\/wp\/v2\/posts\/296286"}],"collection":[{"href":"https:\/\/arantv.az\/index.php?rest_route=\/wp\/v2\/posts"}],"about":[{"href":"https:\/\/arantv.az\/index.php?rest_route=\/wp\/v2\/types\/post"}],"author":[{"embeddable":true,"href":"https:\/\/arantv.az\/index.php?rest_route=\/wp\/v2\/users\/2"}],"replies":[{"embeddable":true,"href":"https:\/\/arantv.az\/index.php?rest_route=%2Fwp%2Fv2%2Fcomments&post=296286"}],"version-history":[{"count":0,"href":"https:\/\/arantv.az\/index.php?rest_route=\/wp\/v2\/posts\/296286\/revisions"}],"wp:featuredmedia":[{"embeddable":true,"href":"https:\/\/arantv.az\/index.php?rest_route=\/wp\/v2\/media\/296287"}],"wp:attachment":[{"href":"https:\/\/arantv.az\/index.php?rest_route=%2Fwp%2Fv2%2Fmedia&parent=296286"}],"wp:term":[{"taxonomy":"category","embeddable":true,"href":"https:\/\/arantv.az\/index.php?rest_route=%2Fwp%2Fv2%2Fcategories&post=296286"},{"taxonomy":"post_tag","embeddable":true,"href":"https:\/\/arantv.az\/index.php?rest_route=%2Fwp%2Fv2%2Ftags&post=296286"}],"curies":[{"name":"wp","href":"https:\/\/api.w.org\/{rel}","templated":true}]}}