{"id":296298,"date":"2021-02-18T12:04:52","date_gmt":"2021-02-18T09:04:52","guid":{"rendered":"http:\/\/arantv.az\/?p=296298"},"modified":"2021-02-18T12:04:52","modified_gmt":"2021-02-18T09:04:52","slug":"xin-bascilarinin-baki-gorusu-t%c9%99xir%c9%99-salindi","status":"publish","type":"post","link":"https:\/\/arantv.az\/?p=296298","title":{"rendered":"X\u0130N ba\u015f\u00e7\u0131lar\u0131n\u0131n Bak\u0131 g\u00f6r\u00fc\u015f\u00fc t\u0259xir\u0259 sal\u0131nd\u0131"},"content":{"rendered":"<p>Fevral\u0131n 19-da Bak\u0131da ke\u00e7irilm\u0259si planla\u015fd\u0131r\u0131lan\u00a0<strong>Az\u0259rbaycan, G\u00fcrc\u00fcstan v\u0259 T\u00fcrkiy\u0259 X\u0130N<\/strong>\u00a0ba\u015f\u00e7\u0131lar\u0131n\u0131n doqquzuncu \u00fc\u00e7t\u0259r\u0259fli g\u00f6r\u00fc\u015f\u00fc t\u0259xir\u0259 sal\u0131n\u0131b.<\/p>\n<p><strong>ARANTV.AZ<\/strong>\u00a0 x\u0259b\u0259r verir ki, buna s\u0259b\u0259b G\u00fcrc\u00fcstan ba\u015f nazirinin m\u00fcavini, xarici i\u015fl\u0259r naziri\u00a0<strong>David Zalkalianinin\u00a0<\/strong>Az\u0259rbaycana r\u0259smi s\u0259f\u0259rinin t\u0259xir\u0259 d\u00fc\u015fm\u0259sidir.<\/p>\n<p>G\u00fcrc\u00fcstan X\u0130N-d\u0259n s\u0259f\u0259rin t\u0259xir\u0259 sal\u0131nd\u0131\u011f\u0131n\u0131 t\u0259sdiql\u0259yibl\u0259r. Buna s\u0259b\u0259b\u00a0<strong>Ba\u015f nazir Giorgi Qaxariyan\u0131n<\/strong>\u00a0istefa verm\u0259sidir.<\/p>\n","protected":false},"excerpt":{"rendered":"<p>Fevral\u0131n 19-da Bak\u0131da ke\u00e7irilm\u0259si planla\u015fd\u0131r\u0131lan\u00a0Az\u0259rbaycan, G\u00fcrc\u00fcstan v\u0259 T\u00fcrkiy\u0259 X\u0130N\u00a0ba\u015f\u00e7\u0131lar\u0131n\u0131n doqquzuncu \u00fc\u00e7t\u0259r\u0259fli g\u00f6r\u00fc\u015f\u00fc t\u0259xir\u0259 sal\u0131n\u0131b. ARANTV.AZ\u00a0 x\u0259b\u0259r verir ki, buna s\u0259b\u0259b G\u00fcrc\u00fcstan ba\u015f nazirinin m\u00fcavini, xarici i\u015fl\u0259r naziri\u00a0David Zalkalianinin\u00a0Az\u0259rbaycana r\u0259smi s\u0259f\u0259rinin t\u0259xir\u0259 d\u00fc\u015fm\u0259sidir. G\u00fcrc\u00fcstan X\u0130N-d\u0259n s\u0259f\u0259rin t\u0259xir\u0259 sal\u0131nd\u0131\u011f\u0131n\u0131 t\u0259sdiql\u0259yibl\u0259r. Buna s\u0259b\u0259b\u00a0Ba\u015f nazir Giorgi Qaxariyan\u0131n\u00a0istefa verm\u0259sidir.<\/p>\n","protected":false},"author":2,"featured_media":296299,"comment_status":"closed","ping_status":"closed","sticky":false,"template":"","format":"standard","meta":{"om_disable_all_campaigns":false,"_monsterinsights_skip_tracking":false,"_monsterinsights_sitenote_active":false,"_monsterinsights_sitenote_note":"","_monsterinsights_sitenote_category":0},"categories":[4],"tags":[],"aioseo_notices":[],"gutentor_comment":0,"rttpg_featured_image_url":{"full":["https:\/\/arantv.az\/wp-content\/uploads\/2021\/02\/d8074a35161363789013506149210553860.jpg",975,540,false],"landscape":["https:\/\/arantv.az\/wp-content\/uploads\/2021\/02\/d8074a35161363789013506149210553860.jpg",975,540,false],"portraits":["https:\/\/arantv.az\/wp-content\/uploads\/2021\/02\/d8074a35161363789013506149210553860.jpg",975,540,false],"thumbnail":["https:\/\/arantv.az\/wp-content\/uploads\/2021\/02\/d8074a35161363789013506149210553860-150x150.jpg",150,150,true],"medium":["https:\/\/arantv.az\/wp-content\/uploads\/2021\/02\/d8074a35161363789013506149210553860-300x166.jpg",300,166,true],"large":["https:\/\/arantv.az\/wp-content\/uploads\/2021\/02\/d8074a35161363789013506149210553860.jpg",640,354,false],"1536x1536":["https:\/\/arantv.az\/wp-content\/uploads\/2021\/02\/d8074a35161363789013506149210553860.jpg",975,540,false],"2048x2048":["https:\/\/arantv.az\/wp-content\/uploads\/2021\/02\/d8074a35161363789013506149210553860.jpg",975,540,false],"post-thumbnail":["https:\/\/arantv.az\/wp-content\/uploads\/2021\/02\/d8074a35161363789013506149210553860-240x172.jpg",240,172,true],"advps-thumb-one":["https:\/\/arantv.az\/wp-content\/uploads\/2021\/02\/d8074a35161363789013506149210553860.jpg",975,540,false]},"rttpg_author":{"display_name":"V\u00fcsal Rafiqo\u011flu","author_link":"https:\/\/arantv.az\/?author=2"},"rttpg_comment":0,"rttpg_category":"<a href=\"https:\/\/arantv.az\/?cat=4\" rel=\"category\">Siyas\u0259t<\/a>","rttpg_excerpt":"Fevral\u0131n 19-da Bak\u0131da ke\u00e7irilm\u0259si planla\u015fd\u0131r\u0131lan\u00a0Az\u0259rbaycan, G\u00fcrc\u00fcstan v\u0259 T\u00fcrkiy\u0259 X\u0130N\u00a0ba\u015f\u00e7\u0131lar\u0131n\u0131n doqquzuncu \u00fc\u00e7t\u0259r\u0259fli g\u00f6r\u00fc\u015f\u00fc t\u0259xir\u0259 sal\u0131n\u0131b. ARANTV.AZ\u00a0 x\u0259b\u0259r verir ki, buna s\u0259b\u0259b G\u00fcrc\u00fcstan ba\u015f nazirinin m\u00fcavini, xarici i\u015fl\u0259r naziri\u00a0David Zalkalianinin\u00a0Az\u0259rbaycana r\u0259smi s\u0259f\u0259rinin t\u0259xir\u0259 d\u00fc\u015fm\u0259sidir. G\u00fcrc\u00fcstan X\u0130N-d\u0259n s\u0259f\u0259rin t\u0259xir\u0259 sal\u0131nd\u0131\u011f\u0131n\u0131 t\u0259sdiql\u0259yibl\u0259r. Buna s\u0259b\u0259b\u00a0Ba\u015f nazir Giorgi Qaxariyan\u0131n\u00a0istefa verm\u0259sidir.","_links":{"self":[{"href":"https:\/\/arantv.az\/index.php?rest_route=\/wp\/v2\/posts\/296298"}],"collection":[{"href":"https:\/\/arantv.az\/index.php?rest_route=\/wp\/v2\/posts"}],"about":[{"href":"https:\/\/arantv.az\/index.php?rest_route=\/wp\/v2\/types\/post"}],"author":[{"embeddable":true,"href":"https:\/\/arantv.az\/index.php?rest_route=\/wp\/v2\/users\/2"}],"replies":[{"embeddable":true,"href":"https:\/\/arantv.az\/index.php?rest_route=%2Fwp%2Fv2%2Fcomments&post=296298"}],"version-history":[{"count":0,"href":"https:\/\/arantv.az\/index.php?rest_route=\/wp\/v2\/posts\/296298\/revisions"}],"wp:featuredmedia":[{"embeddable":true,"href":"https:\/\/arantv.az\/index.php?rest_route=\/wp\/v2\/media\/296299"}],"wp:attachment":[{"href":"https:\/\/arantv.az\/index.php?rest_route=%2Fwp%2Fv2%2Fmedia&parent=296298"}],"wp:term":[{"taxonomy":"category","embeddable":true,"href":"https:\/\/arantv.az\/index.php?rest_route=%2Fwp%2Fv2%2Fcategories&post=296298"},{"taxonomy":"post_tag","embeddable":true,"href":"https:\/\/arantv.az\/index.php?rest_route=%2Fwp%2Fv2%2Ftags&post=296298"}],"curies":[{"name":"wp","href":"https:\/\/api.w.org\/{rel}","templated":true}]}}