{"id":296302,"date":"2021-02-18T12:05:43","date_gmt":"2021-02-18T09:05:43","guid":{"rendered":"http:\/\/arantv.az\/?p=296302"},"modified":"2021-02-18T12:05:43","modified_gmt":"2021-02-18T09:05:43","slug":"azad-olunmus-%c9%99razil%c9%99rimiz%c9%99-h%c9%99r-bir-s%c9%99f%c9%99r-xalqimiza-yeni-mujd%c9%99l%c9%99r-verir","status":"publish","type":"post","link":"https:\/\/arantv.az\/?p=296302","title":{"rendered":"Azad olunmu\u015f \u0259razil\u0259rimiz\u0259 h\u0259r bir s\u0259f\u0259r xalq\u0131m\u0131za yeni m\u00fcjd\u0259l\u0259r verir"},"content":{"rendered":"<p><em>\u201cAz\u0259rbaycan Prezidenti \u0130lham \u018fliyevin v\u0259 Birinci vitse-prezident Mehriban xan\u0131m \u018fliyevan\u0131n i\u015f\u011faldan azad olunmu\u015f \u0259razil\u0259rimiz\u0259 s\u0259f\u0259ri tarixi \u0259h\u0259miyy\u0259t k\u0259sb edir. Azad olunmu\u015f \u0259razil\u0259rimiz\u0259 h\u0259r bir s\u0259f\u0259r xalq\u0131m\u0131za yeni m\u00fcjd\u0259l\u0259r verir\u201d.\u00a0<\/em><\/p>\n<p><strong>Bu fikirl\u0259ri &#8220;\u0130ki sahil&#8221;\u0259 a\u00e7\u0131qlamas\u0131nda Milli M\u0259clisin deputat\u0131 Fatma Y\u0131ld\u0131r\u0131m deyib.<\/strong><\/p>\n<p>Fatma Y\u0131ld\u0131r\u0131m bildirib ki, art\u0131q Qaraba\u011fda h\u0259yat canlanma\u011fa ba\u015flay\u0131b:\u00a0<em>&#8220;D\u00f6vl\u0259timizin ba\u015f\u00e7\u0131s\u0131 h\u0259r s\u0259f\u0259rind\u0259 v\u0259ziyy\u0259tl\u0259 tan\u0131\u015f olmaqla yana\u015f\u0131, b\u00f6y\u00fck qay\u0131d\u0131\u015fa h\u0259d\u0259fl\u0259n\u0259n t\u0259m\u0259ll\u0259ri at\u0131r. Fevral\u0131n 14-d\u0259 F\u00fczuli, Z\u0259ngilan, La\u00e7\u0131n v\u0259 C\u0259bray\u0131l rayonlar\u0131na s\u0259f\u0259r zaman\u0131 da biz bu sevinci v\u0259 q\u00fcruru ya\u015fad\u0131q. \u0130lk olaraq F\u00fczuli rayonunda d\u00f6vl\u0259t ba\u015f\u00e7\u0131s\u0131 t\u0259r\u0259find\u0259n Horadiz-A\u011fb\u0259nd d\u0259mir yolu x\u0259ttinin t\u0259m\u0259li at\u0131ld\u0131. \u00dcmumi uzunlu\u011fu 100 kilometr olan bu d\u0259mir yolu x\u0259ttinin strateji \u0259h\u0259miyy\u0259ti olduqca b\u00f6y\u00fckd\u00fcr. \u00c7\u00fcnki bu n\u0259qliyyat infrastrukturu Az\u0259rbaycan v\u0259t\u0259nda\u015flar\u0131n\u0131n azad olunmu\u015f torpaqlara gedi\u015f-g\u0259li\u015finin t\u0259minat\u0131nda \u0259h\u0259miyy\u0259tli rol oynayacaq v\u0259 \u0259n m\u00fch\u00fcm m\u0259s\u0259l\u0259 olan Az\u0259rbaycan\u0131n \u0259sas hiss\u0259si il\u0259 Nax\u00e7\u0131van Muxtar Respublikas\u0131 aras\u0131nda birba\u015fa d\u0259mir yolu n\u0259qliyyat \u0259laq\u0259sinin yaranmas\u0131na b\u00f6y\u00fck t\u00f6hf\u0259 ver\u0259c\u0259k. \u015e\u00fcbh\u0259 yoxdur ki, g\u0259l\u0259c\u0259kd\u0259 bu d\u0259mir yolu x\u0259tti T\u00fcrkiy\u0259y\u0259 q\u0259d\u0259r uzanacaq v\u0259 iki qarda\u015f \u00f6lk\u0259 aras\u0131nda m\u00fcnasib\u0259tl\u0259rin daha da m\u00f6hk\u0259ml\u0259nm\u0259sin\u0259 \u00f6z t\u00f6hf\u0259sini ver\u0259c\u0259k. El\u0259c\u0259 d\u0259, regionun dig\u0259r d\u00f6vl\u0259tl\u0259ri d\u0259 n\u0259qliyyat v\u0259 kommunikasiyalar\u0131n b\u0259rpas\u0131nda faydalanacaq v\u0259 t\u0259bii ki, bu layih\u0259l\u0259rin m\u0259rk\u0259zind\u0259 Az\u0259rbaycan dayanacaq&#8221;.<\/em><\/p>\n<p>Mill\u0259t v\u0259kilinin s\u00f6zl\u0259rin\u0259 g\u00f6r\u0259, Qaraba\u011fa b\u00f6y\u00fck qay\u0131d\u0131\u015f\u0131m\u0131z\u0131n n\u00f6vb\u0259ti m\u00fcjd\u0259si is\u0259 Z\u0259ngilan rayonunun \u00dc\u00e7\u00fcnc\u00fc A\u011fal\u0131 k\u0259ndind\u0259 icra olunacaq \u201ca\u011f\u0131ll\u0131 k\u0259nd\u201d layih\u0259si olub:\u00a0<em>&#8220;M\u0259lumdur ki, Prezident \u0130lham \u018fliyev \u00e7\u0131x\u0131\u015flar\u0131nda azad olunmu\u015f \u0259razil\u0259rin \u201cya\u015f\u0131l enerji\u201d zonas\u0131na \u00e7evril\u0259c\u0259yini d\u0259f\u0259l\u0259rl\u0259 bildirib. Erm\u0259ni i\u015f\u011fal\u0131ndan azad olunmu\u015f \u0259razil\u0259rin d\u00f6vl\u0259timizin ba\u015f\u00e7\u0131s\u0131n\u0131n birba\u015fa t\u0259\u015f\u0259bb\u00fcs\u00fc v\u0259 tap\u015f\u0131r\u0131qlar\u0131 il\u0259 n\u0259inki b\u0259rpa edilm\u0259si v\u0259 yenid\u0259n qurulmas\u0131 planla\u015fd\u0131r\u0131l\u0131r, h\u0259tta orada \u201ca\u011f\u0131ll\u0131 \u015f\u0259h\u0259r\u201d v\u0259 \u201ca\u011f\u0131ll\u0131 k\u0259nd\u201d konsepsiyalar\u0131n\u0131n realla\u015fd\u0131r\u0131lmas\u0131 n\u0259z\u0259rd\u0259 tutulur. Haz\u0131rk\u0131 pandemiya \u015f\u0259raitind\u0259 d\u00fcnya iqtisadiyyat\u0131nda b\u00f6y\u00fck probleml\u0259rin yarand\u0131\u011f\u0131 bir d\u00f6vrd\u0259 Az\u0259rbaycan Prezidentinin bu t\u0259\u015f\u0259bb\u00fcs\u00fc bir daha d\u00f6vl\u0259timizin g\u00fcc\u00fcn\u00fc v\u0259 q\u00fcdr\u0259tini n\u00fcmayi\u015f etdirir&#8221;.<\/em><\/p>\n<p>Deputat qeyd edib ki, \u0259n yaddaqalan m\u0259qamlardan biri d\u0259 Prezidentin La\u00e7\u0131n rayonuna s\u0259f\u0259r etm\u0259si oldu:\u00a0<em>&#8220;Az\u0259rbaycan\u0131n \u0259n g\u00f6z\u0259l gu\u015f\u0259l\u0259rind\u0259n biri olan La\u00e7\u0131n rayonunda da erm\u0259nil\u0259r vandalizm akt\u0131 t\u00f6r\u0259dibl\u0259r. Amma d\u00f6vl\u0259timiz t\u0259r\u0259find\u0259n b\u00f6y\u00fck quruculuq i\u015fl\u0259ri h\u0259yata ke\u00e7iril\u0259c\u0259k, bu \u0259razil\u0259rd\u0259 h\u0259yat yenid\u0259n canlanacaq. C\u0259nab Prezident H\u0259k\u0259ri \u00e7ay\u0131 \u00fcz\u0259rind\u0259 yerl\u0259\u015f\u0259n 8 meqavat g\u00fcc\u00fcnd\u0259 \u201cG\u00fcl\u0259bird\u201d Su Elektrik Stansiyas\u0131n\u0131n a\u00e7\u0131l\u0131\u015f\u0131nda i\u015ftirak etdi. \u201cG\u00fcl\u0259bird\u201d Su Elektrik Stansiyas\u0131n\u0131n istifad\u0259y\u0259 verilm\u0259si tarixi v\u0259 \u0259lam\u0259tdar hadis\u0259dir. \u00c7\u00fcnki bu, i\u015f\u011faldan azad olunan rayonlarda Prezident \u0130lham \u018fliyevin i\u015ftirak\u0131 il\u0259 istifad\u0259y\u0259 veril\u0259n ilk infrastruktur layih\u0259sidir. Bu stansiya t\u0259xmin\u0259n 7000 n\u0259f\u0259r \u0259halinin elektrik enerjisi il\u0259 t\u0259minat\u0131nda m\u00fch\u00fcm rol oynayacaq\u201d.<\/em><\/p>\n<p><em>\u201cD\u00f6vl\u0259timizin ba\u015f\u00e7\u0131s\u0131 s\u0259f\u0259r zaman\u0131 Z\u0259ngilan rayonundak\u0131 B\u0259sit\u00e7ay D\u00f6vl\u0259t T\u0259bi\u0259t Qoru\u011funun \u0259razisind\u0259 olub. Erm\u0259ni q\u0259sbkarlar i\u015f\u011fal alt\u0131nda saxlad\u0131qlar\u0131 d\u00f6vrd\u0259 dig\u0259r \u0259razil\u0259rd\u0259 oldu\u011fu kimi, B\u0259sit\u00e7ay qoru\u011funda da ekoloji terror t\u00f6r\u0259dibl\u0259r. Bu qoruq da d\u00f6vl\u0259timizin g\u00fcc\u00fc il\u0259 b\u0259rpa edil\u0259c\u0259k. El\u0259c\u0259 d\u0259, s\u0259f\u0259r \u00e7\u0259r\u00e7iv\u0259sind\u0259 k\u0259nd t\u0259s\u0259rr\u00fcfat\u0131 i\u015fl\u0259rin\u0259 bax\u0131\u015f ke\u00e7irilib. Art\u0131q azad olunmu\u015f \u0259razil\u0259rimizin bir hiss\u0259sind\u0259 \u0259kin i\u015fl\u0259ri apar\u0131l\u0131b. B\u0259r\u0259k\u0259tli Qaraba\u011f torpa\u011f\u0131 respublikam\u0131z\u0131n \u0259razq t\u0259hl\u00fck\u0259sizliyinin t\u0259min olunmas\u0131na \u00e7ox b\u00f6y\u00fck t\u00f6hf\u0259l\u0259r ver\u0259c\u0259k\u201d dey\u0259n Fatma Y\u0131ld\u0131r\u0131m s\u00f6yl\u0259yib ki, c\u0259nab Prezidentin azad olunmu\u015f \u0259razil\u0259r\u0259 s\u0259f\u0259ri v\u0259 s\u0259f\u0259r zaman\u0131 s\u0259sl\u0259ndirdiyi fikirl\u0259r erm\u0259nil\u0259r v\u0259 onun havadarlar\u0131 \u00fc\u00e7\u00fcn d\u0259 ciddi mesajd\u0131r: \u201cBu o dem\u0259kdir ki, biz art\u0131q do\u011fma Qaraba\u011f\u0131m\u0131za qay\u0131d\u0131r\u0131q v\u0259 bizi he\u00e7 bir q\u00fcvv\u0259 bu yoldan d\u00f6nd\u0259r\u0259 bilm\u0259z\u201d.<\/em><\/p>\n","protected":false},"excerpt":{"rendered":"<p>\u201cAz\u0259rbaycan Prezidenti \u0130lham \u018fliyevin v\u0259 Birinci vitse-prezident Mehriban xan\u0131m \u018fliyevan\u0131n i\u015f\u011faldan azad olunmu\u015f \u0259razil\u0259rimiz\u0259 s\u0259f\u0259ri tarixi \u0259h\u0259miyy\u0259t k\u0259sb edir. Azad olunmu\u015f \u0259razil\u0259rimiz\u0259 h\u0259r bir s\u0259f\u0259r xalq\u0131m\u0131za yeni m\u00fcjd\u0259l\u0259r verir\u201d.\u00a0 Bu fikirl\u0259ri &#8220;\u0130ki sahil&#8221;\u0259 a\u00e7\u0131qlamas\u0131nda Milli M\u0259clisin deputat\u0131 Fatma Y\u0131ld\u0131r\u0131m deyib. Fatma Y\u0131ld\u0131r\u0131m bildirib ki, art\u0131q Qaraba\u011fda h\u0259yat canlanma\u011fa ba\u015flay\u0131b:\u00a0&#8220;D\u00f6vl\u0259timizin ba\u015f\u00e7\u0131s\u0131 h\u0259r s\u0259f\u0259rind\u0259 v\u0259ziyy\u0259tl\u0259 tan\u0131\u015f olmaqla yana\u015f\u0131, b\u00f6y\u00fck qay\u0131d\u0131\u015fa h\u0259d\u0259fl\u0259n\u0259n t\u0259m\u0259ll\u0259ri at\u0131r. Fevral\u0131n 14-d\u0259 F\u00fczuli, Z\u0259ngilan, La\u00e7\u0131n v\u0259 C\u0259bray\u0131l rayonlar\u0131na s\u0259f\u0259r zaman\u0131 da biz bu sevinci v\u0259 q\u00fcruru ya\u015fad\u0131q. \u0130lk olaraq F\u00fczuli rayonunda d\u00f6vl\u0259t ba\u015f\u00e7\u0131s\u0131 t\u0259r\u0259find\u0259n Horadiz-A\u011fb\u0259nd d\u0259mir yolu x\u0259ttinin t\u0259m\u0259li&hellip;<\/p>\n","protected":false},"author":2,"featured_media":296303,"comment_status":"closed","ping_status":"closed","sticky":false,"template":"","format":"standard","meta":{"om_disable_all_campaigns":false,"_monsterinsights_skip_tracking":false,"_monsterinsights_sitenote_active":false,"_monsterinsights_sitenote_note":"","_monsterinsights_sitenote_category":0},"categories":[4],"tags":[],"aioseo_notices":[],"gutentor_comment":0,"rttpg_featured_image_url":{"full":["https:\/\/arantv.az\/wp-content\/uploads\/2021\/02\/5d8c6ee015879811848871982201082713.jpg",975,540,false],"landscape":["https:\/\/arantv.az\/wp-content\/uploads\/2021\/02\/5d8c6ee015879811848871982201082713.jpg",975,540,false],"portraits":["https:\/\/arantv.az\/wp-content\/uploads\/2021\/02\/5d8c6ee015879811848871982201082713.jpg",975,540,false],"thumbnail":["https:\/\/arantv.az\/wp-content\/uploads\/2021\/02\/5d8c6ee015879811848871982201082713-150x150.jpg",150,150,true],"medium":["https:\/\/arantv.az\/wp-content\/uploads\/2021\/02\/5d8c6ee015879811848871982201082713-300x166.jpg",300,166,true],"large":["https:\/\/arantv.az\/wp-content\/uploads\/2021\/02\/5d8c6ee015879811848871982201082713.jpg",640,354,false],"1536x1536":["https:\/\/arantv.az\/wp-content\/uploads\/2021\/02\/5d8c6ee015879811848871982201082713.jpg",975,540,false],"2048x2048":["https:\/\/arantv.az\/wp-content\/uploads\/2021\/02\/5d8c6ee015879811848871982201082713.jpg",975,540,false],"post-thumbnail":["https:\/\/arantv.az\/wp-content\/uploads\/2021\/02\/5d8c6ee015879811848871982201082713-240x172.jpg",240,172,true],"advps-thumb-one":["https:\/\/arantv.az\/wp-content\/uploads\/2021\/02\/5d8c6ee015879811848871982201082713.jpg",975,540,false]},"rttpg_author":{"display_name":"V\u00fcsal Rafiqo\u011flu","author_link":"https:\/\/arantv.az\/?author=2"},"rttpg_comment":0,"rttpg_category":"<a href=\"https:\/\/arantv.az\/?cat=4\" rel=\"category\">Siyas\u0259t<\/a>","rttpg_excerpt":"\u201cAz\u0259rbaycan Prezidenti \u0130lham \u018fliyevin v\u0259 Birinci vitse-prezident Mehriban xan\u0131m \u018fliyevan\u0131n i\u015f\u011faldan azad olunmu\u015f \u0259razil\u0259rimiz\u0259 s\u0259f\u0259ri tarixi \u0259h\u0259miyy\u0259t k\u0259sb edir. Azad olunmu\u015f \u0259razil\u0259rimiz\u0259 h\u0259r bir s\u0259f\u0259r xalq\u0131m\u0131za yeni m\u00fcjd\u0259l\u0259r verir\u201d.\u00a0 Bu fikirl\u0259ri &#8220;\u0130ki sahil&#8221;\u0259 a\u00e7\u0131qlamas\u0131nda Milli M\u0259clisin deputat\u0131 Fatma Y\u0131ld\u0131r\u0131m deyib. Fatma Y\u0131ld\u0131r\u0131m bildirib ki, art\u0131q Qaraba\u011fda h\u0259yat canlanma\u011fa ba\u015flay\u0131b:\u00a0&#8220;D\u00f6vl\u0259timizin ba\u015f\u00e7\u0131s\u0131 h\u0259r s\u0259f\u0259rind\u0259 v\u0259ziyy\u0259tl\u0259 tan\u0131\u015f olmaqla&hellip;","_links":{"self":[{"href":"https:\/\/arantv.az\/index.php?rest_route=\/wp\/v2\/posts\/296302"}],"collection":[{"href":"https:\/\/arantv.az\/index.php?rest_route=\/wp\/v2\/posts"}],"about":[{"href":"https:\/\/arantv.az\/index.php?rest_route=\/wp\/v2\/types\/post"}],"author":[{"embeddable":true,"href":"https:\/\/arantv.az\/index.php?rest_route=\/wp\/v2\/users\/2"}],"replies":[{"embeddable":true,"href":"https:\/\/arantv.az\/index.php?rest_route=%2Fwp%2Fv2%2Fcomments&post=296302"}],"version-history":[{"count":0,"href":"https:\/\/arantv.az\/index.php?rest_route=\/wp\/v2\/posts\/296302\/revisions"}],"wp:featuredmedia":[{"embeddable":true,"href":"https:\/\/arantv.az\/index.php?rest_route=\/wp\/v2\/media\/296303"}],"wp:attachment":[{"href":"https:\/\/arantv.az\/index.php?rest_route=%2Fwp%2Fv2%2Fmedia&parent=296302"}],"wp:term":[{"taxonomy":"category","embeddable":true,"href":"https:\/\/arantv.az\/index.php?rest_route=%2Fwp%2Fv2%2Fcategories&post=296302"},{"taxonomy":"post_tag","embeddable":true,"href":"https:\/\/arantv.az\/index.php?rest_route=%2Fwp%2Fv2%2Ftags&post=296302"}],"curies":[{"name":"wp","href":"https:\/\/api.w.org\/{rel}","templated":true}]}}