{"id":296306,"date":"2021-02-18T12:06:48","date_gmt":"2021-02-18T09:06:48","guid":{"rendered":"http:\/\/arantv.az\/?p=296306"},"modified":"2021-02-18T12:06:48","modified_gmt":"2021-02-18T09:06:48","slug":"z%c9%99f%c9%99r-salnam%c9%99si-foto","status":"publish","type":"post","link":"https:\/\/arantv.az\/?p=296306","title":{"rendered":"\u201cZ\u0259f\u0259r salnam\u0259si\u201d FOTO"},"content":{"rendered":"<div class=\"content lead font-weight-normal\">\n<p><strong>Yeni Az\u0259rbaycan Partiyas\u0131 t\u0259r\u0259find\u0259n n\u0259\u015fr olunan bu kitabda Az\u0259rbaycan\u0131n Prezident, M\u00fcz\u0259ff\u0259r Ali Ba\u015f Komandan \u0130lham \u018fliyevin r\u0259hb\u0259rliyi il\u0259 diplomatiya v\u0259 informasiya c\u0259bh\u0259sind\u0259 q\u0259tiyy\u0259tli m\u00fcbariz\u0259 aparmas\u0131, \u015fanl\u0131 Ordumuzun 44 g\u00fcnl\u00fck V\u0259t\u0259n m\u00fcharib\u0259si zaman\u0131 xilaskarl\u0131q missiyas\u0131n\u0131 \u015f\u0259r\u0259fl\u0259 yerin\u0259 yetirm\u0259si n\u0259tic\u0259sind\u0259 tarixi \u0259dal\u0259tin b\u0259rpa olunmas\u0131 v\u0259 dig\u0259r m\u00fch\u00fcm m\u0259s\u0259l\u0259l\u0259r \u00f6z \u0259ksini tap\u0131b.<\/strong><\/p>\n<p><strong>ARANTV.AZ\u00a0<\/strong> yap.org.az-a istinad\u0259n\u00a0x\u0259b\u0259r verir ki, Az\u0259rbaycan\u0131n V\u0259t\u0259n m\u00fcharib\u0259si zaman\u0131 m\u00f6ht\u0259\u015f\u0259m q\u0259l\u0259b\u0259 qazanmas\u0131, uzun m\u00fcdd\u0259tdir ki, Erm\u0259nistan\u0131n i\u015f\u011fal\u0131 alt\u0131nda olan torpaqlar\u0131m\u0131z\u0131n azad olunmas\u0131, \u00f6lk\u0259mizin \u0259razi b\u00fct\u00f6vl\u00fcy\u00fcn\u00fcn v\u0259 tarixi \u0259dal\u0259tin b\u0259rpa edilm\u0259si, he\u00e7 \u015f\u00fcbh\u0259siz, xalq\u0131m\u0131z\u0131n \u00e7ox\u0259srlik d\u00f6vl\u0259t\u00e7ilik tarixinin \u0259n \u015f\u0259r\u0259fli s\u0259hif\u0259l\u0259rind\u0259n biridir. Q\u00fcdr\u0259tli Az\u0259rbaycan Ordusunun 44 g\u00fcnl\u00fck Q\u0259l\u0259b\u0259 y\u00fcr\u00fc\u015f\u00fc n\u0259tic\u0259sind\u0259 yaz\u0131lan \u015fanl\u0131 q\u0259hr\u0259manl\u0131q dastan\u0131 unudulmaz Z\u0259f\u0259r salnam\u0259si olmaqla yana\u015f\u0131, d\u00fcnya h\u0259rb tarixin\u0259 d\u00fc\u015f\u0259n unikal n\u00fcmun\u0259dir. \u018flb\u0259tt\u0259, \u00f6lk\u0259mizin bu tarixi nailiyy\u0259ti t\u0259sad\u00fcfi xarakter da\u015f\u0131m\u0131r v\u0259 \u00f6t\u0259n m\u00fcdd\u0259t \u0259rzind\u0259 h\u0259m ordu quruculu\u011fu sah\u0259sind\u0259, h\u0259m diplomatiya c\u0259bh\u0259sind\u0259 g\u00f6r\u00fcl\u0259n i\u015fl\u0259rin, eyni zamanda, beyn\u0259lxalq informasiya m\u00fcst\u0259visind\u0259 Az\u0259rbaycan reall\u0131qlar\u0131n\u0131n sistemli v\u0259 m\u0259qs\u0259dy\u00f6nl\u00fc \u015f\u0259kild\u0259 t\u0259bli\u011finin n\u0259tic\u0259sidir.<\/p>\n<p>O da x\u00fcsusi olaraq vur\u011fulanmal\u0131d\u0131r ki, Az\u0259rbaycan\u0131n bu q\u00fcrurverici v\u0259 \u0259z\u0259m\u0259tli q\u0259l\u0259b\u0259sinin m\u00fc\u0259llifi xalq\u0131m\u0131z\u0131n \u00dcmummilli lideri Heyd\u0259r \u018fliyevin layiqli davam\u00e7\u0131s\u0131 m\u00f6ht\u0259r\u0259m Prezident \u0130lham \u018fliyevdir. C\u0259nab \u0130lham \u018fliyev h\u0259rb meydan\u0131nda m\u00fcz\u0259ff\u0259r s\u0259rk\u0259rd\u0259, diplomatik c\u0259bh\u0259d\u0259 mahir strateq n\u00fcmun\u0259si ortaya qoymaqla yana\u015f\u0131, informasiya m\u00fcharib\u0259sind\u0259 Az\u0259rbaycan\u0131n haqq-\u0259dal\u0259t s\u0259si oldu, q\u0259tiyy\u0259tl\u0259 v\u0259 c\u0259sar\u0259tl\u0259 b\u00fct\u00fcn t\u0259zyiql\u0259ri d\u0259f etdi, xalq\u0131n d\u0259st\u0259yind\u0259n g\u00fcc alan prinsipial Lider kimi m\u00fcbarizlik r\u0259mzin\u0259 \u00e7evrildi. \u00d6lk\u0259 r\u0259hb\u0259ri \u00f6t\u0259n m\u00fcdd\u0259t \u0259rzind\u0259 h\u00fccum diplomatiyas\u0131 h\u0259yata ke\u00e7irm\u0259kl\u0259, m\u00fcxt\u0259lif beyn\u0259lxalq k\u00fcrs\u00fcl\u0259rd\u0259n tarixi h\u0259qiq\u0259tl\u0259ri, Da\u011fl\u0131q Qaraba\u011f m\u00fcnaqi\u015f\u0259nin t\u0259nziml\u0259nm\u0259si il\u0259 \u0259laq\u0259dar vacib h\u00fcquqi\u00a0 v\u0259 siyasi m\u0259s\u0259l\u0259l\u0259ri diqq\u0259t\u0259 \u00e7atd\u0131rmaqla, d\u00fcnya miqyas\u0131nda ictimai r\u0259yin Az\u0259rbaycan\u0131n lehin\u0259 d\u0259yi\u015fm\u0259sini t\u0259min etdi. Qeyd olunmas\u0131 vacib olan \u0259n m\u00fch\u00fcm m\u0259s\u0259l\u0259l\u0259rd\u0259n biri budur ki, Az\u0259rbaycan Ordusunun 44 g\u00fcnl\u00fck m\u00fcharib\u0259 zaman\u0131 ard\u0131c\u0131l u\u011furlar\u0131na paralel olaraq, d\u00f6vl\u0259timizin ba\u015f\u00e7\u0131s\u0131 d\u00fcnyan\u0131n n\u00fcfuzlu n\u0259\u015frl\u0259rin\u0259 m\u00fcsahib\u0259l\u0259ri, xalqa m\u00fcraci\u0259tl\u0259ri zaman\u0131 b\u00fct\u00fcn reall\u0131qlar\u0131 d\u00fcnya ictimaiyy\u0259tinin diqq\u0259tin\u0259 \u00e7atd\u0131rd\u0131, erm\u0259ni yalanlar\u0131n\u0131 if\u015fa etdi, anti-Az\u0259rbaycan dair\u0259l\u0259rin qarayaxma kampaniyas\u0131n\u0131 iflasa u\u011fratd\u0131. Bunun n\u0259tic\u0259sidir ki, beyn\u0259lxalq mediada Az\u0259rbaycan\u0131n haql\u0131, \u0259dal\u0259tli m\u00f6vqeyini \u0259ks etdir\u0259n \u00e7oxlu sayda m\u0259lumatlar, t\u0259hlil xarakterli materiallar tirajland\u0131, m\u00fcxt\u0259lif s\u00fcjetl\u0259r yay\u0131mland\u0131. Bu is\u0259 informasiya m\u00fcharib\u0259sind\u0259 Az\u0259rbaycan\u0131n m\u00fctl\u0259q \u00fcst\u00fcnl\u00fcy\u00fcn\u00fc t\u0259min ed\u0259n m\u00fch\u00fcm amil oldu.<\/p>\n<p>Bu g\u00fcn d\u0259 b\u0259hs olunan m\u0259s\u0259l\u0259l\u0259ri \u00f6z\u00fcnd\u0259 ehtiva ed\u0259n materiallar n\u0259\u015fr olunur, yerli v\u0259 beyn\u0259lxalq auditoriyan\u0131n \u2013 geni\u015f ictimaiyy\u0259tin diqq\u0259tin\u0259 t\u0259qdim edilir. Yeri g\u0259lmi\u015fk\u0259n, Yeni Az\u0259rbaycan Partiyas\u0131 t\u0259r\u0259find\u0259n bu g\u00fcnl\u0259rd\u0259 n\u0259\u015fr olunan \u201cZ\u0259f\u0259r salnam\u0259si\u201d adl\u0131 kitabda Az\u0259rbaycan Prezidenti c\u0259nab \u0130lham \u018fliyevin r\u0259hb\u0259rliyi il\u0259 diplomatiya v\u0259 informasiya c\u0259bh\u0259sind\u0259 apard\u0131\u011f\u0131 u\u011furlu v\u0259 q\u0259tiyy\u0259tli m\u00fcbariz\u0259, Az\u0259rbaycan Ordusunun 44 g\u00fcnl\u00fck m\u00fcharib\u0259 zaman\u0131 d\u00f6y\u00fc\u015f meydan\u0131nda \u00f6z s\u00f6z\u00fcn\u00fc dem\u0259si v\u0259 xilaskarl\u0131q missiyas\u0131n\u0131 \u015f\u0259r\u0259fl\u0259 yerin\u0259 yetirm\u0259si il\u0259 \u0259laq\u0259dar m\u0259s\u0259l\u0259l\u0259r \u00f6z \u0259ksini tap\u0131b.<\/p>\n<p>\u201c\u015e\u0259rq-Q\u0259rb\u201d m\u0259tb\u0259\u0259sind\u0259 i\u015f\u0131q \u00fcz\u00fc g\u00f6r\u0259n 536 s\u0259hif\u0259lik n\u0259\u015frd\u0259 Prezident, M\u00fcz\u0259ff\u0259r Ali Ba\u015f Komandan \u0130lham \u018fliyevin\u00a0 Az\u0259rbaycan h\u0259qiq\u0259tl\u0259ri, m\u00fcharib\u0259 reall\u0131qlar\u0131 il\u0259 ba\u011fl\u0131 d\u00fcnyan\u0131n apar\u0131c\u0131 televiziya kanallar\u0131na, informasiya agentlikl\u0259rin\u0259 v\u0259\u00a0 q\u0259zetl\u0259rin\u0259 verdiyi m\u00fcsahib\u0259l\u0259r, T\u00fcrkiy\u0259nin,\u00a0 el\u0259c\u0259 d\u0259 m\u00fcxt\u0259lif \u00f6lk\u0259l\u0259rin\u00a0 h\u00f6kum\u0259t v\u0259 d\u00f6vl\u0259t ba\u015f\u00e7\u0131lar\u0131 il\u0259\u00a0 g\u00f6r\u00fc\u015fl\u0259ri zaman\u0131 \u00e7\u0131x\u0131\u015flar\u0131, Az\u0259rbaycan xalq\u0131na m\u00fcraci\u0259tl\u0259ri, x\u00fcsusil\u0259 d\u0259 \u015eu\u015fan\u0131n i\u015f\u011faldan azad olunmas\u0131 il\u0259 \u0259laq\u0259dar \u015e\u0259hidl\u0259r xiyaban\u0131ndan xalq\u0131m\u0131za s\u0259sl\u0259ni\u015fi \u00f6z \u0259ksini tap\u0131b. \u018fn \u0259sas\u0131, kitabda m\u00fcasir, m\u00fcst\u0259qil Az\u0259rbaycan d\u00f6vl\u0259tinin qurucusu, Ulu \u00f6nd\u0259r Heyd\u0259r \u018fliyevin \u201c\u015eu\u015fas\u0131z Qaraba\u011f, Qaraba\u011fs\u0131z is\u0259, \u00fcmumiyy\u0259tl\u0259, Az\u0259rbaycan yoxdur!\u201d fikirl\u0259rinin ard\u0131nca M\u00fcz\u0259ff\u0259r Ali Ba\u015f Komandan \u0130lham \u018fliyevin 44 g\u00fcnl\u00fck V\u0259t\u0259n m\u00fcharib\u0259si d\u00f6vr\u00fcnd\u0259 xalqa m\u00fcraci\u0259tl\u0259rind\u0259 yer alan, bu g\u00fcn d\u0259 f\u0259xrl\u0259 ifad\u0259 etdiyimiz\u00a0 \u201cBu g\u00fcn b\u00f6y\u00fck q\u00fcrur hissi il\u0259 dey\u0259 bil\u0259rik ki, F\u00fczuli bizimdir, C\u0259bray\u0131l bizimdir, Z\u0259ngilan bizimdir, Qubadl\u0131 bizimdir, A\u011fdam bizimdir, La\u00e7\u0131n bizimdir, K\u0259lb\u0259c\u0259r bizimdir, \u015eu\u015fa bizimdir, Qaraba\u011f bizimdir, Qaraba\u011f Az\u0259rbaycand\u0131r! E\u015fq olsun Az\u0259rbaycan xalq\u0131na! Ya\u015fas\u0131n Az\u0259rbaycan!\u201d s\u00f6zl\u0259rin\u0259 yer verilib.<\/p>\n<p><strong>Yeri g\u0259lmi\u015fk\u0259n, n\u0259\u015frd\u0259 ilk olaraq Az\u0259rbaycan Respublikas\u0131n\u0131n Prezidenti \u0130lham \u018fliyevin So\u00e7id\u0259 \u201cValday\u201d Beyn\u0259lxalq Diskussiya Klubunun XVI illik iclas\u0131n\u0131n plenar sessiyas\u0131nda \u00e7\u0131x\u0131\u015f\u0131n\u0131n yer almas\u0131 m\u00fcst\u0259sna \u0259h\u0259miyy\u0259t\u0259 malikdir. O m\u0259nada ki, V\u0259t\u0259n m\u00fcharib\u0259sind\u0259 \u0259sas \u015f\u00fcara \u00e7evril\u0259n \u201cQaraba\u011f Az\u0259rbaycand\u0131r v\u0259 nida i\u015far\u0259si\u201d \u00e7a\u011f\u0131r\u0131\u015f\u0131 m\u0259hz bu sessiyada Prezident \u0130lham \u018fliyev t\u0259r\u0259find\u0259n q\u0259tiyy\u0259tl\u0259 v\u0259 c\u0259sar\u0259tl\u0259\u00a0 b\u0259yan edilmi\u015fdi.<\/strong><\/p>\n<p>Diqq\u0259t \u00e7\u0259k\u0259n m\u0259qamlardan biri c\u0259nab \u0130lham \u018fliyevin b\u0259zi n\u00fcfuzlu n\u0259\u015frl\u0259rin, informasiya agentlikl\u0259rinin v\u0259 televiziya kanallar\u0131n\u0131n jurnalistl\u0259rinin b\u0259z\u0259n q\u0259r\u0259zd\u0259n, b\u0259z\u0259n is\u0259 m\u0259lumats\u0131zl\u0131qdan ir\u0259li g\u0259l\u0259n qeyri-adekvat suallar\u0131n\u0131 s\u0259brl\u0259, t\u0259mkinl\u0259, diplomatik t\u0259rzd\u0259\u00a0 cavabland\u0131rmas\u0131, bu m\u00fcsahib\u0259l\u0259ri il\u0259\u00a0 h\u0259m i\u015f\u011fal\u00e7\u0131 Erm\u0259nistana, h\u0259m d\u0259 d\u00fcnyaya tarix, h\u00fcquq v\u0259 q\u00fcrur d\u0259rsi ke\u00e7m\u0259si oldu.\u00a0 M\u0259hz bu m\u00fch\u00fcm m\u0259qamlar da \u0259trafl\u0131 \u015f\u0259kild\u0259 \u201cZ\u0259f\u0259r salnam\u0259si\u201dnd\u0259 yer al\u0131b.<\/p>\n<p>N\u0259\u015fr oxuculara, h\u0259m\u00e7inin d\u00f6vl\u0259timizin ba\u015f\u00e7\u0131s\u0131 \u0130lham \u018fliyevin v\u0259 birinci xan\u0131m Mehriban \u018fliyevan\u0131n 1 sayl\u0131 Kliniki Tibbi M\u0259rk\u0259zd\u0259 m\u00fcalic\u0259 olunan h\u0259rb\u00e7il\u0259rl\u0259 g\u00f6r\u00fc\u015f\u00fcn\u00fcn m\u00fch\u00fcm m\u0259qamlar\u0131n\u0131 \u00e7atd\u0131r\u0131b. H\u0259min g\u00f6r\u00fc\u015fd\u0259 M\u00fcz\u0259ff\u0259r Ali Ba\u015f Komandan \u0130lham \u018fliyevin \u201cBiz bu m\u00fcharib\u0259ni \u015f\u0259hidl\u0259rimizin can\u0131-qan\u0131 bahas\u0131na, h\u0259rb\u00e7il\u0259rimizin r\u0259\u015fad\u0259ti hesab\u0131na, d\u00f6vl\u0259timizin siyas\u0259ti hesab\u0131na qazanm\u0131\u015f\u0131q\u201d s\u00f6zl\u0259ri 44 g\u00fcnl\u00fck V\u0259t\u0259n m\u00fcharib\u0259sind\u0259 Az\u0259rbaycan\u0131n unudulmaz tarixi z\u0259f\u0259rini t\u0259min ed\u0259n amill\u0259rin h\u0259m daxili, h\u0259m d\u0259 beyn\u0259lxalq auditoriyan\u0131n diqq\u0259tin\u0259 \u00e7atd\u0131r\u0131lmas\u0131 bax\u0131m\u0131ndan \u00e7ox \u00f6n\u0259mli fikirl\u0259r kimi n\u0259\u015frd\u0259 \u0259ks olunub.<\/p>\n<p>Kitabda d\u00f6vl\u0259timizin ba\u015f\u00e7\u0131s\u0131, M\u00fcz\u0259ff\u0259r Ali Ba\u015f Komandan \u0130lham \u018fliyevin v\u0259 birinci xan\u0131m Mehriban \u018fliyevan\u0131n i\u015f\u011faldan azad edilmi\u015f torpaqlar\u0131m\u0131za s\u0259f\u0259rl\u0259rin\u0259 d\u0259 geni\u015f yer ayr\u0131l\u0131b.<\/p>\n<p><strong>\u201cZ\u0259f\u0259r salnam\u0259si\u201d<\/strong>\u00a0Bak\u0131n\u0131n Azadl\u0131q meydan\u0131nda V\u0259t\u0259n m\u00fcharib\u0259sind\u0259 \u015fanl\u0131 Q\u0259l\u0259b\u0259y\u0259 h\u0259sr olunmu\u015f Z\u0259f\u0259r parad\u0131 il\u0259 tamamlan\u0131b. Bu hiss\u0259d\u0259 d\u00f6vl\u0259timizin ba\u015f\u00e7\u0131s\u0131n\u0131n d\u0259rinm\u0259zmunlu nitqi v\u0259 tarixi \u0259h\u0259miyy\u0259t\u0259 malik fikirl\u0259ri \u00f6z \u0259ksini tap\u0131b.<\/p>\n<p>Bunlarla yana\u015f\u0131, \u00f6lk\u0259 Prezidentinin i\u015f\u011fal alt\u0131nda olan torpaqlar\u0131m\u0131z\u0131n bir-birinin ard\u0131nca i\u015f\u011faldan azad edilm\u0259si il\u0259 ba\u011fl\u0131 \u201cTwitter\u201d s\u0259hif\u0259sind\u0259 payla\u015fd\u0131\u011f\u0131 m\u00fcjd\u0259li x\u0259b\u0259rl\u0259r d\u0259 kitab\u0131n s\u0259hif\u0259l\u0259rini b\u0259z\u0259yir.<\/p>\n<p>Bir s\u00f6zl\u0259, \u201cZ\u0259f\u0259r salnam\u0259si\u201d Az\u0259rbaycan\u0131n tarixi \u0259dal\u0259tin b\u0259rpas\u0131 u\u011funda m\u00fcbariz\u0259si il\u0259 \u0259laq\u0259dar faktlar\u0131n \u00f6yr\u0259nilm\u0259sin\u0259 v\u0259 m\u00f6ht\u0259\u015f\u0259m q\u0259l\u0259b\u0259mizl\u0259 ba\u011fl\u0131 h\u0259qiq\u0259tl\u0259rin t\u0259bli\u011fin\u0259 imkan ver\u0259n \u00e7ox \u0259h\u0259miyy\u0259tli, z\u0259ruri informasiyalarla z\u0259ngindir. N\u0259\u015fr, b\u00fct\u00f6vl\u00fckd\u0259, Az\u0259rbaycan\u0131n tarixi z\u0259f\u0259rinin ayr\u0131-ayr\u0131 m\u0259qamlar\u0131n\u0131 \u00f6z\u00fcnd\u0259 \u0259ks etdir\u0259n d\u0259y\u0259rli, z\u0259ngin v\u0259 m\u00f6t\u0259b\u0259r m\u0259nb\u0259dir.<\/p>\n<div class=\"clearfix\"><\/div>\n<\/div>\n<div class=\"fotorama--hidden\"><\/div>\n<div id=\"galleryList\" class=\"fotorama fotorama1613639134815\" data-nav=\"thumbs\" data-width=\"100%\" data-thumbwidth=\"90\" data-thumbheight=\"60\" data-allowfullscreen=\"true\" data-autoplay=\"3000\" data-ratio=\"1.5\" data-keyboard=\"true\" data-fit=\"contain\">\n<div class=\"fotorama__wrap fotorama__wrap--css3 fotorama__wrap--slide fotorama__wrap--toggle-arrows fotorama__wrap--no-controls\">\n<div class=\"fotorama__stage fotorama__pointer\">\n<div class=\"fotorama__fullscreen-icon\" tabindex=\"0\" role=\"button\"><\/div>\n<div class=\"fotorama__stage__shaft\">\n<div class=\"fotorama__stage__frame fotorama__loaded fotorama__loaded--img fotorama__active\"><img class=\"fotorama__img\" src=\"http:\/\/ikisahil.az\/photo\/0x0_2\/upload\/gallery\/2021\/02\/18\/-83f97f48161363898553269244710052842.jpg\" \/><\/div>\n<div class=\"fotorama__stage__frame fotorama__loaded fotorama__loaded--img\"><img class=\"fotorama__img\" src=\"http:\/\/ikisahil.az\/photo\/0x0_2\/upload\/gallery\/2021\/02\/18\/-45f31d16161363898444551533011023457.jpg\" \/><\/div>\n<\/div>\n<div class=\"fotorama__arr fotorama__arr--prev fotorama__arr--disabled\" tabindex=\"-1\" role=\"button\"><\/div>\n<div class=\"fotorama__arr fotorama__arr--next\" tabindex=\"0\" role=\"button\"><\/div>\n<div class=\"fotorama__video-close\"><\/div>\n<\/div>\n<div class=\"fotorama__nav-wrap\">\n<div class=\"fotorama__nav fotorama__nav--thumbs fotorama__shadows--right\">\n<div class=\"fotorama__nav__shaft fotorama__grab\">\n<div class=\"fotorama__thumb-border\"><\/div>\n<div class=\"fotorama__nav__frame fotorama__nav__frame--thumb fotorama__active\" tabindex=\"0\" role=\"button\">\n<div class=\"fotorama__thumb fotorama__loaded fotorama__loaded--img\"><img class=\"fotorama__img\" src=\"http:\/\/ikisahil.az\/photo\/150x100_2\/upload\/gallery\/2021\/02\/18\/-83f97f48161363898553269244710052842.jpg\" \/><\/div>\n<\/div>\n<div class=\"fotorama__nav__frame fotorama__nav__frame--thumb\" tabindex=\"0\" role=\"button\">\n<div class=\"fotorama__thumb fotorama__loaded fotorama__loaded--img\"><img class=\"fotorama__img\" src=\"http:\/\/ikisahil.az\/photo\/150x100_2\/upload\/gallery\/2021\/02\/18\/-45f31d16161363898444551533011023457.jpg\" \/><\/div>\n<\/div>\n<div class=\"fotorama__nav__frame fotorama__nav__frame--thumb\" tabindex=\"0\" role=\"button\">\n<div class=\"fotorama__thumb fotorama__loaded fotorama__loaded--img\"><img class=\"fotorama__img\" src=\"http:\/\/ikisahil.az\/photo\/150x100_2\/upload\/gallery\/2021\/02\/18\/-a4fa7175161363898296222556010442508.jpg\" \/><\/div>\n<\/div>\n<div class=\"fotorama__nav__frame fotorama__nav__frame--thumb\" tabindex=\"0\" role=\"button\">\n<div class=\"fotorama__thumb fotorama__loaded fotorama__loaded--img\"><img class=\"fotorama__img\" src=\"http:\/\/ikisahil.az\/photo\/150x100_2\/upload\/gallery\/2021\/02\/18\/-58aaee7a161363898383371781510778412.jpg\" \/><\/div>\n<\/div>\n<div class=\"fotorama__nav__frame fotorama__nav__frame--thumb\" tabindex=\"0\" role=\"button\">\n<div class=\"fotorama__thumb fotorama__loaded fotorama__loaded--img\"><img class=\"fotorama__img\" src=\"http:\/\/ikisahil.az\/photo\/150x100_2\/upload\/gallery\/2021\/02\/18\/-cd6ce2f9161363898620638991510174543.jpg\" \/><\/div>\n<\/div>\n<div class=\"fotorama__nav__frame fotorama__nav__frame--thumb\" tabindex=\"0\" role=\"button\">\n<div class=\"fotorama__thumb fotorama__loaded fotorama__loaded--img\"><img class=\"fotorama__img\" src=\"http:\/\/ikisahil.az\/photo\/150x100_2\/upload\/gallery\/2021\/02\/18\/-35d8f387161363899140157653110899205.jpg\" \/><\/div>\n<\/div>\n<div class=\"fotorama__nav__frame fotorama__nav__frame--thumb\" tabindex=\"0\" role=\"button\">\n<div class=\"fotorama__thumb fotorama__loaded fotorama__loaded--img\"><img class=\"fotorama__img\" src=\"http:\/\/ikisahil.az\/photo\/150x100_2\/upload\/gallery\/2021\/02\/18\/-1319c26b161363899235833970010594174.jpg\" \/><\/div>\n<\/div>\n<div class=\"fotorama__nav__frame fotorama__nav__frame--thumb\" tabindex=\"0\" role=\"button\">\n<div class=\"fotorama__thumb fotorama__loaded fotorama__loaded--img\"><img class=\"fotorama__img\" src=\"http:\/\/ikisahil.az\/photo\/150x100_2\/upload\/gallery\/2021\/02\/18\/-ad5ab367161363899337545152710131566.jpg\" \/><\/div>\n<\/div>\n<div class=\"fotorama__nav__frame fotorama__nav__frame--thumb\" tabindex=\"0\" role=\"button\">\n<div class=\"fotorama__thumb fotorama__loaded fotorama__loaded--img\"><img class=\"fotorama__img\" src=\"http:\/\/ikisahil.az\/photo\/150x100_2\/upload\/gallery\/2021\/02\/18\/-898aef09161363899339658158810518825.jpg\" \/><\/div>\n<\/div>\n<\/div>\n<\/div>\n<\/div>\n<\/div>\n<\/div>\n<div class=\"sharing my-2 row no-gutters d-print-none\">\n<div class=\"col-md-3\"><\/div>\n<\/div>\n","protected":false},"excerpt":{"rendered":"<p>Yeni Az\u0259rbaycan Partiyas\u0131 t\u0259r\u0259find\u0259n n\u0259\u015fr olunan bu kitabda Az\u0259rbaycan\u0131n Prezident, M\u00fcz\u0259ff\u0259r Ali Ba\u015f Komandan \u0130lham \u018fliyevin r\u0259hb\u0259rliyi il\u0259 diplomatiya v\u0259 informasiya c\u0259bh\u0259sind\u0259 q\u0259tiyy\u0259tli m\u00fcbariz\u0259 aparmas\u0131, \u015fanl\u0131 Ordumuzun 44 g\u00fcnl\u00fck V\u0259t\u0259n m\u00fcharib\u0259si zaman\u0131 xilaskarl\u0131q missiyas\u0131n\u0131 \u015f\u0259r\u0259fl\u0259 yerin\u0259 yetirm\u0259si n\u0259tic\u0259sind\u0259 tarixi \u0259dal\u0259tin b\u0259rpa olunmas\u0131 v\u0259 dig\u0259r m\u00fch\u00fcm m\u0259s\u0259l\u0259l\u0259r \u00f6z \u0259ksini tap\u0131b. ARANTV.AZ\u00a0 yap.org.az-a istinad\u0259n\u00a0x\u0259b\u0259r verir ki, Az\u0259rbaycan\u0131n V\u0259t\u0259n m\u00fcharib\u0259si zaman\u0131 m\u00f6ht\u0259\u015f\u0259m q\u0259l\u0259b\u0259 qazanmas\u0131, uzun m\u00fcdd\u0259tdir ki, Erm\u0259nistan\u0131n i\u015f\u011fal\u0131 alt\u0131nda olan torpaqlar\u0131m\u0131z\u0131n azad olunmas\u0131, \u00f6lk\u0259mizin \u0259razi b\u00fct\u00f6vl\u00fcy\u00fcn\u00fcn v\u0259 tarixi \u0259dal\u0259tin b\u0259rpa edilm\u0259si, he\u00e7 \u015f\u00fcbh\u0259siz, xalq\u0131m\u0131z\u0131n \u00e7ox\u0259srlik d\u00f6vl\u0259t\u00e7ilik tarixinin \u0259n \u015f\u0259r\u0259fli s\u0259hif\u0259l\u0259rind\u0259n biridir. Q\u00fcdr\u0259tli&hellip;<\/p>\n","protected":false},"author":2,"featured_media":296307,"comment_status":"closed","ping_status":"closed","sticky":false,"template":"","format":"standard","meta":{"om_disable_all_campaigns":false,"_monsterinsights_skip_tracking":false,"_monsterinsights_sitenote_active":false,"_monsterinsights_sitenote_note":"","_monsterinsights_sitenote_category":0},"categories":[1],"tags":[],"aioseo_notices":[],"gutentor_comment":0,"rttpg_featured_image_url":{"full":["https:\/\/arantv.az\/wp-content\/uploads\/2021\/02\/b8f3ddac161363867555749462510484437.jpg",975,540,false],"landscape":["https:\/\/arantv.az\/wp-content\/uploads\/2021\/02\/b8f3ddac161363867555749462510484437.jpg",975,540,false],"portraits":["https:\/\/arantv.az\/wp-content\/uploads\/2021\/02\/b8f3ddac161363867555749462510484437.jpg",975,540,false],"thumbnail":["https:\/\/arantv.az\/wp-content\/uploads\/2021\/02\/b8f3ddac161363867555749462510484437-150x150.jpg",150,150,true],"medium":["https:\/\/arantv.az\/wp-content\/uploads\/2021\/02\/b8f3ddac161363867555749462510484437-300x166.jpg",300,166,true],"large":["https:\/\/arantv.az\/wp-content\/uploads\/2021\/02\/b8f3ddac161363867555749462510484437.jpg",640,354,false],"1536x1536":["https:\/\/arantv.az\/wp-content\/uploads\/2021\/02\/b8f3ddac161363867555749462510484437.jpg",975,540,false],"2048x2048":["https:\/\/arantv.az\/wp-content\/uploads\/2021\/02\/b8f3ddac161363867555749462510484437.jpg",975,540,false],"post-thumbnail":["https:\/\/arantv.az\/wp-content\/uploads\/2021\/02\/b8f3ddac161363867555749462510484437-240x172.jpg",240,172,true],"advps-thumb-one":["https:\/\/arantv.az\/wp-content\/uploads\/2021\/02\/b8f3ddac161363867555749462510484437.jpg",975,540,false]},"rttpg_author":{"display_name":"V\u00fcsal Rafiqo\u011flu","author_link":"https:\/\/arantv.az\/?author=2"},"rttpg_comment":0,"rttpg_category":"<a href=\"https:\/\/arantv.az\/?cat=1\" rel=\"category\">C\u0259miyy\u0259t<\/a>","rttpg_excerpt":"Yeni Az\u0259rbaycan Partiyas\u0131 t\u0259r\u0259find\u0259n n\u0259\u015fr olunan bu kitabda Az\u0259rbaycan\u0131n Prezident, M\u00fcz\u0259ff\u0259r Ali Ba\u015f Komandan \u0130lham \u018fliyevin r\u0259hb\u0259rliyi il\u0259 diplomatiya v\u0259 informasiya c\u0259bh\u0259sind\u0259 q\u0259tiyy\u0259tli m\u00fcbariz\u0259 aparmas\u0131, \u015fanl\u0131 Ordumuzun 44 g\u00fcnl\u00fck V\u0259t\u0259n m\u00fcharib\u0259si zaman\u0131 xilaskarl\u0131q missiyas\u0131n\u0131 \u015f\u0259r\u0259fl\u0259 yerin\u0259 yetirm\u0259si n\u0259tic\u0259sind\u0259 tarixi \u0259dal\u0259tin b\u0259rpa olunmas\u0131 v\u0259 dig\u0259r m\u00fch\u00fcm m\u0259s\u0259l\u0259l\u0259r \u00f6z \u0259ksini tap\u0131b. ARANTV.AZ\u00a0 yap.org.az-a istinad\u0259n\u00a0x\u0259b\u0259r verir ki, Az\u0259rbaycan\u0131n&hellip;","_links":{"self":[{"href":"https:\/\/arantv.az\/index.php?rest_route=\/wp\/v2\/posts\/296306"}],"collection":[{"href":"https:\/\/arantv.az\/index.php?rest_route=\/wp\/v2\/posts"}],"about":[{"href":"https:\/\/arantv.az\/index.php?rest_route=\/wp\/v2\/types\/post"}],"author":[{"embeddable":true,"href":"https:\/\/arantv.az\/index.php?rest_route=\/wp\/v2\/users\/2"}],"replies":[{"embeddable":true,"href":"https:\/\/arantv.az\/index.php?rest_route=%2Fwp%2Fv2%2Fcomments&post=296306"}],"version-history":[{"count":0,"href":"https:\/\/arantv.az\/index.php?rest_route=\/wp\/v2\/posts\/296306\/revisions"}],"wp:featuredmedia":[{"embeddable":true,"href":"https:\/\/arantv.az\/index.php?rest_route=\/wp\/v2\/media\/296307"}],"wp:attachment":[{"href":"https:\/\/arantv.az\/index.php?rest_route=%2Fwp%2Fv2%2Fmedia&parent=296306"}],"wp:term":[{"taxonomy":"category","embeddable":true,"href":"https:\/\/arantv.az\/index.php?rest_route=%2Fwp%2Fv2%2Fcategories&post=296306"},{"taxonomy":"post_tag","embeddable":true,"href":"https:\/\/arantv.az\/index.php?rest_route=%2Fwp%2Fv2%2Ftags&post=296306"}],"curies":[{"name":"wp","href":"https:\/\/api.w.org\/{rel}","templated":true}]}}