{"id":296310,"date":"2021-02-18T12:15:45","date_gmt":"2021-02-18T09:15:45","guid":{"rendered":"http:\/\/arantv.az\/?p=296310"},"modified":"2021-02-18T12:15:45","modified_gmt":"2021-02-18T09:15:45","slug":"l%c9%99nk%c9%99ran-pomidorlarinin-avropa-olk%c9%99l%c9%99rin%c9%99-t%c9%99daruku-muzakir%c9%99-olunur-ai","status":"publish","type":"post","link":"https:\/\/arantv.az\/?p=296310","title":{"rendered":"L\u0259nk\u0259ran pomidorlar\u0131n\u0131n Avropa \u00f6lk\u0259l\u0259rin\u0259 t\u0259dar\u00fck\u00fc m\u00fczakir\u0259 olunur &#8211; A\u0130"},"content":{"rendered":"<blockquote><p><em><strong>Avropa \u0130ttifaq\u0131n\u0131n &#8220;EU4Lankaran&#8221; layih\u0259si L\u0259nk\u0259randa meyv\u0259 v\u0259 t\u0259r\u0259v\u0259z istehsal\u0131n\u0131n inki\u015faf\u0131na y\u00f6n\u0259lib.<\/strong><\/em><\/p><\/blockquote>\n<p><strong>ARANTV.AZ<\/strong>\u00a0<a href=\"https:\/\/az.trend.az\/\" target=\"_blank\" rel=\"noopener\">Trend<\/a>-\u0259 istinad\u0259n bildirir ki,\u00a0bunu A\u0130-nin Az\u0259rbaycandak\u0131 n\u00fcmay\u0259nd\u0259liyinin r\u0259hb\u0259ri Kestutis Yankauskas deyib.<\/p>\n<p>O bildirib ki, layih\u0259 h\u0259m d\u0259 bu sektorla ba\u011fl\u0131 m\u00fcxt\u0259lif m\u0259s\u0259l\u0259l\u0259ri, x\u00fcsusil\u0259 d\u0259 \u0259traf m\u00fchit, su resurslar\u0131 il\u0259 ba\u011fl\u0131 m\u0259s\u0259l\u0259l\u0259ri t\u0259nziml\u0259yir.<\/p>\n<p>Onun s\u00f6zl\u0259rin\u0259 g\u00f6r\u0259, haz\u0131rda L\u0259nk\u0259ran pomidorlar\u0131n\u0131n Avropa \u00f6lk\u0259l\u0259rin\u0259 t\u0259dar\u00fck\u00fc m\u0259s\u0259l\u0259si m\u00fczakir\u0259 olunur.<\/p>\n","protected":false},"excerpt":{"rendered":"<p>Avropa \u0130ttifaq\u0131n\u0131n &#8220;EU4Lankaran&#8221; layih\u0259si L\u0259nk\u0259randa meyv\u0259 v\u0259 t\u0259r\u0259v\u0259z istehsal\u0131n\u0131n inki\u015faf\u0131na y\u00f6n\u0259lib. ARANTV.AZ\u00a0Trend-\u0259 istinad\u0259n bildirir ki,\u00a0bunu A\u0130-nin Az\u0259rbaycandak\u0131 n\u00fcmay\u0259nd\u0259liyinin r\u0259hb\u0259ri Kestutis Yankauskas deyib. O bildirib ki, layih\u0259 h\u0259m d\u0259 bu sektorla ba\u011fl\u0131 m\u00fcxt\u0259lif m\u0259s\u0259l\u0259l\u0259ri, x\u00fcsusil\u0259 d\u0259 \u0259traf m\u00fchit, su resurslar\u0131 il\u0259 ba\u011fl\u0131 m\u0259s\u0259l\u0259l\u0259ri t\u0259nziml\u0259yir. Onun s\u00f6zl\u0259rin\u0259 g\u00f6r\u0259, haz\u0131rda L\u0259nk\u0259ran pomidorlar\u0131n\u0131n Avropa \u00f6lk\u0259l\u0259rin\u0259 t\u0259dar\u00fck\u00fc m\u0259s\u0259l\u0259si m\u00fczakir\u0259 olunur.<\/p>\n","protected":false},"author":2,"featured_media":296311,"comment_status":"closed","ping_status":"closed","sticky":false,"template":"","format":"standard","meta":{"om_disable_all_campaigns":false,"_monsterinsights_skip_tracking":false,"_monsterinsights_sitenote_active":false,"_monsterinsights_sitenote_note":"","_monsterinsights_sitenote_category":0},"categories":[19],"tags":[],"aioseo_notices":[],"gutentor_comment":0,"rttpg_featured_image_url":{"full":["https:\/\/arantv.az\/wp-content\/uploads\/2021\/02\/923583.jpg",800,600,false],"landscape":["https:\/\/arantv.az\/wp-content\/uploads\/2021\/02\/923583.jpg",800,600,false],"portraits":["https:\/\/arantv.az\/wp-content\/uploads\/2021\/02\/923583.jpg",800,600,false],"thumbnail":["https:\/\/arantv.az\/wp-content\/uploads\/2021\/02\/923583-150x150.jpg",150,150,true],"medium":["https:\/\/arantv.az\/wp-content\/uploads\/2021\/02\/923583-300x225.jpg",300,225,true],"large":["https:\/\/arantv.az\/wp-content\/uploads\/2021\/02\/923583.jpg",640,480,false],"1536x1536":["https:\/\/arantv.az\/wp-content\/uploads\/2021\/02\/923583.jpg",800,600,false],"2048x2048":["https:\/\/arantv.az\/wp-content\/uploads\/2021\/02\/923583.jpg",800,600,false],"post-thumbnail":["https:\/\/arantv.az\/wp-content\/uploads\/2021\/02\/923583-240x172.jpg",240,172,true],"advps-thumb-one":["https:\/\/arantv.az\/wp-content\/uploads\/2021\/02\/923583.jpg",800,600,false]},"rttpg_author":{"display_name":"V\u00fcsal Rafiqo\u011flu","author_link":"https:\/\/arantv.az\/?author=2"},"rttpg_comment":0,"rttpg_category":"<a href=\"https:\/\/arantv.az\/?cat=19\" rel=\"category\">G\u00fcnd\u0259m<\/a>","rttpg_excerpt":"Avropa \u0130ttifaq\u0131n\u0131n &#8220;EU4Lankaran&#8221; layih\u0259si L\u0259nk\u0259randa meyv\u0259 v\u0259 t\u0259r\u0259v\u0259z istehsal\u0131n\u0131n inki\u015faf\u0131na y\u00f6n\u0259lib. ARANTV.AZ\u00a0Trend-\u0259 istinad\u0259n bildirir ki,\u00a0bunu A\u0130-nin Az\u0259rbaycandak\u0131 n\u00fcmay\u0259nd\u0259liyinin r\u0259hb\u0259ri Kestutis Yankauskas deyib. O bildirib ki, layih\u0259 h\u0259m d\u0259 bu sektorla ba\u011fl\u0131 m\u00fcxt\u0259lif m\u0259s\u0259l\u0259l\u0259ri, x\u00fcsusil\u0259 d\u0259 \u0259traf m\u00fchit, su resurslar\u0131 il\u0259 ba\u011fl\u0131 m\u0259s\u0259l\u0259l\u0259ri t\u0259nziml\u0259yir. Onun s\u00f6zl\u0259rin\u0259 g\u00f6r\u0259, haz\u0131rda L\u0259nk\u0259ran pomidorlar\u0131n\u0131n Avropa \u00f6lk\u0259l\u0259rin\u0259 t\u0259dar\u00fck\u00fc m\u0259s\u0259l\u0259si m\u00fczakir\u0259 olunur.","_links":{"self":[{"href":"https:\/\/arantv.az\/index.php?rest_route=\/wp\/v2\/posts\/296310"}],"collection":[{"href":"https:\/\/arantv.az\/index.php?rest_route=\/wp\/v2\/posts"}],"about":[{"href":"https:\/\/arantv.az\/index.php?rest_route=\/wp\/v2\/types\/post"}],"author":[{"embeddable":true,"href":"https:\/\/arantv.az\/index.php?rest_route=\/wp\/v2\/users\/2"}],"replies":[{"embeddable":true,"href":"https:\/\/arantv.az\/index.php?rest_route=%2Fwp%2Fv2%2Fcomments&post=296310"}],"version-history":[{"count":0,"href":"https:\/\/arantv.az\/index.php?rest_route=\/wp\/v2\/posts\/296310\/revisions"}],"wp:featuredmedia":[{"embeddable":true,"href":"https:\/\/arantv.az\/index.php?rest_route=\/wp\/v2\/media\/296311"}],"wp:attachment":[{"href":"https:\/\/arantv.az\/index.php?rest_route=%2Fwp%2Fv2%2Fmedia&parent=296310"}],"wp:term":[{"taxonomy":"category","embeddable":true,"href":"https:\/\/arantv.az\/index.php?rest_route=%2Fwp%2Fv2%2Fcategories&post=296310"},{"taxonomy":"post_tag","embeddable":true,"href":"https:\/\/arantv.az\/index.php?rest_route=%2Fwp%2Fv2%2Ftags&post=296310"}],"curies":[{"name":"wp","href":"https:\/\/api.w.org\/{rel}","templated":true}]}}