{"id":296322,"date":"2021-02-18T12:19:02","date_gmt":"2021-02-18T09:19:02","guid":{"rendered":"http:\/\/arantv.az\/?p=296322"},"modified":"2021-02-18T12:19:02","modified_gmt":"2021-02-18T09:19:02","slug":"qarabag-nec%c9%99-gorun%c9%99c%c9%99k-memar-danisdi-video","status":"publish","type":"post","link":"https:\/\/arantv.az\/?p=296322","title":{"rendered":"Qaraba\u011f nec\u0259 g\u00f6r\u00fcn\u0259c\u0259k? &#8211; Memar dan\u0131\u015fd\u0131 + V\u0130DEO"},"content":{"rendered":"<article class=\"news\">\n<div class=\"news-inner\">\n<p>\u0130\u015f\u011faldan azad olunmu\u015f \u0259razil\u0259rimizd\u0259 art\u0131q quruculuq i\u015fl\u0259rin\u0259 start verilib.<\/p>\n<p>Erm\u0259ni vandalizmi n\u0259tic\u0259sind\u0259 m\u0259d\u0259niyy\u0259t abid\u0259l\u0259rimiz da\u011f\u0131d\u0131l\u0131b, torpaqlar\u0131m\u0131z talan edilib.<\/p>\n<div id=\"AdviadNativeVideo0\" class=\"AdviadNativeVideo\"><\/div>\n<p>Baku TV \u0259m\u0259kdar memar Yegan\u0259 Hac\u0131yevadan m\u00fcsahib\u0259 al\u0131b.<\/p>\n<p>M\u00fcsahib\u0259d\u0259 Y.Hac\u0131yeva i\u015f\u011faldan azad edil\u0259n\u00a0\u0259razil\u0259rd\u0259 apar\u0131lan b\u0259rpa v\u0259 quruculuq i\u015fl\u0259rinin plan\u0131n\u0131n 2017-ci ild\u0259n haz\u0131rlanmas\u0131ndan dan\u0131\u015f\u0131b. S\u00fcjetd\u0259 Qaraba\u011f\u0131n g\u0259l\u0259c\u0259k g\u00f6r\u00fcnt\u00fcs\u00fcn\u00fcn eskizi g\u00f6st\u0259rilib.<\/p>\n<p>\u018ftrafl\u0131 m\u00fcsahib\u0259ni t\u0259qdim edirik:<\/p>\n<div><iframe loading=\"lazy\" src=\"https:\/\/www.youtube.com\/embed\/sVFUvVZCLk0\" width=\"560\" height=\"315\" frameborder=\"0\" allowfullscreen=\"allowfullscreen\" data-mce-fragment=\"1\"><\/iframe><\/div>\n<\/div>\n<\/article>\n<h2 class=\"news-share-title\"><\/h2>\n","protected":false},"excerpt":{"rendered":"<p>\u0130\u015f\u011faldan azad olunmu\u015f \u0259razil\u0259rimizd\u0259 art\u0131q quruculuq i\u015fl\u0259rin\u0259 start verilib. Erm\u0259ni vandalizmi n\u0259tic\u0259sind\u0259 m\u0259d\u0259niyy\u0259t abid\u0259l\u0259rimiz da\u011f\u0131d\u0131l\u0131b, torpaqlar\u0131m\u0131z talan edilib. Baku TV \u0259m\u0259kdar memar Yegan\u0259 Hac\u0131yevadan m\u00fcsahib\u0259 al\u0131b. M\u00fcsahib\u0259d\u0259 Y.Hac\u0131yeva i\u015f\u011faldan azad edil\u0259n\u00a0\u0259razil\u0259rd\u0259 apar\u0131lan b\u0259rpa v\u0259 quruculuq i\u015fl\u0259rinin plan\u0131n\u0131n 2017-ci ild\u0259n haz\u0131rlanmas\u0131ndan dan\u0131\u015f\u0131b. S\u00fcjetd\u0259 Qaraba\u011f\u0131n g\u0259l\u0259c\u0259k g\u00f6r\u00fcnt\u00fcs\u00fcn\u00fcn eskizi g\u00f6st\u0259rilib. \u018ftrafl\u0131 m\u00fcsahib\u0259ni t\u0259qdim edirik:<\/p>\n","protected":false},"author":2,"featured_media":296323,"comment_status":"closed","ping_status":"closed","sticky":false,"template":"","format":"standard","meta":{"om_disable_all_campaigns":false,"_monsterinsights_skip_tracking":false,"_monsterinsights_sitenote_active":false,"_monsterinsights_sitenote_note":"","_monsterinsights_sitenote_category":0},"categories":[26],"tags":[],"aioseo_notices":[],"gutentor_comment":0,"rttpg_featured_image_url":{"full":["https:\/\/arantv.az\/wp-content\/uploads\/2021\/02\/eskiz.jpg",620,325,false],"landscape":["https:\/\/arantv.az\/wp-content\/uploads\/2021\/02\/eskiz.jpg",620,325,false],"portraits":["https:\/\/arantv.az\/wp-content\/uploads\/2021\/02\/eskiz.jpg",620,325,false],"thumbnail":["https:\/\/arantv.az\/wp-content\/uploads\/2021\/02\/eskiz-150x150.jpg",150,150,true],"medium":["https:\/\/arantv.az\/wp-content\/uploads\/2021\/02\/eskiz-300x157.jpg",300,157,true],"large":["https:\/\/arantv.az\/wp-content\/uploads\/2021\/02\/eskiz.jpg",620,325,false],"1536x1536":["https:\/\/arantv.az\/wp-content\/uploads\/2021\/02\/eskiz.jpg",620,325,false],"2048x2048":["https:\/\/arantv.az\/wp-content\/uploads\/2021\/02\/eskiz.jpg",620,325,false],"post-thumbnail":["https:\/\/arantv.az\/wp-content\/uploads\/2021\/02\/eskiz-240x172.jpg",240,172,true],"advps-thumb-one":["https:\/\/arantv.az\/wp-content\/uploads\/2021\/02\/eskiz.jpg",620,325,false]},"rttpg_author":{"display_name":"V\u00fcsal Rafiqo\u011flu","author_link":"https:\/\/arantv.az\/?author=2"},"rttpg_comment":0,"rttpg_category":"<a href=\"https:\/\/arantv.az\/?cat=26\" rel=\"category\">Sosial<\/a>","rttpg_excerpt":"\u0130\u015f\u011faldan azad olunmu\u015f \u0259razil\u0259rimizd\u0259 art\u0131q quruculuq i\u015fl\u0259rin\u0259 start verilib. Erm\u0259ni vandalizmi n\u0259tic\u0259sind\u0259 m\u0259d\u0259niyy\u0259t abid\u0259l\u0259rimiz da\u011f\u0131d\u0131l\u0131b, torpaqlar\u0131m\u0131z talan edilib. Baku TV \u0259m\u0259kdar memar Yegan\u0259 Hac\u0131yevadan m\u00fcsahib\u0259 al\u0131b. M\u00fcsahib\u0259d\u0259 Y.Hac\u0131yeva i\u015f\u011faldan azad edil\u0259n\u00a0\u0259razil\u0259rd\u0259 apar\u0131lan b\u0259rpa v\u0259 quruculuq i\u015fl\u0259rinin plan\u0131n\u0131n 2017-ci ild\u0259n haz\u0131rlanmas\u0131ndan dan\u0131\u015f\u0131b. S\u00fcjetd\u0259 Qaraba\u011f\u0131n g\u0259l\u0259c\u0259k g\u00f6r\u00fcnt\u00fcs\u00fcn\u00fcn eskizi g\u00f6st\u0259rilib. \u018ftrafl\u0131 m\u00fcsahib\u0259ni t\u0259qdim edirik:","_links":{"self":[{"href":"https:\/\/arantv.az\/index.php?rest_route=\/wp\/v2\/posts\/296322"}],"collection":[{"href":"https:\/\/arantv.az\/index.php?rest_route=\/wp\/v2\/posts"}],"about":[{"href":"https:\/\/arantv.az\/index.php?rest_route=\/wp\/v2\/types\/post"}],"author":[{"embeddable":true,"href":"https:\/\/arantv.az\/index.php?rest_route=\/wp\/v2\/users\/2"}],"replies":[{"embeddable":true,"href":"https:\/\/arantv.az\/index.php?rest_route=%2Fwp%2Fv2%2Fcomments&post=296322"}],"version-history":[{"count":0,"href":"https:\/\/arantv.az\/index.php?rest_route=\/wp\/v2\/posts\/296322\/revisions"}],"wp:featuredmedia":[{"embeddable":true,"href":"https:\/\/arantv.az\/index.php?rest_route=\/wp\/v2\/media\/296323"}],"wp:attachment":[{"href":"https:\/\/arantv.az\/index.php?rest_route=%2Fwp%2Fv2%2Fmedia&parent=296322"}],"wp:term":[{"taxonomy":"category","embeddable":true,"href":"https:\/\/arantv.az\/index.php?rest_route=%2Fwp%2Fv2%2Fcategories&post=296322"},{"taxonomy":"post_tag","embeddable":true,"href":"https:\/\/arantv.az\/index.php?rest_route=%2Fwp%2Fv2%2Ftags&post=296322"}],"curies":[{"name":"wp","href":"https:\/\/api.w.org\/{rel}","templated":true}]}}