{"id":296342,"date":"2021-02-18T12:42:13","date_gmt":"2021-02-18T09:42:13","guid":{"rendered":"http:\/\/arantv.az\/?p=296342"},"modified":"2021-02-18T12:42:13","modified_gmt":"2021-02-18T09:42:13","slug":"xirdalanda-zibilpulu-artirilib","status":"publish","type":"post","link":"https:\/\/arantv.az\/?p=296342","title":{"rendered":"X\u0131rdalanda \u201czibilpulu\u201d art\u0131r\u0131l\u0131b?"},"content":{"rendered":"<p><strong>Ab\u015feron rayonu X\u0131rdalan \u015f\u0259h\u0259rind\u0259 m\u0259i\u015f\u0259t tullant\u0131lar\u0131n\u0131n y\u0131\u011f\u0131lmas\u0131 v\u0259 da\u015f\u0131nmas\u0131 \u00fc\u00e7\u00fcn \u0259halid\u0259n al\u0131nan tarifl\u0259rin art\u0131r\u0131ld\u0131\u011f\u0131 bildirilir.<\/strong><\/p>\n<p><strong>ARANTV.AZ<\/strong> qafqazinfo-ya istinad\u0259n x\u0259b\u0259r verir ki,\u00a0bu bar\u0259d\u0259 iqtisad\u00e7\u0131 ekspert Samir \u018fliyev sosial \u015f\u0259b\u0259k\u0259d\u0259 yaz\u0131b. O qeyd edib ki, art\u0131q \u015f\u0259h\u0259rd\u0259 adamba\u015f\u0131na t\u0259l\u0259b edil\u0259n &#8220;zibilpulu&#8221; ayl\u0131q 50 q\u0259pikdir: &#8220;Halbuki Tarif \u015euras\u0131n\u0131n 24 noyabr 2011-ci il tarixli 5 n\u00f6mr\u0259li Q\u0259rar\u0131na \u0259sas\u0259n, adamba\u015f\u0131na ayl\u0131q 30 q\u0259pik olmal\u0131d\u0131r. X\u0131rdalanda h\u0259r sakind\u0259n 20 q\u0259pik art\u0131q pul y\u0131\u011f\u0131l\u0131r. Y\u0131\u011f\u0131m i\u015fini &#8220;JEK&#8221;l\u0259r h\u0259yata ke\u00e7irir. Onlar\u0131n statusu is\u0259 Az\u0259rbaycan qanunvericiliyi il\u0259 t\u0259nziml\u0259nmir&#8221;.<\/p>\n<p><strong>Ekspert vur\u011fulay\u0131b ki, \u015f\u0259h\u0259rd\u0259 ya\u015fayan \u0259halinin say\u0131 bar\u0259d\u0259 d\u0259qiq m\u0259lumat yoxdur:\u00a0<\/strong>&#8220;Ab\u015feron R\u0130H m\u0259lumat\u0131na g\u00f6r\u0259, rayonda \u00fcmumilikd\u0259 r\u0259smi olaraq 200 mind\u0259n, reall\u0131qda is\u0259 350 mind\u0259n \u00e7ox \u0259hali ya\u015fay\u0131r. Adamba\u015f\u0131 20 q\u0259pik art\u0131q y\u0131\u011f\u0131m ayda \u0259n az\u0131 40 min manat edir. Bu v\u0259sait hara gedir v\u0259 nec\u0259 r\u0259smil\u0259\u015fdirilir? X\u0131rdalan camaat\u0131na m\u00fcraci\u0259t ed\u0259r\u0259k bildirm\u0259k ist\u0259yir\u0259m ki, &#8220;zibil\u0259&#8221; g\u00f6r\u0259 adamba\u015f\u0131 30 q\u0259pikd\u0259n art\u0131q pul verm\u0259yin&#8221;.<\/p>\n<p><strong>Qafqazinfo\u00a0m\u0259s\u0259l\u0259yl\u0259 ba\u011fl\u0131 Ab\u015feron Rayon \u0130cra Hakimiyy\u0259tinin m\u0259tbuat xidm\u0259tinin r\u0259hb\u0259ri Seymur Qas\u0131mb\u0259yli il\u0259 \u0259laq\u0259 saxlay\u0131b.<\/strong>\u00a0O bildirib ki, m\u0259i\u015f\u0259t tullant\u0131lar\u0131n\u0131n y\u0131\u011f\u0131lmas\u0131 v\u0259 da\u015f\u0131nmas\u0131 tarifl\u0259rinin art\u0131r\u0131lmas\u0131yla ba\u011fl\u0131 m\u0259lumat h\u0259qiq\u0259ti \u0259ks etdirmir: &#8220;Bilirsiniz ki, bununla ba\u011fl\u0131 tarifl\u0259ri biz yox, Tarif \u015euras\u0131 m\u00fc\u0259yy\u0259n edir. Ona g\u00f6r\u0259 d\u0259 Tarif \u015euras\u0131n\u0131n q\u0259rar\u0131na \u0259sas\u0259n, qiym\u0259t 30 q\u0259pik olaraq qal\u0131r. He\u00e7 bir art\u0131m yoxdur&#8221;.<\/p>\n<div>\n<div id=\"AdviadNativeVideo0\" class=\"AdviadNativeVideo\"><\/div>\n<\/div>\n<p>Qeyd ed\u0259k ki, Tarif \u015euras\u0131n\u0131n q\u0259rar\u0131na \u0259sas\u0259n \u0259hali qruplar\u0131 \u00fczr\u0259 b\u0259rk m\u0259i\u015f\u0259t tullant\u0131lar\u0131n\u0131n y\u0131\u011f\u0131lmas\u0131 v\u0259 da\u015f\u0131nmas\u0131 tarifl\u0259ri adamba\u015f\u0131na 30 q\u0259pik t\u0259\u015fkil edir.<\/p>\n","protected":false},"excerpt":{"rendered":"<p>Ab\u015feron rayonu X\u0131rdalan \u015f\u0259h\u0259rind\u0259 m\u0259i\u015f\u0259t tullant\u0131lar\u0131n\u0131n y\u0131\u011f\u0131lmas\u0131 v\u0259 da\u015f\u0131nmas\u0131 \u00fc\u00e7\u00fcn \u0259halid\u0259n al\u0131nan tarifl\u0259rin art\u0131r\u0131ld\u0131\u011f\u0131 bildirilir. ARANTV.AZ qafqazinfo-ya istinad\u0259n x\u0259b\u0259r verir ki,\u00a0bu bar\u0259d\u0259 iqtisad\u00e7\u0131 ekspert Samir \u018fliyev sosial \u015f\u0259b\u0259k\u0259d\u0259 yaz\u0131b. O qeyd edib ki, art\u0131q \u015f\u0259h\u0259rd\u0259 adamba\u015f\u0131na t\u0259l\u0259b edil\u0259n &#8220;zibilpulu&#8221; ayl\u0131q 50 q\u0259pikdir: &#8220;Halbuki Tarif \u015euras\u0131n\u0131n 24 noyabr 2011-ci il tarixli 5 n\u00f6mr\u0259li Q\u0259rar\u0131na \u0259sas\u0259n, adamba\u015f\u0131na ayl\u0131q 30 q\u0259pik olmal\u0131d\u0131r. X\u0131rdalanda h\u0259r sakind\u0259n 20 q\u0259pik art\u0131q pul y\u0131\u011f\u0131l\u0131r. Y\u0131\u011f\u0131m i\u015fini &#8220;JEK&#8221;l\u0259r h\u0259yata ke\u00e7irir. Onlar\u0131n statusu is\u0259 Az\u0259rbaycan qanunvericiliyi il\u0259 t\u0259nziml\u0259nmir&#8221;. Ekspert vur\u011fulay\u0131b ki, \u015f\u0259h\u0259rd\u0259 ya\u015fayan \u0259halinin say\u0131 bar\u0259d\u0259 d\u0259qiq m\u0259lumat yoxdur:\u00a0&#8220;Ab\u015feron&hellip;<\/p>\n","protected":false},"author":2,"featured_media":296343,"comment_status":"closed","ping_status":"closed","sticky":false,"template":"","format":"standard","meta":{"om_disable_all_campaigns":false,"_monsterinsights_skip_tracking":false,"_monsterinsights_sitenote_active":false,"_monsterinsights_sitenote_note":"","_monsterinsights_sitenote_category":0},"categories":[26],"tags":[],"aioseo_notices":[],"gutentor_comment":0,"rttpg_featured_image_url":{"full":["https:\/\/arantv.az\/wp-content\/uploads\/2021\/02\/923596.jpg",800,600,false],"landscape":["https:\/\/arantv.az\/wp-content\/uploads\/2021\/02\/923596.jpg",800,600,false],"portraits":["https:\/\/arantv.az\/wp-content\/uploads\/2021\/02\/923596.jpg",800,600,false],"thumbnail":["https:\/\/arantv.az\/wp-content\/uploads\/2021\/02\/923596-150x150.jpg",150,150,true],"medium":["https:\/\/arantv.az\/wp-content\/uploads\/2021\/02\/923596-300x225.jpg",300,225,true],"large":["https:\/\/arantv.az\/wp-content\/uploads\/2021\/02\/923596.jpg",640,480,false],"1536x1536":["https:\/\/arantv.az\/wp-content\/uploads\/2021\/02\/923596.jpg",800,600,false],"2048x2048":["https:\/\/arantv.az\/wp-content\/uploads\/2021\/02\/923596.jpg",800,600,false],"post-thumbnail":["https:\/\/arantv.az\/wp-content\/uploads\/2021\/02\/923596-240x172.jpg",240,172,true],"advps-thumb-one":["https:\/\/arantv.az\/wp-content\/uploads\/2021\/02\/923596.jpg",800,600,false]},"rttpg_author":{"display_name":"V\u00fcsal Rafiqo\u011flu","author_link":"https:\/\/arantv.az\/?author=2"},"rttpg_comment":0,"rttpg_category":"<a href=\"https:\/\/arantv.az\/?cat=26\" rel=\"category\">Sosial<\/a>","rttpg_excerpt":"Ab\u015feron rayonu X\u0131rdalan \u015f\u0259h\u0259rind\u0259 m\u0259i\u015f\u0259t tullant\u0131lar\u0131n\u0131n y\u0131\u011f\u0131lmas\u0131 v\u0259 da\u015f\u0131nmas\u0131 \u00fc\u00e7\u00fcn \u0259halid\u0259n al\u0131nan tarifl\u0259rin art\u0131r\u0131ld\u0131\u011f\u0131 bildirilir. ARANTV.AZ qafqazinfo-ya istinad\u0259n x\u0259b\u0259r verir ki,\u00a0bu bar\u0259d\u0259 iqtisad\u00e7\u0131 ekspert Samir \u018fliyev sosial \u015f\u0259b\u0259k\u0259d\u0259 yaz\u0131b. O qeyd edib ki, art\u0131q \u015f\u0259h\u0259rd\u0259 adamba\u015f\u0131na t\u0259l\u0259b edil\u0259n &#8220;zibilpulu&#8221; ayl\u0131q 50 q\u0259pikdir: &#8220;Halbuki Tarif \u015euras\u0131n\u0131n 24 noyabr 2011-ci il tarixli 5 n\u00f6mr\u0259li Q\u0259rar\u0131na \u0259sas\u0259n, adamba\u015f\u0131na&hellip;","_links":{"self":[{"href":"https:\/\/arantv.az\/index.php?rest_route=\/wp\/v2\/posts\/296342"}],"collection":[{"href":"https:\/\/arantv.az\/index.php?rest_route=\/wp\/v2\/posts"}],"about":[{"href":"https:\/\/arantv.az\/index.php?rest_route=\/wp\/v2\/types\/post"}],"author":[{"embeddable":true,"href":"https:\/\/arantv.az\/index.php?rest_route=\/wp\/v2\/users\/2"}],"replies":[{"embeddable":true,"href":"https:\/\/arantv.az\/index.php?rest_route=%2Fwp%2Fv2%2Fcomments&post=296342"}],"version-history":[{"count":0,"href":"https:\/\/arantv.az\/index.php?rest_route=\/wp\/v2\/posts\/296342\/revisions"}],"wp:featuredmedia":[{"embeddable":true,"href":"https:\/\/arantv.az\/index.php?rest_route=\/wp\/v2\/media\/296343"}],"wp:attachment":[{"href":"https:\/\/arantv.az\/index.php?rest_route=%2Fwp%2Fv2%2Fmedia&parent=296342"}],"wp:term":[{"taxonomy":"category","embeddable":true,"href":"https:\/\/arantv.az\/index.php?rest_route=%2Fwp%2Fv2%2Fcategories&post=296342"},{"taxonomy":"post_tag","embeddable":true,"href":"https:\/\/arantv.az\/index.php?rest_route=%2Fwp%2Fv2%2Ftags&post=296342"}],"curies":[{"name":"wp","href":"https:\/\/api.w.org\/{rel}","templated":true}]}}