{"id":296346,"date":"2021-02-18T12:43:00","date_gmt":"2021-02-18T09:43:00","guid":{"rendered":"http:\/\/arantv.az\/?p=296346"},"modified":"2021-02-18T12:43:00","modified_gmt":"2021-02-18T09:43:00","slug":"ai-v%c9%99-az%c9%99rbaycan-novb%c9%99ti-ill%c9%99r-ucun-%c9%99m%c9%99kdasliq-sah%c9%99l%c9%99rini-muzakir%c9%99-ed%c9%99c%c9%99k","status":"publish","type":"post","link":"https:\/\/arantv.az\/?p=296346","title":{"rendered":"A\u0130 v\u0259 Az\u0259rbaycan n\u00f6vb\u0259ti ill\u0259r \u00fc\u00e7\u00fcn \u0259m\u0259kda\u015fl\u0131q sah\u0259l\u0259rini m\u00fczakir\u0259 ed\u0259c\u0259k"},"content":{"rendered":"<blockquote><p><em><strong>Avropa \u0130ttifaq\u0131 (A\u0130) il\u0259 Az\u0259rbaycan aras\u0131nda yax\u0131n ill\u0259r \u00fc\u00e7\u00fcn \u0259m\u0259kda\u015fl\u0131q sah\u0259l\u0259ri il\u0259 ba\u011fl\u0131 m\u00fczakir\u0259l\u0259r ke\u00e7iril\u0259c\u0259k.<\/strong><\/em><\/p><\/blockquote>\n<p><strong>ARANTV.AZ<\/strong>\u00a0\u00a0<a href=\"https:\/\/az.trend.az\/\" target=\"_blank\" rel=\"noopener\">Trend<\/a>-\u0259 istinad\u0259n bildirir ki,\u00a0bunu A\u0130-nin Az\u0259rbaycandak\u0131 n\u00fcmay\u0259nd\u0259liyinin r\u0259hb\u0259ri Kestutis Yankauskas deyib.<\/p>\n<p>O bildirib ki, m\u00fczakir\u0259l\u0259r g\u0259l\u0259n h\u0259ft\u0259 ba\u015flayacaq:<\/p>\n<p>&#8220;A\u0130 Az\u0259rbaycanla n\u00f6vb\u0259ti yeddi il \u00fc\u00e7\u00fcn \u0259m\u0259kda\u015fl\u0131\u011f\u0131n prioritet istiqam\u0259tl\u0259ri \u00fczr\u0259 m\u00fczakir\u0259l\u0259r aparacaq&#8221;.<\/p>\n","protected":false},"excerpt":{"rendered":"<p>Avropa \u0130ttifaq\u0131 (A\u0130) il\u0259 Az\u0259rbaycan aras\u0131nda yax\u0131n ill\u0259r \u00fc\u00e7\u00fcn \u0259m\u0259kda\u015fl\u0131q sah\u0259l\u0259ri il\u0259 ba\u011fl\u0131 m\u00fczakir\u0259l\u0259r ke\u00e7iril\u0259c\u0259k. ARANTV.AZ\u00a0\u00a0Trend-\u0259 istinad\u0259n bildirir ki,\u00a0bunu A\u0130-nin Az\u0259rbaycandak\u0131 n\u00fcmay\u0259nd\u0259liyinin r\u0259hb\u0259ri Kestutis Yankauskas deyib. O bildirib ki, m\u00fczakir\u0259l\u0259r g\u0259l\u0259n h\u0259ft\u0259 ba\u015flayacaq: &#8220;A\u0130 Az\u0259rbaycanla n\u00f6vb\u0259ti yeddi il \u00fc\u00e7\u00fcn \u0259m\u0259kda\u015fl\u0131\u011f\u0131n prioritet istiqam\u0259tl\u0259ri \u00fczr\u0259 m\u00fczakir\u0259l\u0259r aparacaq&#8221;.<\/p>\n","protected":false},"author":2,"featured_media":296347,"comment_status":"closed","ping_status":"closed","sticky":false,"template":"","format":"standard","meta":{"om_disable_all_campaigns":false,"_monsterinsights_skip_tracking":false,"_monsterinsights_sitenote_active":false,"_monsterinsights_sitenote_note":"","_monsterinsights_sitenote_category":0},"categories":[19],"tags":[],"aioseo_notices":[],"gutentor_comment":0,"rttpg_featured_image_url":{"full":["https:\/\/arantv.az\/wp-content\/uploads\/2021\/02\/el_gorusmesi_0258.jpg",800,600,false],"landscape":["https:\/\/arantv.az\/wp-content\/uploads\/2021\/02\/el_gorusmesi_0258.jpg",800,600,false],"portraits":["https:\/\/arantv.az\/wp-content\/uploads\/2021\/02\/el_gorusmesi_0258.jpg",800,600,false],"thumbnail":["https:\/\/arantv.az\/wp-content\/uploads\/2021\/02\/el_gorusmesi_0258-150x150.jpg",150,150,true],"medium":["https:\/\/arantv.az\/wp-content\/uploads\/2021\/02\/el_gorusmesi_0258-300x225.jpg",300,225,true],"large":["https:\/\/arantv.az\/wp-content\/uploads\/2021\/02\/el_gorusmesi_0258.jpg",640,480,false],"1536x1536":["https:\/\/arantv.az\/wp-content\/uploads\/2021\/02\/el_gorusmesi_0258.jpg",800,600,false],"2048x2048":["https:\/\/arantv.az\/wp-content\/uploads\/2021\/02\/el_gorusmesi_0258.jpg",800,600,false],"post-thumbnail":["https:\/\/arantv.az\/wp-content\/uploads\/2021\/02\/el_gorusmesi_0258-240x172.jpg",240,172,true],"advps-thumb-one":["https:\/\/arantv.az\/wp-content\/uploads\/2021\/02\/el_gorusmesi_0258.jpg",800,600,false]},"rttpg_author":{"display_name":"V\u00fcsal Rafiqo\u011flu","author_link":"https:\/\/arantv.az\/?author=2"},"rttpg_comment":0,"rttpg_category":"<a href=\"https:\/\/arantv.az\/?cat=19\" rel=\"category\">G\u00fcnd\u0259m<\/a>","rttpg_excerpt":"Avropa \u0130ttifaq\u0131 (A\u0130) il\u0259 Az\u0259rbaycan aras\u0131nda yax\u0131n ill\u0259r \u00fc\u00e7\u00fcn \u0259m\u0259kda\u015fl\u0131q sah\u0259l\u0259ri il\u0259 ba\u011fl\u0131 m\u00fczakir\u0259l\u0259r ke\u00e7iril\u0259c\u0259k. ARANTV.AZ\u00a0\u00a0Trend-\u0259 istinad\u0259n bildirir ki,\u00a0bunu A\u0130-nin Az\u0259rbaycandak\u0131 n\u00fcmay\u0259nd\u0259liyinin r\u0259hb\u0259ri Kestutis Yankauskas deyib. O bildirib ki, m\u00fczakir\u0259l\u0259r g\u0259l\u0259n h\u0259ft\u0259 ba\u015flayacaq: &#8220;A\u0130 Az\u0259rbaycanla n\u00f6vb\u0259ti yeddi il \u00fc\u00e7\u00fcn \u0259m\u0259kda\u015fl\u0131\u011f\u0131n prioritet istiqam\u0259tl\u0259ri \u00fczr\u0259 m\u00fczakir\u0259l\u0259r aparacaq&#8221;.","_links":{"self":[{"href":"https:\/\/arantv.az\/index.php?rest_route=\/wp\/v2\/posts\/296346"}],"collection":[{"href":"https:\/\/arantv.az\/index.php?rest_route=\/wp\/v2\/posts"}],"about":[{"href":"https:\/\/arantv.az\/index.php?rest_route=\/wp\/v2\/types\/post"}],"author":[{"embeddable":true,"href":"https:\/\/arantv.az\/index.php?rest_route=\/wp\/v2\/users\/2"}],"replies":[{"embeddable":true,"href":"https:\/\/arantv.az\/index.php?rest_route=%2Fwp%2Fv2%2Fcomments&post=296346"}],"version-history":[{"count":0,"href":"https:\/\/arantv.az\/index.php?rest_route=\/wp\/v2\/posts\/296346\/revisions"}],"wp:featuredmedia":[{"embeddable":true,"href":"https:\/\/arantv.az\/index.php?rest_route=\/wp\/v2\/media\/296347"}],"wp:attachment":[{"href":"https:\/\/arantv.az\/index.php?rest_route=%2Fwp%2Fv2%2Fmedia&parent=296346"}],"wp:term":[{"taxonomy":"category","embeddable":true,"href":"https:\/\/arantv.az\/index.php?rest_route=%2Fwp%2Fv2%2Fcategories&post=296346"},{"taxonomy":"post_tag","embeddable":true,"href":"https:\/\/arantv.az\/index.php?rest_route=%2Fwp%2Fv2%2Ftags&post=296346"}],"curies":[{"name":"wp","href":"https:\/\/api.w.org\/{rel}","templated":true}]}}