{"id":296357,"date":"2021-02-18T12:53:06","date_gmt":"2021-02-18T09:53:06","guid":{"rendered":"http:\/\/arantv.az\/?p=296357"},"modified":"2021-02-18T12:53:06","modified_gmt":"2021-02-18T09:53:06","slug":"%c9%99bulf%c9%99s-qarayev-olk%c9%99d%c9%99n-cixisina-qadaga-qoyulmasi-il%c9%99-bagli-iddialara-cavab-verdi","status":"publish","type":"post","link":"https:\/\/arantv.az\/?p=296357","title":{"rendered":"\u018fb\u00fclf\u0259s Qarayev \u00f6lk\u0259d\u0259n \u00e7\u0131x\u0131\u015f\u0131na qada\u011fa qoyulmas\u0131 il\u0259 ba\u011fl\u0131 iddialara CAVAB VERD\u0130"},"content":{"rendered":"<p>Sabiq m\u0259d\u0259niyy\u0259t naziri \u018fb\u00fclf\u0259s Qarayevin \u00f6lk\u0259d\u0259n \u00e7\u0131x\u0131\u015f\u0131na qada\u011fa qoyulmas\u0131 il\u0259 ba\u011fl\u0131 m\u0259lumat yay\u0131l\u0131b.<\/p>\n<div id=\"AdviadNativeVideo0\" class=\"AdviadNativeVideo\"><\/div>\n<p>M\u0259s\u0259l\u0259 il\u0259 ba\u011fl\u0131 Unikal.org-a a\u00e7\u0131qlama ver\u0259n \u018f.Qarayev yay\u0131lan x\u0259b\u0259rl\u0259rin h\u0259qiq\u0259ti \u0259ks etdirm\u0259diyini bildirib:<\/p>\n<p>\u201cM\u0259nim harasa getm\u0259k niyy\u0259tim yoxdur. Oturmu\u015fam evd\u0259, elmi i\u015fl\u0259rl\u0259 m\u0259\u015f\u011fulam. \u00d6lk\u0259d\u0259n \u00e7\u0131xma\u011f\u0131ma he\u00e7 bir m\u0259hdudiyy\u0259t qoyulmay\u0131b. Biz h\u00fcquqi d\u00f6vl\u0259td\u0259 ya\u015fay\u0131r\u0131q. H\u0259r hans\u0131 bir m\u0259hk\u0259m\u0259 q\u0259rar\u0131 olarsa, m\u0259n\u0259 c\u0259rim\u0259 yaz\u0131larsa, ondan sonra m\u0259suliyy\u0259t da\u015f\u0131yacam. M\u0259n 26 il nazir i\u015fl\u0259yib, d\u00f6vl\u0259t \u00fc\u00e7\u00fcn \u00e7al\u0131\u015fm\u0131\u015fam. Prezidentin, xalq\u0131n yolunda \u00e7al\u0131\u015fm\u0131\u015fam. Bu d\u00f6vrd\u0259 n\u0259 ed\u0259 bilmi\u015f\u0259ms\u0259 etmi\u015f\u0259m. N\u0259 ed\u0259 bilm\u0259mi\u015f\u0259m, harda da s\u0259hvl\u0259rim olubsa, g\u00fcnah\u0131n\u0131 da\u015f\u0131y\u0131ram\u201d.<\/p>\n","protected":false},"excerpt":{"rendered":"<p>Sabiq m\u0259d\u0259niyy\u0259t naziri \u018fb\u00fclf\u0259s Qarayevin \u00f6lk\u0259d\u0259n \u00e7\u0131x\u0131\u015f\u0131na qada\u011fa qoyulmas\u0131 il\u0259 ba\u011fl\u0131 m\u0259lumat yay\u0131l\u0131b. M\u0259s\u0259l\u0259 il\u0259 ba\u011fl\u0131 Unikal.org-a a\u00e7\u0131qlama ver\u0259n \u018f.Qarayev yay\u0131lan x\u0259b\u0259rl\u0259rin h\u0259qiq\u0259ti \u0259ks etdirm\u0259diyini bildirib: \u201cM\u0259nim harasa getm\u0259k niyy\u0259tim yoxdur. Oturmu\u015fam evd\u0259, elmi i\u015fl\u0259rl\u0259 m\u0259\u015f\u011fulam. \u00d6lk\u0259d\u0259n \u00e7\u0131xma\u011f\u0131ma he\u00e7 bir m\u0259hdudiyy\u0259t qoyulmay\u0131b. Biz h\u00fcquqi d\u00f6vl\u0259td\u0259 ya\u015fay\u0131r\u0131q. H\u0259r hans\u0131 bir m\u0259hk\u0259m\u0259 q\u0259rar\u0131 olarsa, m\u0259n\u0259 c\u0259rim\u0259 yaz\u0131larsa, ondan sonra m\u0259suliyy\u0259t da\u015f\u0131yacam. M\u0259n 26 il nazir i\u015fl\u0259yib, d\u00f6vl\u0259t \u00fc\u00e7\u00fcn \u00e7al\u0131\u015fm\u0131\u015fam. Prezidentin, xalq\u0131n yolunda \u00e7al\u0131\u015fm\u0131\u015fam. Bu d\u00f6vrd\u0259 n\u0259 ed\u0259 bilmi\u015f\u0259ms\u0259 etmi\u015f\u0259m. N\u0259 ed\u0259 bilm\u0259mi\u015f\u0259m, harda da s\u0259hvl\u0259rim olubsa, g\u00fcnah\u0131n\u0131 da\u015f\u0131y\u0131ram\u201d.<\/p>\n","protected":false},"author":2,"featured_media":296358,"comment_status":"closed","ping_status":"closed","sticky":false,"template":"","format":"standard","meta":{"om_disable_all_campaigns":false,"_monsterinsights_skip_tracking":false,"_monsterinsights_sitenote_active":false,"_monsterinsights_sitenote_note":"","_monsterinsights_sitenote_category":0},"categories":[26],"tags":[],"aioseo_notices":[],"gutentor_comment":0,"rttpg_featured_image_url":{"full":["https:\/\/arantv.az\/wp-content\/uploads\/2021\/02\/4831043.jpg",620,415,false],"landscape":["https:\/\/arantv.az\/wp-content\/uploads\/2021\/02\/4831043.jpg",620,415,false],"portraits":["https:\/\/arantv.az\/wp-content\/uploads\/2021\/02\/4831043.jpg",620,415,false],"thumbnail":["https:\/\/arantv.az\/wp-content\/uploads\/2021\/02\/4831043-150x150.jpg",150,150,true],"medium":["https:\/\/arantv.az\/wp-content\/uploads\/2021\/02\/4831043-300x201.jpg",300,201,true],"large":["https:\/\/arantv.az\/wp-content\/uploads\/2021\/02\/4831043.jpg",620,415,false],"1536x1536":["https:\/\/arantv.az\/wp-content\/uploads\/2021\/02\/4831043.jpg",620,415,false],"2048x2048":["https:\/\/arantv.az\/wp-content\/uploads\/2021\/02\/4831043.jpg",620,415,false],"post-thumbnail":["https:\/\/arantv.az\/wp-content\/uploads\/2021\/02\/4831043-240x172.jpg",240,172,true],"advps-thumb-one":["https:\/\/arantv.az\/wp-content\/uploads\/2021\/02\/4831043.jpg",620,415,false]},"rttpg_author":{"display_name":"V\u00fcsal Rafiqo\u011flu","author_link":"https:\/\/arantv.az\/?author=2"},"rttpg_comment":0,"rttpg_category":"<a href=\"https:\/\/arantv.az\/?cat=26\" rel=\"category\">Sosial<\/a>","rttpg_excerpt":"Sabiq m\u0259d\u0259niyy\u0259t naziri \u018fb\u00fclf\u0259s Qarayevin \u00f6lk\u0259d\u0259n \u00e7\u0131x\u0131\u015f\u0131na qada\u011fa qoyulmas\u0131 il\u0259 ba\u011fl\u0131 m\u0259lumat yay\u0131l\u0131b. M\u0259s\u0259l\u0259 il\u0259 ba\u011fl\u0131 Unikal.org-a a\u00e7\u0131qlama ver\u0259n \u018f.Qarayev yay\u0131lan x\u0259b\u0259rl\u0259rin h\u0259qiq\u0259ti \u0259ks etdirm\u0259diyini bildirib: \u201cM\u0259nim harasa getm\u0259k niyy\u0259tim yoxdur. Oturmu\u015fam evd\u0259, elmi i\u015fl\u0259rl\u0259 m\u0259\u015f\u011fulam. \u00d6lk\u0259d\u0259n \u00e7\u0131xma\u011f\u0131ma he\u00e7 bir m\u0259hdudiyy\u0259t qoyulmay\u0131b. Biz h\u00fcquqi d\u00f6vl\u0259td\u0259 ya\u015fay\u0131r\u0131q. H\u0259r hans\u0131 bir m\u0259hk\u0259m\u0259 q\u0259rar\u0131 olarsa, m\u0259n\u0259 c\u0259rim\u0259 yaz\u0131larsa,&hellip;","_links":{"self":[{"href":"https:\/\/arantv.az\/index.php?rest_route=\/wp\/v2\/posts\/296357"}],"collection":[{"href":"https:\/\/arantv.az\/index.php?rest_route=\/wp\/v2\/posts"}],"about":[{"href":"https:\/\/arantv.az\/index.php?rest_route=\/wp\/v2\/types\/post"}],"author":[{"embeddable":true,"href":"https:\/\/arantv.az\/index.php?rest_route=\/wp\/v2\/users\/2"}],"replies":[{"embeddable":true,"href":"https:\/\/arantv.az\/index.php?rest_route=%2Fwp%2Fv2%2Fcomments&post=296357"}],"version-history":[{"count":0,"href":"https:\/\/arantv.az\/index.php?rest_route=\/wp\/v2\/posts\/296357\/revisions"}],"wp:featuredmedia":[{"embeddable":true,"href":"https:\/\/arantv.az\/index.php?rest_route=\/wp\/v2\/media\/296358"}],"wp:attachment":[{"href":"https:\/\/arantv.az\/index.php?rest_route=%2Fwp%2Fv2%2Fmedia&parent=296357"}],"wp:term":[{"taxonomy":"category","embeddable":true,"href":"https:\/\/arantv.az\/index.php?rest_route=%2Fwp%2Fv2%2Fcategories&post=296357"},{"taxonomy":"post_tag","embeddable":true,"href":"https:\/\/arantv.az\/index.php?rest_route=%2Fwp%2Fv2%2Ftags&post=296357"}],"curies":[{"name":"wp","href":"https:\/\/api.w.org\/{rel}","templated":true}]}}