{"id":296373,"date":"2021-02-18T12:59:51","date_gmt":"2021-02-18T09:59:51","guid":{"rendered":"http:\/\/arantv.az\/?p=296373"},"modified":"2021-02-18T12:59:51","modified_gmt":"2021-02-18T09:59:51","slug":"iran-az%c9%99rbaycan-d%c9%99miryol-x%c9%99tl%c9%99ri-aktivl%c9%99sdirilm%c9%99lidir-z%c9%99rif","status":"publish","type":"post","link":"https:\/\/arantv.az\/?p=296373","title":{"rendered":"&#8220;\u0130ran-Az\u0259rbaycan d\u0259miryol x\u0259tl\u0259ri aktivl\u0259\u015fdirilm\u0259lidir&#8221; &#8211; Z\u0259rif"},"content":{"rendered":"<blockquote><p><strong><em>\u0130ran v\u0259 Az\u0259rbaycan aras\u0131nda d\u0259miryol x\u0259tl\u0259ri v\u0259 s\u0259rh\u0259d imkanlar\u0131 aktivl\u0259\u015fdirilm\u0259lidir.<\/em><\/strong><\/p><\/blockquote>\n<p><strong>ARANTV.AZ<\/strong>\u00a0\u00a0<a href=\"https:\/\/az.trend.az\/\" target=\"_blank\" rel=\"noopener\">Trend<\/a>-\u0259 istinad\u0259n bildirir ki,\u00a0bunu \u0130ran\u0131n xarici i\u015fl\u0259r naziri M\u0259h\u0259mm\u0259d Cavad Z\u0259rif T\u0259brizd\u0259 \u0130ran\u0131n \u015fimal-q\u0259rbind\u0259 yerl\u0259\u015f\u0259n \u015e\u0259rqi Az\u0259rbaycan vilay\u0259tinin valisi M\u0259h\u0259mm\u0259d Rza Purm\u0259h\u0259mm\u0259di il\u0259 g\u00f6r\u00fc\u015fd\u0259 deyib.<\/p>\n<p>M.C.Z\u0259rifin s\u00f6zl\u0259rin\u0259 g\u00f6r\u0259, \u0130ran v\u0259 Az\u0259rbaycan m\u00fcnasib\u0259tl\u0259rind\u0259 yaranan f\u00fcrs\u0259td\u0259n istifad\u0259 etm\u0259k \u00fc\u00e7\u00fcn aidiyy\u0259ti qurumlar v\u0259 \u00f6z\u0259l sektor ciddi \u015f\u0259kild\u0259 s\u0259y g\u00f6st\u0259rm\u0259lidir v\u0259 \u0130ran\u0131n Xarici \u0130\u015fl\u0259r Nazirliyi bu sah\u0259d\u0259 \u0259m\u0259kda\u015fl\u0131q etm\u0259y\u0259 haz\u0131rd\u0131r.<\/p>\n<p>Nazir \u0259lav\u0259 edib ki, qon\u015fu \u00f6lk\u0259l\u0259rl\u0259 ticar\u0259t v\u0259 iqtisadi m\u00fcnasib\u0259tl\u0259rin inki\u015faf etdirilm\u0259sind\u0259 \u015e\u0259rqi Az\u0259rbaycan vilay\u0259ti v\u0259 T\u0259brizin \u00f6n\u0259mli rolu var.<\/p>\n<p>\u0130ran xarici i\u015fl\u0259r naziri bir m\u00fcdd\u0259t \u00f6nc\u0259 region \u00f6lk\u0259l\u0259rin\u0259 s\u0259f\u0259r etdiyini v\u0259 Culfa s\u0259rh\u0259di il\u0259 yax\u0131ndan tan\u0131\u015f oldu\u011funu deyib: &#8220;Potensial imkanlar, o c\u00fcml\u0259d\u0259n d\u0259miryolu x\u0259tti v\u0259 s\u0259rh\u0259d imkanlar\u0131n\u0131n aktivl\u0259\u015fdirilm\u0259si \u0130ran\u0131n beyn\u0259lxalq d\u0259hlizl\u0259rd\u0259 v\u0259 region bazarlar\u0131nda aktiv i\u015ftirak\u0131na \u015f\u0259rait yaradacaq&#8221;.<\/p>\n<p>G\u00f6r\u00fc\u015fd\u0259 \u0130ran\u0131n \u015e\u0259rqi Az\u0259rbaycan vilay\u0259tinin valisi M\u0259h\u0259mm\u0259d Rza Purm\u0259h\u0259mm\u0259di d\u0259 bildirib ki, Xudaf\u0259rin s\u0259rh\u0259d terminal\u0131n\u0131n istifad\u0259y\u0259 verilm\u0259si, Culfa-Nax\u00e7\u0131van d\u0259miryolu x\u0259ttinin yenid\u0259n f\u0259aliyy\u0259t\u0259 ba\u015flamas\u0131 \u0130ran v\u0259 Az\u0259rbaycan\u0131n iqtisadi v\u0259 ticar\u0259t m\u00fcnasib\u0259tl\u0259rini art\u0131racaq: &#8220;X\u00fcsusil\u0259 Culfa-Nax\u00e7\u0131van d\u0259miryolu x\u0259ttinin yenid\u0259n f\u0259aliyy\u0259t\u0259 ba\u015flamas\u0131 \u0130ran\u0131n qon\u015fu \u00f6lk\u0259l\u0259r, Avrasiya bazar\u0131na \u00e7\u0131x\u0131\u015f\u0131 \u00fc\u00e7\u00fcn z\u0259ruridir. Bununla \u0259laq\u0259dar \u015e\u0259rqi Az\u0259rbaycan vilay\u0259tinin aidiyy\u0259ti qurumlar\u0131 t\u0259r\u0259find\u0259n iqtisadi \u0259saslarla plan haz\u0131rlan\u0131b&#8221;.<\/p>\n<p>\u015e\u0259rqi Az\u0259rbaycan valisi qeyd edib ki, \u0130ran Az\u0259rbaycanla \u0259m\u0259kda\u015fl\u0131qlar\u0131n inki\u015faf\u0131 istiqam\u0259tind\u0259 azad olunan \u0259razil\u0259rin b\u0259rpa olunmas\u0131nda aktiv i\u015ftirak etm\u0259y\u0259 haz\u0131rd\u0131r.<\/p>\n<p>Qeyd ed\u0259k ki, \u0130randa Az\u0259rbaycanla ticar\u0259tin inki\u015faf\u0131 komit\u0259si yarad\u0131l\u0131b v\u0259 bu komit\u0259y\u0259 \u0130ran\u0131n \u015e\u0259rqi Az\u0259rbaycan vilay\u0259tinin valisi M\u0259h\u0259mm\u0259d Rza Purm\u0259h\u0259mm\u0259di t\u0259yin olunub.<\/p>\n","protected":false},"excerpt":{"rendered":"<p>\u0130ran v\u0259 Az\u0259rbaycan aras\u0131nda d\u0259miryol x\u0259tl\u0259ri v\u0259 s\u0259rh\u0259d imkanlar\u0131 aktivl\u0259\u015fdirilm\u0259lidir. ARANTV.AZ\u00a0\u00a0Trend-\u0259 istinad\u0259n bildirir ki,\u00a0bunu \u0130ran\u0131n xarici i\u015fl\u0259r naziri M\u0259h\u0259mm\u0259d Cavad Z\u0259rif T\u0259brizd\u0259 \u0130ran\u0131n \u015fimal-q\u0259rbind\u0259 yerl\u0259\u015f\u0259n \u015e\u0259rqi Az\u0259rbaycan vilay\u0259tinin valisi M\u0259h\u0259mm\u0259d Rza Purm\u0259h\u0259mm\u0259di il\u0259 g\u00f6r\u00fc\u015fd\u0259 deyib. M.C.Z\u0259rifin s\u00f6zl\u0259rin\u0259 g\u00f6r\u0259, \u0130ran v\u0259 Az\u0259rbaycan m\u00fcnasib\u0259tl\u0259rind\u0259 yaranan f\u00fcrs\u0259td\u0259n istifad\u0259 etm\u0259k \u00fc\u00e7\u00fcn aidiyy\u0259ti qurumlar v\u0259 \u00f6z\u0259l sektor ciddi \u015f\u0259kild\u0259 s\u0259y g\u00f6st\u0259rm\u0259lidir v\u0259 \u0130ran\u0131n Xarici \u0130\u015fl\u0259r Nazirliyi bu sah\u0259d\u0259 \u0259m\u0259kda\u015fl\u0131q etm\u0259y\u0259 haz\u0131rd\u0131r. Nazir \u0259lav\u0259 edib ki, qon\u015fu \u00f6lk\u0259l\u0259rl\u0259 ticar\u0259t v\u0259 iqtisadi m\u00fcnasib\u0259tl\u0259rin inki\u015faf etdirilm\u0259sind\u0259 \u015e\u0259rqi Az\u0259rbaycan vilay\u0259ti v\u0259 T\u0259brizin \u00f6n\u0259mli rolu var. \u0130ran xarici i\u015fl\u0259r naziri&hellip;<\/p>\n","protected":false},"author":2,"featured_media":296374,"comment_status":"closed","ping_status":"closed","sticky":false,"template":"","format":"standard","meta":{"om_disable_all_campaigns":false,"_monsterinsights_skip_tracking":false,"_monsterinsights_sitenote_active":false,"_monsterinsights_sitenote_note":"","_monsterinsights_sitenote_category":0},"categories":[4],"tags":[],"aioseo_notices":[],"gutentor_comment":0,"rttpg_featured_image_url":{"full":["https:\/\/arantv.az\/wp-content\/uploads\/2021\/02\/923594.jpg",800,600,false],"landscape":["https:\/\/arantv.az\/wp-content\/uploads\/2021\/02\/923594.jpg",800,600,false],"portraits":["https:\/\/arantv.az\/wp-content\/uploads\/2021\/02\/923594.jpg",800,600,false],"thumbnail":["https:\/\/arantv.az\/wp-content\/uploads\/2021\/02\/923594-150x150.jpg",150,150,true],"medium":["https:\/\/arantv.az\/wp-content\/uploads\/2021\/02\/923594-300x225.jpg",300,225,true],"large":["https:\/\/arantv.az\/wp-content\/uploads\/2021\/02\/923594.jpg",640,480,false],"1536x1536":["https:\/\/arantv.az\/wp-content\/uploads\/2021\/02\/923594.jpg",800,600,false],"2048x2048":["https:\/\/arantv.az\/wp-content\/uploads\/2021\/02\/923594.jpg",800,600,false],"post-thumbnail":["https:\/\/arantv.az\/wp-content\/uploads\/2021\/02\/923594-240x172.jpg",240,172,true],"advps-thumb-one":["https:\/\/arantv.az\/wp-content\/uploads\/2021\/02\/923594.jpg",800,600,false]},"rttpg_author":{"display_name":"V\u00fcsal Rafiqo\u011flu","author_link":"https:\/\/arantv.az\/?author=2"},"rttpg_comment":0,"rttpg_category":"<a href=\"https:\/\/arantv.az\/?cat=4\" rel=\"category\">Siyas\u0259t<\/a>","rttpg_excerpt":"\u0130ran v\u0259 Az\u0259rbaycan aras\u0131nda d\u0259miryol x\u0259tl\u0259ri v\u0259 s\u0259rh\u0259d imkanlar\u0131 aktivl\u0259\u015fdirilm\u0259lidir. ARANTV.AZ\u00a0\u00a0Trend-\u0259 istinad\u0259n bildirir ki,\u00a0bunu \u0130ran\u0131n xarici i\u015fl\u0259r naziri M\u0259h\u0259mm\u0259d Cavad Z\u0259rif T\u0259brizd\u0259 \u0130ran\u0131n \u015fimal-q\u0259rbind\u0259 yerl\u0259\u015f\u0259n \u015e\u0259rqi Az\u0259rbaycan vilay\u0259tinin valisi M\u0259h\u0259mm\u0259d Rza Purm\u0259h\u0259mm\u0259di il\u0259 g\u00f6r\u00fc\u015fd\u0259 deyib. M.C.Z\u0259rifin s\u00f6zl\u0259rin\u0259 g\u00f6r\u0259, \u0130ran v\u0259 Az\u0259rbaycan m\u00fcnasib\u0259tl\u0259rind\u0259 yaranan f\u00fcrs\u0259td\u0259n istifad\u0259 etm\u0259k \u00fc\u00e7\u00fcn aidiyy\u0259ti qurumlar v\u0259 \u00f6z\u0259l sektor ciddi \u015f\u0259kild\u0259 s\u0259y&hellip;","_links":{"self":[{"href":"https:\/\/arantv.az\/index.php?rest_route=\/wp\/v2\/posts\/296373"}],"collection":[{"href":"https:\/\/arantv.az\/index.php?rest_route=\/wp\/v2\/posts"}],"about":[{"href":"https:\/\/arantv.az\/index.php?rest_route=\/wp\/v2\/types\/post"}],"author":[{"embeddable":true,"href":"https:\/\/arantv.az\/index.php?rest_route=\/wp\/v2\/users\/2"}],"replies":[{"embeddable":true,"href":"https:\/\/arantv.az\/index.php?rest_route=%2Fwp%2Fv2%2Fcomments&post=296373"}],"version-history":[{"count":0,"href":"https:\/\/arantv.az\/index.php?rest_route=\/wp\/v2\/posts\/296373\/revisions"}],"wp:featuredmedia":[{"embeddable":true,"href":"https:\/\/arantv.az\/index.php?rest_route=\/wp\/v2\/media\/296374"}],"wp:attachment":[{"href":"https:\/\/arantv.az\/index.php?rest_route=%2Fwp%2Fv2%2Fmedia&parent=296373"}],"wp:term":[{"taxonomy":"category","embeddable":true,"href":"https:\/\/arantv.az\/index.php?rest_route=%2Fwp%2Fv2%2Fcategories&post=296373"},{"taxonomy":"post_tag","embeddable":true,"href":"https:\/\/arantv.az\/index.php?rest_route=%2Fwp%2Fv2%2Ftags&post=296373"}],"curies":[{"name":"wp","href":"https:\/\/api.w.org\/{rel}","templated":true}]}}