{"id":296377,"date":"2021-02-18T13:00:53","date_gmt":"2021-02-18T10:00:53","guid":{"rendered":"http:\/\/arantv.az\/?p=296377"},"modified":"2021-02-18T13:00:53","modified_gmt":"2021-02-18T10:00:53","slug":"ai-az%c9%99rbaycanla-sulh-quruculugu-uzr%c9%99-t%c9%99crub%c9%99sini-bolusm%c9%99y%c9%99-hazirdir-yankauskas","status":"publish","type":"post","link":"https:\/\/arantv.az\/?p=296377","title":{"rendered":"&#8220;A\u0130 Az\u0259rbaycanla s\u00fclh quruculu\u011fu \u00fczr\u0259 t\u0259cr\u00fcb\u0259sini b\u00f6l\u00fc\u015fm\u0259y\u0259 haz\u0131rd\u0131r&#8221; &#8211; Yankauskas"},"content":{"rendered":"<blockquote><p><strong><em>Avropa \u0130ttifaq\u0131 (A\u0130) Az\u0259rbaycanla s\u00fclh quruculu\u011fu \u00fczr\u0259 t\u0259cr\u00fcb\u0259sini b\u00f6l\u00fc\u015fm\u0259y\u0259 haz\u0131rd\u0131r.<\/em><\/strong><\/p><\/blockquote>\n<p><strong>ARANTV.AZ\u00a0\u00a0<\/strong><a href=\"https:\/\/az.trend.az\/\" target=\"_blank\" rel=\"noopener\">Trend<\/a>-\u0259 istinad\u0259n bildirir ki,\u00a0bunu A\u0130-nin Az\u0259rbaycandak\u0131 n\u00fcmay\u0259nd\u0259liyinin r\u0259hb\u0259ri Kestutis Yankauskas deyib.<\/p>\n<p>O bildirib ki, Az\u0259rbaycan bundan fayda \u0259ld\u0259 ed\u0259 bil\u0259r:<\/p>\n<p>&#8220;\u0130nan\u0131r\u0131q ki, \u0259m\u0259kda\u015fl\u0131q say\u0259sind\u0259 C\u0259nubi Qafqaz regionunun m\u00fcnaqi\u015f\u0259siz v\u0259 dinc b\u00f6lg\u0259 oldu\u011funu g\u00f6r\u0259c\u0259yik&#8221;.<\/p>\n<p>K.Yankauskas \u0259min oldu\u011funu bildirib ki, g\u0259l\u0259c\u0259kd\u0259 regionda b\u00fct\u00fcn \u00f6lk\u0259l\u0259rin aktiv diplomatik m\u00fcnasib\u0259tl\u0259ri, a\u00e7\u0131q s\u0259rh\u0259dl\u0259r v\u0259 dinc birg\u0259ya\u015fay\u0131\u015f m\u00f6vcud olacaq.<\/p>\n","protected":false},"excerpt":{"rendered":"<p>Avropa \u0130ttifaq\u0131 (A\u0130) Az\u0259rbaycanla s\u00fclh quruculu\u011fu \u00fczr\u0259 t\u0259cr\u00fcb\u0259sini b\u00f6l\u00fc\u015fm\u0259y\u0259 haz\u0131rd\u0131r. ARANTV.AZ\u00a0\u00a0Trend-\u0259 istinad\u0259n bildirir ki,\u00a0bunu A\u0130-nin Az\u0259rbaycandak\u0131 n\u00fcmay\u0259nd\u0259liyinin r\u0259hb\u0259ri Kestutis Yankauskas deyib. O bildirib ki, Az\u0259rbaycan bundan fayda \u0259ld\u0259 ed\u0259 bil\u0259r: &#8220;\u0130nan\u0131r\u0131q ki, \u0259m\u0259kda\u015fl\u0131q say\u0259sind\u0259 C\u0259nubi Qafqaz regionunun m\u00fcnaqi\u015f\u0259siz v\u0259 dinc b\u00f6lg\u0259 oldu\u011funu g\u00f6r\u0259c\u0259yik&#8221;. K.Yankauskas \u0259min oldu\u011funu bildirib ki, g\u0259l\u0259c\u0259kd\u0259 regionda b\u00fct\u00fcn \u00f6lk\u0259l\u0259rin aktiv diplomatik m\u00fcnasib\u0259tl\u0259ri, a\u00e7\u0131q s\u0259rh\u0259dl\u0259r v\u0259 dinc birg\u0259ya\u015fay\u0131\u015f m\u00f6vcud olacaq.<\/p>\n","protected":false},"author":2,"featured_media":296378,"comment_status":"closed","ping_status":"closed","sticky":false,"template":"","format":"standard","meta":{"om_disable_all_campaigns":false,"_monsterinsights_skip_tracking":false,"_monsterinsights_sitenote_active":false,"_monsterinsights_sitenote_note":"","_monsterinsights_sitenote_category":0},"categories":[4],"tags":[],"aioseo_notices":[],"gutentor_comment":0,"rttpg_featured_image_url":{"full":["https:\/\/arantv.az\/wp-content\/uploads\/2021\/02\/923602.jpg",800,600,false],"landscape":["https:\/\/arantv.az\/wp-content\/uploads\/2021\/02\/923602.jpg",800,600,false],"portraits":["https:\/\/arantv.az\/wp-content\/uploads\/2021\/02\/923602.jpg",800,600,false],"thumbnail":["https:\/\/arantv.az\/wp-content\/uploads\/2021\/02\/923602-150x150.jpg",150,150,true],"medium":["https:\/\/arantv.az\/wp-content\/uploads\/2021\/02\/923602-300x225.jpg",300,225,true],"large":["https:\/\/arantv.az\/wp-content\/uploads\/2021\/02\/923602.jpg",640,480,false],"1536x1536":["https:\/\/arantv.az\/wp-content\/uploads\/2021\/02\/923602.jpg",800,600,false],"2048x2048":["https:\/\/arantv.az\/wp-content\/uploads\/2021\/02\/923602.jpg",800,600,false],"post-thumbnail":["https:\/\/arantv.az\/wp-content\/uploads\/2021\/02\/923602-240x172.jpg",240,172,true],"advps-thumb-one":["https:\/\/arantv.az\/wp-content\/uploads\/2021\/02\/923602.jpg",800,600,false]},"rttpg_author":{"display_name":"V\u00fcsal Rafiqo\u011flu","author_link":"https:\/\/arantv.az\/?author=2"},"rttpg_comment":0,"rttpg_category":"<a href=\"https:\/\/arantv.az\/?cat=4\" rel=\"category\">Siyas\u0259t<\/a>","rttpg_excerpt":"Avropa \u0130ttifaq\u0131 (A\u0130) Az\u0259rbaycanla s\u00fclh quruculu\u011fu \u00fczr\u0259 t\u0259cr\u00fcb\u0259sini b\u00f6l\u00fc\u015fm\u0259y\u0259 haz\u0131rd\u0131r. ARANTV.AZ\u00a0\u00a0Trend-\u0259 istinad\u0259n bildirir ki,\u00a0bunu A\u0130-nin Az\u0259rbaycandak\u0131 n\u00fcmay\u0259nd\u0259liyinin r\u0259hb\u0259ri Kestutis Yankauskas deyib. O bildirib ki, Az\u0259rbaycan bundan fayda \u0259ld\u0259 ed\u0259 bil\u0259r: &#8220;\u0130nan\u0131r\u0131q ki, \u0259m\u0259kda\u015fl\u0131q say\u0259sind\u0259 C\u0259nubi Qafqaz regionunun m\u00fcnaqi\u015f\u0259siz v\u0259 dinc b\u00f6lg\u0259 oldu\u011funu g\u00f6r\u0259c\u0259yik&#8221;. K.Yankauskas \u0259min oldu\u011funu bildirib ki, g\u0259l\u0259c\u0259kd\u0259 regionda b\u00fct\u00fcn \u00f6lk\u0259l\u0259rin aktiv diplomatik m\u00fcnasib\u0259tl\u0259ri,&hellip;","_links":{"self":[{"href":"https:\/\/arantv.az\/index.php?rest_route=\/wp\/v2\/posts\/296377"}],"collection":[{"href":"https:\/\/arantv.az\/index.php?rest_route=\/wp\/v2\/posts"}],"about":[{"href":"https:\/\/arantv.az\/index.php?rest_route=\/wp\/v2\/types\/post"}],"author":[{"embeddable":true,"href":"https:\/\/arantv.az\/index.php?rest_route=\/wp\/v2\/users\/2"}],"replies":[{"embeddable":true,"href":"https:\/\/arantv.az\/index.php?rest_route=%2Fwp%2Fv2%2Fcomments&post=296377"}],"version-history":[{"count":0,"href":"https:\/\/arantv.az\/index.php?rest_route=\/wp\/v2\/posts\/296377\/revisions"}],"wp:featuredmedia":[{"embeddable":true,"href":"https:\/\/arantv.az\/index.php?rest_route=\/wp\/v2\/media\/296378"}],"wp:attachment":[{"href":"https:\/\/arantv.az\/index.php?rest_route=%2Fwp%2Fv2%2Fmedia&parent=296377"}],"wp:term":[{"taxonomy":"category","embeddable":true,"href":"https:\/\/arantv.az\/index.php?rest_route=%2Fwp%2Fv2%2Fcategories&post=296377"},{"taxonomy":"post_tag","embeddable":true,"href":"https:\/\/arantv.az\/index.php?rest_route=%2Fwp%2Fv2%2Ftags&post=296377"}],"curies":[{"name":"wp","href":"https:\/\/api.w.org\/{rel}","templated":true}]}}