{"id":296385,"date":"2021-02-18T13:02:31","date_gmt":"2021-02-18T10:02:31","guid":{"rendered":"http:\/\/arantv.az\/?p=296385"},"modified":"2021-02-18T13:02:31","modified_gmt":"2021-02-18T10:02:31","slug":"hulusi-akar-az%c9%99rbaycanli-s%c9%99hidin-ail%c9%99sin%c9%99-m%c9%99ktub-gond%c9%99rdi-foto","status":"publish","type":"post","link":"https:\/\/arantv.az\/?p=296385","title":{"rendered":"Hulusi Akar az\u0259rbaycanl\u0131 \u015f\u0259hidin ail\u0259sin\u0259 m\u0259ktub g\u00f6nd\u0259rdi &#8211; FOTO"},"content":{"rendered":"<p>T\u00fcrkiy\u0259 Milli M\u00fcdafi\u0259 naziri Hulusi Akar torpaqlar\u0131n\u0131 xilas ed\u0259c\u0259yin\u0259 s\u00f6z ver\u0259n az\u0259rbaycanl\u0131 \u015f\u0259hid ba\u015f leytenant Valeh M\u0259miyevin ail\u0259sin\u0259 m\u0259ktub g\u00f6nd\u0259rib.<\/p>\n<p>\u201cTRT Avaz\u201d x\u0259b\u0259r verir ki, Az\u0259rbaycan M\u00fcdafi\u0259 Nazirliyinin polkovniki Abdulla Qurbani Akar\u0131n m\u0259ktubunu M\u0259miyevin Yard\u0131ml\u0131 rayonunun K\u00fcr\u0259k\u00e7i k\u0259ndind\u0259 ya\u015fayan ail\u0259sin\u0259 \u00e7atd\u0131r\u0131b.<\/p>\n<p>\u201cErm\u0259nistan\u0131n i\u015f\u011fal\u0131 alt\u0131nda olan \u0259razil\u0259rini azad\u00a0ed\u0259n \u015fanl\u0131 Az\u0259rbaycan ordusunun 44 g\u00fcnl\u00fck q\u0259hr\u0259manl\u0131q m\u00fcbariz\u0259sind\u0259 a\u011f\u0131r yaralanan ba\u015f leytenant Valeh Memiyevin \u015f\u0259hid olmas\u0131 bizi \u00e7ox k\u0259d\u0259rl\u0259ndirdi. Ba\u015f leytenant Valeh v\u0259t\u0259n torpa\u011f\u0131n\u0131 i\u015f\u011faldan qurtaraca\u011f\u0131 bar\u0259d\u0259 verdiyi s\u00f6z\u00fc tutub, Qubadl\u0131n\u0131n ya\u015fay\u0131\u015f yerl\u0259rinin azad edilm\u0259sind\u0259n sonra \u015f\u0259hidlik zirv\u0259sin\u0259 ucal\u0131b.<\/p>\n<p>\u015e\u0259hidl\u0259rimizin v\u0259 qazil\u0259rimizin c\u0259sar\u0259ti, q\u0259hr\u0259manl\u0131\u011f\u0131 v\u0259 f\u0259dakarl\u0131\u011f\u0131 he\u00e7 vaxt unudulmayacaq\u201d, &#8211; dey\u0259 m\u0259ktubda qeyd edilir.<\/p>\n<p>D\u00f6vl\u0259tinin b\u00fct\u00fcn imkanlar\u0131 il\u0259 sona q\u0259d\u0259r Az\u0259rbaycan\u0131n yan\u0131nda olaca\u011f\u0131n\u0131 vur\u011fulayan Akar\u00a0M\u0259miyevin ail\u0259sini T\u00fcrkiy\u0259y\u0259 d\u0259v\u0259t edib.<\/p>\n<p>Ba\u015f leytenant Valeh M\u0259miyev 13 avqust 2020-ci il tarixind\u0259 Az\u0259rbaycanda t\u0259\u015fkil edilmi\u015f T\u00fcrkiy\u0259-Az\u0259rbaycan Ortaq T\u0259limind\u0259 f\u0259rql\u0259n\u0259n\u00a0\u0259sg\u0259rl\u0259rd\u0259n biri olub.<\/p>\n<p>T\u0259limd\u0259n sonra Akar M\u0259miyev\u0259 m\u00fckafat t\u0259qdim edib, xatir\u0259 \u015f\u0259kli \u00e7\u0259kdirib v\u0259 bir m\u00fcdd\u0259t onunla s\u00f6hb\u0259tl\u0259\u015fib.<\/p>\n<p>Akar M\u0259miyev\u0259 \u201cT\u0259limd\u0259 g\u00fcc\u00fcn\u00fcz\u00fc v\u0259 pe\u015f\u0259karl\u0131\u011f\u0131n\u0131z\u0131 g\u00f6st\u0259rm\u0259yiniz \u00e7ox xo\u015fdur. Ancaq \u0259sas v\u0259zif\u0259niz 30 ildir i\u015f\u011fal alt\u0131nda olan torpaqlar\u0131n\u0131z\u0131 xilas etm\u0259k olmal\u0131d\u0131r. Buradak\u0131 m\u00fcv\u0259ff\u0259qiyy\u0259tinizi d\u00f6y\u00fc\u015f meydan\u0131nda da t\u0259krarlamal\u0131s\u0131n\u0131z\u201d deyib.<\/p>\n<p>M\u0259miyev is\u0259 bildirib ki, \u201cBiz Ali Ba\u015f Komandandan \u0259mr g\u00f6zl\u0259yirik. \u018fmr g\u0259ldiyi an torpaqlar\u0131m\u0131z\u0131 qurtaraca\u011f\u0131q v\u0259 sizin ist\u0259yiniz yerin\u0259 yetiril\u0259c\u0259k\u201d.<\/p>\n<p>Ba\u015f leytenant M\u0259miyev 27 sentyabr-10 noyabrda davam ed\u0259n 44 g\u00fcnl\u00fck m\u00fcharib\u0259 zaman\u0131 Qubadl\u0131 rayonunda bir \u00e7ox ya\u015fay\u0131\u015f m\u0259nt\u0259q\u0259sinin Erm\u0259nistan\u0131n i\u015f\u011fal\u0131ndan azad edilm\u0259sind\u0259 i\u015ftirak etdikd\u0259n sonra yaralan\u0131b.<\/p>\n<p>O, m\u00fcalic\u0259 edildikd\u0259 \u201c\u0130ndi m\u0259qs\u0259dim\u0259 \u00e7atd\u0131m. Qarda\u015f\u00a0T\u00fcrkiy\u0259nin M\u00fcdafi\u0259 Naziri Akara verdiyim s\u00f6z\u0259 \u0259m\u0259l etdim. V\u0259t\u0259n sa\u011f olsun!\u201d deyib v\u0259 bir m\u00fcdd\u0259t sonra \u015f\u0259hidlik zirv\u0259sin\u0259 ucal\u0131b.<\/p>\n<div class=\"gallery\">\n<div class=\"gallery-i\"><img src=\"https:\/\/cdn.oxu.az\/uploads\/W1siZiIsIjIwMjEvMDIvMTgvMTMvMzkvNDgvOGZjMjEyYmQtMDFlZi00OTIwLWJkNzAtZmE5MzE3Y2ExYmJkL3RodW1ic19iX2NfMjljZTNlZjlmZGI2ZjdiYWM0YTc1MWRiZjUzYWFlN2MuanBnIl0sWyJwIiwiZW5jb2RlIiwianBnIiwiLXF1YWxpdHkgODAiXSxbInAiLCJ0aHVtYiIsIjU5MHg1OTBcdTAwM2UiXV0?sha=efb53b9511d335b8\" alt=\"\" \/><\/p>\n<div class=\"gallery-i-caption\"><\/div>\n<\/div>\n<div class=\"gallery-i\"><img src=\"https:\/\/cdn.oxu.az\/uploads\/W1siZiIsIjIwMjEvMDIvMTgvMTMvMzkvNDgvNGFjZTUwZjQtZmQyMC00NDdjLTk3ZGYtYmQyNTk0ZTI3ZDZmL0FBLTIzNzkxNzY5LmpwZyJdLFsicCIsImVuY29kZSIsImpwZyIsIi1xdWFsaXR5IDgwIl0sWyJwIiwidGh1bWIiLCI1OTB4NTkwXHUwMDNlIl1d?sha=445753b677888ade\" alt=\"\" \/><\/div>\n<\/div>\n","protected":false},"excerpt":{"rendered":"<p>T\u00fcrkiy\u0259 Milli M\u00fcdafi\u0259 naziri Hulusi Akar torpaqlar\u0131n\u0131 xilas ed\u0259c\u0259yin\u0259 s\u00f6z ver\u0259n az\u0259rbaycanl\u0131 \u015f\u0259hid ba\u015f leytenant Valeh M\u0259miyevin ail\u0259sin\u0259 m\u0259ktub g\u00f6nd\u0259rib. \u201cTRT Avaz\u201d x\u0259b\u0259r verir ki, Az\u0259rbaycan M\u00fcdafi\u0259 Nazirliyinin polkovniki Abdulla Qurbani Akar\u0131n m\u0259ktubunu M\u0259miyevin Yard\u0131ml\u0131 rayonunun K\u00fcr\u0259k\u00e7i k\u0259ndind\u0259 ya\u015fayan ail\u0259sin\u0259 \u00e7atd\u0131r\u0131b. \u201cErm\u0259nistan\u0131n i\u015f\u011fal\u0131 alt\u0131nda olan \u0259razil\u0259rini azad\u00a0ed\u0259n \u015fanl\u0131 Az\u0259rbaycan ordusunun 44 g\u00fcnl\u00fck q\u0259hr\u0259manl\u0131q m\u00fcbariz\u0259sind\u0259 a\u011f\u0131r yaralanan ba\u015f leytenant Valeh Memiyevin \u015f\u0259hid olmas\u0131 bizi \u00e7ox k\u0259d\u0259rl\u0259ndirdi. Ba\u015f leytenant Valeh v\u0259t\u0259n torpa\u011f\u0131n\u0131 i\u015f\u011faldan qurtaraca\u011f\u0131 bar\u0259d\u0259 verdiyi s\u00f6z\u00fc tutub, Qubadl\u0131n\u0131n ya\u015fay\u0131\u015f yerl\u0259rinin azad edilm\u0259sind\u0259n sonra \u015f\u0259hidlik zirv\u0259sin\u0259 ucal\u0131b. \u015e\u0259hidl\u0259rimizin v\u0259 qazil\u0259rimizin c\u0259sar\u0259ti, q\u0259hr\u0259manl\u0131\u011f\u0131&hellip;<\/p>\n","protected":false},"author":2,"featured_media":296386,"comment_status":"closed","ping_status":"closed","sticky":false,"template":"","format":"standard","meta":{"om_disable_all_campaigns":false,"_monsterinsights_skip_tracking":false,"_monsterinsights_sitenote_active":false,"_monsterinsights_sitenote_note":"","_monsterinsights_sitenote_category":0},"categories":[4],"tags":[],"aioseo_notices":[],"gutentor_comment":0,"rttpg_featured_image_url":{"full":["https:\/\/arantv.az\/wp-content\/uploads\/2021\/02\/f0ebe26c43514b12967f053c6f9c0300.jpg",620,349,false],"landscape":["https:\/\/arantv.az\/wp-content\/uploads\/2021\/02\/f0ebe26c43514b12967f053c6f9c0300.jpg",620,349,false],"portraits":["https:\/\/arantv.az\/wp-content\/uploads\/2021\/02\/f0ebe26c43514b12967f053c6f9c0300.jpg",620,349,false],"thumbnail":["https:\/\/arantv.az\/wp-content\/uploads\/2021\/02\/f0ebe26c43514b12967f053c6f9c0300-150x150.jpg",150,150,true],"medium":["https:\/\/arantv.az\/wp-content\/uploads\/2021\/02\/f0ebe26c43514b12967f053c6f9c0300-300x169.jpg",300,169,true],"large":["https:\/\/arantv.az\/wp-content\/uploads\/2021\/02\/f0ebe26c43514b12967f053c6f9c0300.jpg",620,349,false],"1536x1536":["https:\/\/arantv.az\/wp-content\/uploads\/2021\/02\/f0ebe26c43514b12967f053c6f9c0300.jpg",620,349,false],"2048x2048":["https:\/\/arantv.az\/wp-content\/uploads\/2021\/02\/f0ebe26c43514b12967f053c6f9c0300.jpg",620,349,false],"post-thumbnail":["https:\/\/arantv.az\/wp-content\/uploads\/2021\/02\/f0ebe26c43514b12967f053c6f9c0300-240x172.jpg",240,172,true],"advps-thumb-one":["https:\/\/arantv.az\/wp-content\/uploads\/2021\/02\/f0ebe26c43514b12967f053c6f9c0300.jpg",620,349,false]},"rttpg_author":{"display_name":"V\u00fcsal Rafiqo\u011flu","author_link":"https:\/\/arantv.az\/?author=2"},"rttpg_comment":0,"rttpg_category":"<a href=\"https:\/\/arantv.az\/?cat=4\" rel=\"category\">Siyas\u0259t<\/a>","rttpg_excerpt":"T\u00fcrkiy\u0259 Milli M\u00fcdafi\u0259 naziri Hulusi Akar torpaqlar\u0131n\u0131 xilas ed\u0259c\u0259yin\u0259 s\u00f6z ver\u0259n az\u0259rbaycanl\u0131 \u015f\u0259hid ba\u015f leytenant Valeh M\u0259miyevin ail\u0259sin\u0259 m\u0259ktub g\u00f6nd\u0259rib. \u201cTRT Avaz\u201d x\u0259b\u0259r verir ki, Az\u0259rbaycan M\u00fcdafi\u0259 Nazirliyinin polkovniki Abdulla Qurbani Akar\u0131n m\u0259ktubunu M\u0259miyevin Yard\u0131ml\u0131 rayonunun K\u00fcr\u0259k\u00e7i k\u0259ndind\u0259 ya\u015fayan ail\u0259sin\u0259 \u00e7atd\u0131r\u0131b. \u201cErm\u0259nistan\u0131n i\u015f\u011fal\u0131 alt\u0131nda olan \u0259razil\u0259rini azad\u00a0ed\u0259n \u015fanl\u0131 Az\u0259rbaycan ordusunun 44 g\u00fcnl\u00fck q\u0259hr\u0259manl\u0131q m\u00fcbariz\u0259sind\u0259 a\u011f\u0131r&hellip;","_links":{"self":[{"href":"https:\/\/arantv.az\/index.php?rest_route=\/wp\/v2\/posts\/296385"}],"collection":[{"href":"https:\/\/arantv.az\/index.php?rest_route=\/wp\/v2\/posts"}],"about":[{"href":"https:\/\/arantv.az\/index.php?rest_route=\/wp\/v2\/types\/post"}],"author":[{"embeddable":true,"href":"https:\/\/arantv.az\/index.php?rest_route=\/wp\/v2\/users\/2"}],"replies":[{"embeddable":true,"href":"https:\/\/arantv.az\/index.php?rest_route=%2Fwp%2Fv2%2Fcomments&post=296385"}],"version-history":[{"count":0,"href":"https:\/\/arantv.az\/index.php?rest_route=\/wp\/v2\/posts\/296385\/revisions"}],"wp:featuredmedia":[{"embeddable":true,"href":"https:\/\/arantv.az\/index.php?rest_route=\/wp\/v2\/media\/296386"}],"wp:attachment":[{"href":"https:\/\/arantv.az\/index.php?rest_route=%2Fwp%2Fv2%2Fmedia&parent=296385"}],"wp:term":[{"taxonomy":"category","embeddable":true,"href":"https:\/\/arantv.az\/index.php?rest_route=%2Fwp%2Fv2%2Fcategories&post=296385"},{"taxonomy":"post_tag","embeddable":true,"href":"https:\/\/arantv.az\/index.php?rest_route=%2Fwp%2Fv2%2Ftags&post=296385"}],"curies":[{"name":"wp","href":"https:\/\/api.w.org\/{rel}","templated":true}]}}