{"id":29906,"date":"2018-12-29T09:09:56","date_gmt":"2018-12-29T06:09:56","guid":{"rendered":"http:\/\/arantv.az\/?p=29906"},"modified":"2018-12-29T09:09:56","modified_gmt":"2018-12-29T06:09:56","slug":"baki-g%c9%99nc%c9%99-sur%c9%99t-qatari-ilk-reys%c9%99-cixdi-foto","status":"publish","type":"post","link":"https:\/\/arantv.az\/?p=29906","title":{"rendered":"Bak\u0131-G\u0259nc\u0259 s\u00fcr\u0259t qatar\u0131 ilk reys\u0259 \u00e7\u0131xd\u0131 &#8211; FOTO"},"content":{"rendered":"<p>Dekabr\u0131n 29-da s\u0259h\u0259r saat 09:00-da Bak\u0131-G\u0259nc\u0259\u00a0s\u00fcr\u0259t qatar\u0131 yola d\u00fc\u015f\u00fcb.<\/p>\n<p><b>ARANTV.AZ\u00a0<\/b>x\u0259b\u0259r verir ki, \u201cAz\u0259rbaycan D\u0259mir Yollar\u0131\u201d QSC-nin s\u0259dri\u00a0<strong>Cavid Qurbanov<\/strong>\u00a0qatar yola d\u00fc\u015fm\u0259zd\u0259n \u0259vv\u0259l qatardan istifad\u0259 ed\u0259n s\u0259rni\u015finl\u0259r\u0259, bu qatarda f\u0259aliyy\u0259t g\u00f6st\u0259r\u0259c\u0259k \u0259m\u0259kda\u015flara u\u011furlar arzulay\u0131b.<\/p>\n<p>D\u00fcnya Az\u0259rbaycanl\u0131lar\u0131n\u0131n H\u0259mr\u0259ylik G\u00fcn\u00fc v\u0259 Yeni il m\u00fcnasib\u0259ti il\u0259 Az\u0259rbaycan xalq\u0131n\u0131 t\u0259brik ed\u0259n QSC s\u0259dri i\u015f\u011fal alt\u0131nda olan torpaqlar\u0131m\u0131z\u0131n azad olaca\u011f\u0131n\u0131 v\u0259 yeni qatarlarla Qaraba\u011fa s\u0259f\u0259rl\u0259r ed\u0259c\u0259yimiz\u0259 inand\u0131\u011f\u0131n\u0131 vur\u011fulay\u0131b.<\/p>\n<p>Qeyd ed\u0259k ki, Bak\u0131-G\u0259nc\u0259-Bak\u0131 s\u00fcr\u0259t qatar\u0131 h\u0259r ay\u0131n c\u00fct g\u00fcnl\u0259rind\u0259 Bak\u0131dan, t\u0259k g\u00fcnl\u0259rind\u0259 is\u0259 G\u0259nc\u0259 \u015f\u0259h\u0259rind\u0259n saat 09:00-da yola d\u00fc\u015f\u0259c\u0259k.<\/p>\n<p>Qatar\u0131n yolda olma m\u00fcdd\u0259ti 4 saat 28 d\u0259qiq\u0259 t\u0259\u015fkil edir. S\u0259rni\u015finl\u0259rin n\u0259z\u0259rin\u0259 \u00e7atd\u0131r\u0131l\u0131r ki, qatar\u0131n Bil\u0259c\u0259ri, Yevlax v\u0259 Goran stansiyalar\u0131nda dayanacaqlar\u0131 m\u00f6vcuddur.<\/p>\n<p>D\u00f6rd vaqondan ibar\u0259t qatarda birinci klass (doqquz yer), biznes (62 yer) v\u0259 standart (296 yer) olmaqla, c\u0259mi 367 oturacaq yeri var. Gedi\u015f biletl\u0259ri d\u0259mir yolu kassalar\u0131nda v\u0259 internet sayt\u0131nda onlayn sat\u0131l\u0131r.<\/p>\n<p>Qeyd ed\u0259k ki, bu g\u00fcn qatar media n\u00fcmay\u0259nd\u0259l\u0259rinin i\u015ftirak\u0131 il\u0259 ilk s\u0259f\u0259rin\u0259 \u00e7\u0131x\u0131b.<\/p>\n<div class=\"gallery\">\n<div class=\"gallery-i\"><img src=\"https:\/\/assets.oxu.az\/uploads\/W1siZiIsIjIwMTgvMTIvMjkvMDkvNDIvMjQvNjViNjI2MDktOGQ2Yi00YjY0LThhYTEtNGFhNGU2M2I3OGQ2L2MyLmpwZyJdLFsicCIsImVuY29kZSIsImpwZyIsIi1xdWFsaXR5IDgwIl0sWyJwIiwidGh1bWIiLCI1OTB4NTkwXHUwMDNlIl1d?sha=6ac45b93c95bd680\" alt=\"\" \/><\/p>\n<div class=\"gallery-i-caption\"><\/div>\n<\/div>\n<div class=\"gallery-i\"><img src=\"https:\/\/assets.oxu.az\/uploads\/W1siZiIsIjIwMTgvMTIvMjkvMDkvNDIvMjUvMTI0YzY4OTItNmEzMS00MDdjLTlmY2QtNTA4OWZkZWEwNTE1L2MxLmpwZyJdLFsicCIsImVuY29kZSIsImpwZyIsIi1xdWFsaXR5IDgwIl0sWyJwIiwidGh1bWIiLCI1OTB4NTkwXHUwMDNlIl1d?sha=ab684965ee1d1c31\" alt=\"\" \/><\/p>\n<div class=\"gallery-i-caption\"><\/div>\n<\/div>\n<div class=\"gallery-i\"><img src=\"https:\/\/assets.oxu.az\/uploads\/W1siZiIsIjIwMTgvMTIvMjkvMDkvNTEvNTQvNWUxMGRkNmQtYTA0ZC00OGJiLWFjNzItYzJlYTNiZWZiMmYwLzQ5NDcyMzAwXzI4ODY3MDAxNTMzMjI1MF8zOTA0MTgxOTk5OTkyMDQ1NTY4X24uanBnIl0sWyJwIiwiZW5jb2RlIiwianBnIiwiLXF1YWxpdHkgODAiXSxbInAiLCJ0aHVtYiIsIjU5MHg1OTBcdTAwM2UiXV0?sha=ad828e05f97c83db\" alt=\"\" \/><\/p>\n<div class=\"gallery-i-caption\"><\/div>\n<\/div>\n<\/div>\n<p><b>oxu.az<\/b><\/p>\n","protected":false},"excerpt":{"rendered":"<p>Dekabr\u0131n 29-da s\u0259h\u0259r saat 09:00-da Bak\u0131-G\u0259nc\u0259\u00a0s\u00fcr\u0259t qatar\u0131 yola d\u00fc\u015f\u00fcb. ARANTV.AZ\u00a0x\u0259b\u0259r verir ki, \u201cAz\u0259rbaycan D\u0259mir Yollar\u0131\u201d QSC-nin s\u0259dri\u00a0Cavid Qurbanov\u00a0qatar yola d\u00fc\u015fm\u0259zd\u0259n \u0259vv\u0259l qatardan istifad\u0259 ed\u0259n s\u0259rni\u015finl\u0259r\u0259, bu qatarda f\u0259aliyy\u0259t g\u00f6st\u0259r\u0259c\u0259k \u0259m\u0259kda\u015flara u\u011furlar arzulay\u0131b. D\u00fcnya Az\u0259rbaycanl\u0131lar\u0131n\u0131n H\u0259mr\u0259ylik G\u00fcn\u00fc v\u0259 Yeni il m\u00fcnasib\u0259ti il\u0259 Az\u0259rbaycan xalq\u0131n\u0131 t\u0259brik ed\u0259n QSC s\u0259dri i\u015f\u011fal alt\u0131nda olan torpaqlar\u0131m\u0131z\u0131n azad olaca\u011f\u0131n\u0131 v\u0259 yeni qatarlarla Qaraba\u011fa s\u0259f\u0259rl\u0259r ed\u0259c\u0259yimiz\u0259 inand\u0131\u011f\u0131n\u0131 vur\u011fulay\u0131b. Qeyd ed\u0259k ki, Bak\u0131-G\u0259nc\u0259-Bak\u0131 s\u00fcr\u0259t qatar\u0131 h\u0259r ay\u0131n c\u00fct g\u00fcnl\u0259rind\u0259 Bak\u0131dan, t\u0259k g\u00fcnl\u0259rind\u0259 is\u0259 G\u0259nc\u0259 \u015f\u0259h\u0259rind\u0259n saat 09:00-da yola d\u00fc\u015f\u0259c\u0259k. Qatar\u0131n yolda olma m\u00fcdd\u0259ti 4 saat 28 d\u0259qiq\u0259 t\u0259\u015fkil&hellip;<\/p>\n","protected":false},"author":2,"featured_media":29907,"comment_status":"closed","ping_status":"closed","sticky":false,"template":"","format":"standard","meta":{"om_disable_all_campaigns":false,"_monsterinsights_skip_tracking":false,"_monsterinsights_sitenote_active":false,"_monsterinsights_sitenote_note":"","_monsterinsights_sitenote_category":0},"categories":[1],"tags":[],"aioseo_notices":[],"gutentor_comment":0,"rttpg_featured_image_url":{"full":["https:\/\/arantv.az\/wp-content\/uploads\/2018\/12\/6816f757-0d0e-4bb4-ad6c-891f21a2e493.jpg",620,353,false],"landscape":["https:\/\/arantv.az\/wp-content\/uploads\/2018\/12\/6816f757-0d0e-4bb4-ad6c-891f21a2e493.jpg",620,353,false],"portraits":["https:\/\/arantv.az\/wp-content\/uploads\/2018\/12\/6816f757-0d0e-4bb4-ad6c-891f21a2e493.jpg",620,353,false],"thumbnail":["https:\/\/arantv.az\/wp-content\/uploads\/2018\/12\/6816f757-0d0e-4bb4-ad6c-891f21a2e493-150x150.jpg",150,150,true],"medium":["https:\/\/arantv.az\/wp-content\/uploads\/2018\/12\/6816f757-0d0e-4bb4-ad6c-891f21a2e493-300x171.jpg",300,171,true],"large":["https:\/\/arantv.az\/wp-content\/uploads\/2018\/12\/6816f757-0d0e-4bb4-ad6c-891f21a2e493.jpg",620,353,false],"1536x1536":["https:\/\/arantv.az\/wp-content\/uploads\/2018\/12\/6816f757-0d0e-4bb4-ad6c-891f21a2e493.jpg",620,353,false],"2048x2048":["https:\/\/arantv.az\/wp-content\/uploads\/2018\/12\/6816f757-0d0e-4bb4-ad6c-891f21a2e493.jpg",620,353,false],"post-thumbnail":["https:\/\/arantv.az\/wp-content\/uploads\/2018\/12\/6816f757-0d0e-4bb4-ad6c-891f21a2e493-240x172.jpg",240,172,true],"advps-thumb-one":["https:\/\/arantv.az\/wp-content\/uploads\/2018\/12\/6816f757-0d0e-4bb4-ad6c-891f21a2e493.jpg",620,353,false]},"rttpg_author":{"display_name":"V\u00fcsal Rafiqo\u011flu","author_link":"https:\/\/arantv.az\/?author=2"},"rttpg_comment":0,"rttpg_category":"<a href=\"https:\/\/arantv.az\/?cat=1\" rel=\"category\">C\u0259miyy\u0259t<\/a>","rttpg_excerpt":"Dekabr\u0131n 29-da s\u0259h\u0259r saat 09:00-da Bak\u0131-G\u0259nc\u0259\u00a0s\u00fcr\u0259t qatar\u0131 yola d\u00fc\u015f\u00fcb. ARANTV.AZ\u00a0x\u0259b\u0259r verir ki, \u201cAz\u0259rbaycan D\u0259mir Yollar\u0131\u201d QSC-nin s\u0259dri\u00a0Cavid Qurbanov\u00a0qatar yola d\u00fc\u015fm\u0259zd\u0259n \u0259vv\u0259l qatardan istifad\u0259 ed\u0259n s\u0259rni\u015finl\u0259r\u0259, bu qatarda f\u0259aliyy\u0259t g\u00f6st\u0259r\u0259c\u0259k \u0259m\u0259kda\u015flara u\u011furlar arzulay\u0131b. D\u00fcnya Az\u0259rbaycanl\u0131lar\u0131n\u0131n H\u0259mr\u0259ylik G\u00fcn\u00fc v\u0259 Yeni il m\u00fcnasib\u0259ti il\u0259 Az\u0259rbaycan xalq\u0131n\u0131 t\u0259brik ed\u0259n QSC s\u0259dri i\u015f\u011fal alt\u0131nda olan torpaqlar\u0131m\u0131z\u0131n azad olaca\u011f\u0131n\u0131 v\u0259 yeni&hellip;","_links":{"self":[{"href":"https:\/\/arantv.az\/index.php?rest_route=\/wp\/v2\/posts\/29906"}],"collection":[{"href":"https:\/\/arantv.az\/index.php?rest_route=\/wp\/v2\/posts"}],"about":[{"href":"https:\/\/arantv.az\/index.php?rest_route=\/wp\/v2\/types\/post"}],"author":[{"embeddable":true,"href":"https:\/\/arantv.az\/index.php?rest_route=\/wp\/v2\/users\/2"}],"replies":[{"embeddable":true,"href":"https:\/\/arantv.az\/index.php?rest_route=%2Fwp%2Fv2%2Fcomments&post=29906"}],"version-history":[{"count":0,"href":"https:\/\/arantv.az\/index.php?rest_route=\/wp\/v2\/posts\/29906\/revisions"}],"wp:featuredmedia":[{"embeddable":true,"href":"https:\/\/arantv.az\/index.php?rest_route=\/wp\/v2\/media\/29907"}],"wp:attachment":[{"href":"https:\/\/arantv.az\/index.php?rest_route=%2Fwp%2Fv2%2Fmedia&parent=29906"}],"wp:term":[{"taxonomy":"category","embeddable":true,"href":"https:\/\/arantv.az\/index.php?rest_route=%2Fwp%2Fv2%2Fcategories&post=29906"},{"taxonomy":"post_tag","embeddable":true,"href":"https:\/\/arantv.az\/index.php?rest_route=%2Fwp%2Fv2%2Ftags&post=29906"}],"curies":[{"name":"wp","href":"https:\/\/api.w.org\/{rel}","templated":true}]}}