{"id":29950,"date":"2018-12-29T11:15:43","date_gmt":"2018-12-29T08:15:43","guid":{"rendered":"http:\/\/arantv.az\/?p=29950"},"modified":"2018-12-29T11:15:43","modified_gmt":"2018-12-29T08:15:43","slug":"dunya-az%c9%99rbaycanlilarinin-h%c9%99mr%c9%99yliyi-gunu-munasib%c9%99til%c9%99-aciq-qapi-gunu-kecirilir","status":"publish","type":"post","link":"https:\/\/arantv.az\/?p=29950","title":{"rendered":"D\u00fcnya Az\u0259rbaycanl\u0131lar\u0131n\u0131n H\u0259mr\u0259yliyi G\u00fcn\u00fc m\u00fcnasib\u0259til\u0259 \u201cA\u00e7\u0131q qap\u0131 g\u00fcn\u00fc\u201d ke\u00e7irilir"},"content":{"rendered":"<p><strong>ARANTV.AZ<\/strong> x\u0259b\u0259r verir ki, m\u00fcdafi\u0259 naziri general-polkovnik Zakir H\u0259s\u0259novun tap\u015f\u0131r\u0131\u011f\u0131na \u0259sas\u0259n, bu g\u00fcn\u00a0 D\u00fcnya Az\u0259rbaycanl\u0131lar\u0131n\u0131n H\u0259mr\u0259yliyi G\u00fcn\u00fc v\u0259 Yeni il m\u00fcnasib\u0259til\u0259 b\u00fct\u00fcn h\u0259rbi hiss\u0259l\u0259rd\u0259 \u0259sg\u0259r valideynl\u0259ri v\u0259 yax\u0131nlar\u0131 \u00fc\u00e7\u00fcn \u201cA\u00e7\u0131q qap\u0131 g\u00fcn\u00fc\u201d ke\u00e7irilir.<br \/>\nZiyar\u0259t\u00e7il\u0259r h\u0259rbi hiss\u0259l\u0259rd\u0259 yarad\u0131lan ya\u015fay\u0131\u015f v\u0259 m\u0259i\u015f\u0259t \u015f\u0259raiti il\u0259 tan\u0131\u015f olacaq, xidm\u0259ti, inzibati binalara, \u0259sg\u0259r yataqxanalar\u0131 v\u0259 yem\u0259kxanalara ba\u015f \u00e7\u0259k\u0259c\u0259kl\u0259r.<br \/>\n\u201cA\u00e7\u0131q qap\u0131 g\u00fcn\u00fc\u201d \u00e7\u0259r\u00e7iv\u0259sind\u0259 komandanl\u0131qla valideynl\u0259rin g\u00f6r\u00fc\u015fl\u0259rind\u0259 h\u0259rbi qulluq\u00e7ular\u0131n xidm\u0259ti il\u0259 ba\u011fl\u0131 onlar\u0131 maraqland\u0131ran m\u0259s\u0259l\u0259l\u0259r m\u00fczakir\u0259 edil\u0259c\u0259k v\u0259 suallar\u0131 cavabland\u0131r\u0131lacaq.<br \/>\nBayram g\u00fcn\u00fc m\u00fcnasib\u0259til\u0259 \u015f\u0259xsi hey\u0259t \u00fc\u00e7\u00fcn m\u0259d\u0259ni-k\u00fctl\u0259vi t\u0259dbirl\u0259r ke\u00e7iril\u0259c\u0259k.<\/p>\n","protected":false},"excerpt":{"rendered":"<p>ARANTV.AZ x\u0259b\u0259r verir ki, m\u00fcdafi\u0259 naziri general-polkovnik Zakir H\u0259s\u0259novun tap\u015f\u0131r\u0131\u011f\u0131na \u0259sas\u0259n, bu g\u00fcn\u00a0 D\u00fcnya Az\u0259rbaycanl\u0131lar\u0131n\u0131n H\u0259mr\u0259yliyi G\u00fcn\u00fc v\u0259 Yeni il m\u00fcnasib\u0259til\u0259 b\u00fct\u00fcn h\u0259rbi hiss\u0259l\u0259rd\u0259 \u0259sg\u0259r valideynl\u0259ri v\u0259 yax\u0131nlar\u0131 \u00fc\u00e7\u00fcn \u201cA\u00e7\u0131q qap\u0131 g\u00fcn\u00fc\u201d ke\u00e7irilir. Ziyar\u0259t\u00e7il\u0259r h\u0259rbi hiss\u0259l\u0259rd\u0259 yarad\u0131lan ya\u015fay\u0131\u015f v\u0259 m\u0259i\u015f\u0259t \u015f\u0259raiti il\u0259 tan\u0131\u015f olacaq, xidm\u0259ti, inzibati binalara, \u0259sg\u0259r yataqxanalar\u0131 v\u0259 yem\u0259kxanalara ba\u015f \u00e7\u0259k\u0259c\u0259kl\u0259r. \u201cA\u00e7\u0131q qap\u0131 g\u00fcn\u00fc\u201d \u00e7\u0259r\u00e7iv\u0259sind\u0259 komandanl\u0131qla valideynl\u0259rin g\u00f6r\u00fc\u015fl\u0259rind\u0259 h\u0259rbi qulluq\u00e7ular\u0131n xidm\u0259ti il\u0259 ba\u011fl\u0131 onlar\u0131 maraqland\u0131ran m\u0259s\u0259l\u0259l\u0259r m\u00fczakir\u0259 edil\u0259c\u0259k v\u0259 suallar\u0131 cavabland\u0131r\u0131lacaq. Bayram g\u00fcn\u00fc m\u00fcnasib\u0259til\u0259 \u015f\u0259xsi hey\u0259t \u00fc\u00e7\u00fcn m\u0259d\u0259ni-k\u00fctl\u0259vi t\u0259dbirl\u0259r ke\u00e7iril\u0259c\u0259k.<\/p>\n","protected":false},"author":2,"featured_media":29951,"comment_status":"closed","ping_status":"closed","sticky":false,"template":"","format":"standard","meta":{"om_disable_all_campaigns":false,"_monsterinsights_skip_tracking":false,"_monsterinsights_sitenote_active":false,"_monsterinsights_sitenote_note":"","_monsterinsights_sitenote_category":0},"categories":[19],"tags":[],"aioseo_notices":[],"gutentor_comment":0,"rttpg_featured_image_url":{"full":["https:\/\/arantv.az\/wp-content\/uploads\/2018\/12\/0d86c1906425a2712f1b5bb059ef8b1d.jpg",1000,624,false],"landscape":["https:\/\/arantv.az\/wp-content\/uploads\/2018\/12\/0d86c1906425a2712f1b5bb059ef8b1d.jpg",1000,624,false],"portraits":["https:\/\/arantv.az\/wp-content\/uploads\/2018\/12\/0d86c1906425a2712f1b5bb059ef8b1d.jpg",1000,624,false],"thumbnail":["https:\/\/arantv.az\/wp-content\/uploads\/2018\/12\/0d86c1906425a2712f1b5bb059ef8b1d-150x150.jpg",150,150,true],"medium":["https:\/\/arantv.az\/wp-content\/uploads\/2018\/12\/0d86c1906425a2712f1b5bb059ef8b1d-300x187.jpg",300,187,true],"large":["https:\/\/arantv.az\/wp-content\/uploads\/2018\/12\/0d86c1906425a2712f1b5bb059ef8b1d.jpg",640,399,false],"1536x1536":["https:\/\/arantv.az\/wp-content\/uploads\/2018\/12\/0d86c1906425a2712f1b5bb059ef8b1d.jpg",1000,624,false],"2048x2048":["https:\/\/arantv.az\/wp-content\/uploads\/2018\/12\/0d86c1906425a2712f1b5bb059ef8b1d.jpg",1000,624,false],"post-thumbnail":["https:\/\/arantv.az\/wp-content\/uploads\/2018\/12\/0d86c1906425a2712f1b5bb059ef8b1d-240x172.jpg",240,172,true],"advps-thumb-one":["https:\/\/arantv.az\/wp-content\/uploads\/2018\/12\/0d86c1906425a2712f1b5bb059ef8b1d-1000x620.jpg",1000,620,true]},"rttpg_author":{"display_name":"V\u00fcsal Rafiqo\u011flu","author_link":"https:\/\/arantv.az\/?author=2"},"rttpg_comment":0,"rttpg_category":"<a href=\"https:\/\/arantv.az\/?cat=19\" rel=\"category\">G\u00fcnd\u0259m<\/a>","rttpg_excerpt":"ARANTV.AZ x\u0259b\u0259r verir ki, m\u00fcdafi\u0259 naziri general-polkovnik Zakir H\u0259s\u0259novun tap\u015f\u0131r\u0131\u011f\u0131na \u0259sas\u0259n, bu g\u00fcn\u00a0 D\u00fcnya Az\u0259rbaycanl\u0131lar\u0131n\u0131n H\u0259mr\u0259yliyi G\u00fcn\u00fc v\u0259 Yeni il m\u00fcnasib\u0259til\u0259 b\u00fct\u00fcn h\u0259rbi hiss\u0259l\u0259rd\u0259 \u0259sg\u0259r valideynl\u0259ri v\u0259 yax\u0131nlar\u0131 \u00fc\u00e7\u00fcn \u201cA\u00e7\u0131q qap\u0131 g\u00fcn\u00fc\u201d ke\u00e7irilir. Ziyar\u0259t\u00e7il\u0259r h\u0259rbi hiss\u0259l\u0259rd\u0259 yarad\u0131lan ya\u015fay\u0131\u015f v\u0259 m\u0259i\u015f\u0259t \u015f\u0259raiti il\u0259 tan\u0131\u015f olacaq, xidm\u0259ti, inzibati binalara, \u0259sg\u0259r yataqxanalar\u0131 v\u0259 yem\u0259kxanalara ba\u015f \u00e7\u0259k\u0259c\u0259kl\u0259r. \u201cA\u00e7\u0131q qap\u0131&hellip;","_links":{"self":[{"href":"https:\/\/arantv.az\/index.php?rest_route=\/wp\/v2\/posts\/29950"}],"collection":[{"href":"https:\/\/arantv.az\/index.php?rest_route=\/wp\/v2\/posts"}],"about":[{"href":"https:\/\/arantv.az\/index.php?rest_route=\/wp\/v2\/types\/post"}],"author":[{"embeddable":true,"href":"https:\/\/arantv.az\/index.php?rest_route=\/wp\/v2\/users\/2"}],"replies":[{"embeddable":true,"href":"https:\/\/arantv.az\/index.php?rest_route=%2Fwp%2Fv2%2Fcomments&post=29950"}],"version-history":[{"count":0,"href":"https:\/\/arantv.az\/index.php?rest_route=\/wp\/v2\/posts\/29950\/revisions"}],"wp:featuredmedia":[{"embeddable":true,"href":"https:\/\/arantv.az\/index.php?rest_route=\/wp\/v2\/media\/29951"}],"wp:attachment":[{"href":"https:\/\/arantv.az\/index.php?rest_route=%2Fwp%2Fv2%2Fmedia&parent=29950"}],"wp:term":[{"taxonomy":"category","embeddable":true,"href":"https:\/\/arantv.az\/index.php?rest_route=%2Fwp%2Fv2%2Fcategories&post=29950"},{"taxonomy":"post_tag","embeddable":true,"href":"https:\/\/arantv.az\/index.php?rest_route=%2Fwp%2Fv2%2Ftags&post=29950"}],"curies":[{"name":"wp","href":"https:\/\/api.w.org\/{rel}","templated":true}]}}