{"id":29953,"date":"2018-12-29T11:19:55","date_gmt":"2018-12-29T08:19:55","guid":{"rendered":"http:\/\/arantv.az\/?p=29953"},"modified":"2018-12-29T11:19:55","modified_gmt":"2018-12-29T08:19:55","slug":"deputatlar-yeni-ili-harada-qarsilayacaqlar","status":"publish","type":"post","link":"https:\/\/arantv.az\/?p=29953","title":{"rendered":"Deputatlar Yeni ili harada qar\u015f\u0131layacaqlar?"},"content":{"rendered":"<div class=\"spot\">Daha bir il tarix\u0259 qovu\u015fur. 2018-ci ili arxada qoyub, 2019-cu il\u0259 q\u0259d\u0259m qoyuruq. H\u0259r il oldu\u011fu kimi, bu il d\u0259 dekabr\u0131n 31-i \u00f6lk\u0259mizd\u0259 h\u0259m Yeni il bayram\u0131, h\u0259m d\u0259 D\u00fcnya Az\u0259rbaycanl\u0131lar\u0131n\u0131n H\u0259mr\u0259yliyi G\u00fcn\u00fc kimi qeyd olunacaq. 31 dekabr gec\u0259sind\u0259 h\u0259r bir ail\u0259d\u0259 bayram s\u00fcfr\u0259si a\u00e7\u0131lacaq, t\u0259brikl\u0259r q\u0259bul edil\u0259c\u0259k. B\u0259s siyasil\u0259r, mill\u0259t v\u0259kill\u0259ri 31 dekabr\u0131 harada, kiml\u0259rl\u0259 v\u0259 nec\u0259 qeyd etm\u0259yi d\u00fc\u015f\u00fcn\u00fcrl\u0259r?<\/div>\n<p><strong>ARANTV.AZ<\/strong> x\u0259b\u0259r verir ki, bununla ba\u011fl\u0131 Oxu.Az-\u0131n sor\u011fusuna bir ne\u00e7\u0259 mill\u0259t v\u0259kilinin cavab\u0131n\u0131 oxuculara t\u0259qdim edirik:<\/p>\n<p><em><strong>Ayd\u0131n Mirz\u0259zad\u0259: Yeni ili Bak\u0131da, ail\u0259ml\u0259 birlikd\u0259 qeyd ed\u0259c\u0259m<\/strong><\/em><\/p>\n<p><em><strong><img src=\"http:\/\/olke.az\/uploads\/images\/aydinmirzezade(1).jpg\" alt=\"\" width=\"100%\" \/><\/strong><\/em><\/p>\n<p>\u201cYeni ili v\u0259 D\u00fcnya Az\u0259rbaycanl\u0131lar\u0131n\u0131n H\u0259mr\u0259ylik G\u00fcn\u00fcn\u00fc Bak\u0131da, ail\u0259ml\u0259 birlikd\u0259 ke\u00e7ir\u0259c\u0259y\u0259m. Parlamentin q\u0131\u015f t\u0259tilind\u0259n istifad\u0259 edib, yanvar\u0131n 10-15 aras\u0131 Ming\u0259\u00e7evird\u0259 se\u00e7icil\u0259rin q\u0259bulunu ke\u00e7irm\u0259k fikrind\u0259y\u0259m\u201d.<\/p>\n<p><em><strong>Sahib Al\u0131yev: Yeni ild\u0259 evimd\u0259 oluram<\/strong><\/em><\/p>\n<p><em><strong><img src=\"http:\/\/olke.az\/uploads\/images\/sahibeliyev.jpg\" alt=\"\" width=\"100%\" \/><\/strong><\/em><\/p>\n<p>\u201c\u0130ndiy\u0259 q\u0259d\u0259r, dem\u0259k olar ki, b\u00fct\u00fcn Yeni il bayramlar\u0131nda evimd\u0259 oluram, y\u0259qin ki, bu il d\u0259 istisna t\u0259\u015fkil etm\u0259y\u0259c\u0259k. Yeni ili Bak\u0131da, evimd\u0259 qeyd ed\u0259c\u0259y\u0259m\u201d.<\/p>\n<p><em><strong>Eld\u0259niz S\u0259limov: Arzum odur ki, 2019-cu il Qaraba\u011fl\u0131 Az\u0259rbaycan kimi tarix\u0259 d\u00fc\u015fs\u00fcn<\/strong><\/em><\/p>\n<p><em><strong><img src=\"http:\/\/olke.az\/uploads\/images\/eldeniz.jpg\" alt=\"\" width=\"100%\" \/><\/strong><\/em><\/p>\n<p>&nbsp;<\/p>\n<p>\u201cYeni ili v\u0259 H\u0259mr\u0259ylik g\u00fcn\u00fcn\u00fc yen\u0259 do\u011fma Xa\u00e7maz rayonunda, valideynl\u0259riml\u0259, ail\u0259ml\u0259, se\u00e7icil\u0259riml\u0259 birlikd\u0259 ke\u00e7ir\u0259c\u0259y\u0259m. H\u0259r il bel\u0259 olub, bu il d\u0259 bel\u0259 olacaq. Hesab edir\u0259m ki, Yeni ili \u00f6z do\u011fma b\u00f6lg\u0259nd\u0259, ail\u0259nl\u0259, \u0259zizl\u0259rinl\u0259 ke\u00e7irm\u0259kd\u0259n, qeyd etm\u0259kd\u0259n g\u00f6z\u0259l he\u00e7 n\u0259 ola bilm\u0259z.<\/p>\n<p>F\u00fcrs\u0259td\u0259n istifad\u0259 edib, h\u0259r bir k\u0259sin, b\u00fct\u00fcn d\u00fcnya az\u0259rbaycanl\u0131lar\u0131n\u0131n, Az\u0259rbaycan t\u00fcrkl\u0259rinin h\u0259m Yeni ilini, h\u0259m d\u0259 \u00e7ox \u0259ziz H\u0259mr\u0259ylik g\u00fcn\u00fcn\u00fc t\u0259brik edir\u0259m, onlara xo\u015fb\u0259xtlik, s\u0259ad\u0259t, sakitlik, \u0259min-amanl\u0131q arzulay\u0131ram.<\/p>\n<p>Arzu edir\u0259m ki, bu, bizim Qaraba\u011fs\u0131z sonuncu ilimiz olsun. 2019-cu il Qaraba\u011fl\u0131 Az\u0259rbaycan kimi tarix\u0259 d\u00fc\u015fs\u00fcn. \u0130nsanlar\u0131m\u0131z\u0131n torpaq, v\u0259t\u0259n, Qaraba\u011f h\u0259sr\u0259tin\u0259, g\u00f6z ya\u015flar\u0131na, ac\u0131lar\u0131na bird\u0259f\u0259lik son qoyulsun.<\/p>\n<p>H\u0259r k\u0259s Yeni ilini \u00f6z elind\u0259, \u00f6z obas\u0131nda, \u00f6z oca\u011f\u0131n\u0131n ba\u015f\u0131nda qeyd etsin. \u0130nan\u0131ram ki, bel\u0259 olacaq\u201d.<\/p>\n<p><em><strong>Naqif H\u0259mz\u0259yev: Yeni ili G\u0259nc\u0259d\u0259 ke\u00e7ir\u0259c\u0259m<\/strong><\/em><\/p>\n<p><em><strong><img src=\"http:\/\/olke.az\/uploads\/images\/naqif.jpg\" alt=\"\" width=\"100%\" \/><\/strong><\/em><\/p>\n<p>\u201cYeni ili ail\u0259m v\u0259 do\u011fmalar\u0131mla do\u011fma G\u0259nc\u0259 \u015f\u0259h\u0259rind\u0259 ke\u00e7ir\u0259c\u0259m. H\u0259m\u00e7inin, \u015f\u0259h\u0259rd\u0259 ke\u00e7iril\u0259c\u0259k bayram t\u0259dbirl\u0259rin\u0259 qat\u0131lacam\u201d.<\/p>\n<p><em><strong>Sevinc F\u0259t\u0259liyeva: Evimd\u0259, ail\u0259ml\u0259 birlikd\u0259 Yeni ili qar\u015f\u0131layaca\u011f\u0131q<\/strong><\/em><\/p>\n<p><img src=\"http:\/\/olke.az\/uploads\/images\/sec.jpg\" alt=\"\" width=\"100%\" \/><\/p>\n<p>\u201cYeni il bu il d\u0259 \u0259n\u0259n\u0259vi olaraq evd\u0259, ail\u0259ml\u0259 birlikd\u0259 qar\u015f\u0131layacam. H\u0259r k\u0259sin, b\u00fct\u00f6vl\u00fckd\u0259 xalq\u0131m\u0131z\u0131n Yeni ili v\u0259 H\u0259mr\u0259ylik g\u00fcn\u00fc m\u00fcbar\u0259k olsun!\u201d<\/p>\n<p><em><strong>Az\u0259r Badamov: \u015eahda\u011fda xiz\u0259k s\u00fcrm\u0259yi n\u0259z\u0259rd\u0259 tuturam<\/strong><\/em><\/p>\n<p><em><strong><img src=\"http:\/\/olke.az\/uploads\/images\/azerbadamov(1).jpg\" alt=\"\" width=\"100%\" \/><\/strong><\/em><\/p>\n<p>\u201cQusar turizm rayonu kimi ham\u0131 t\u0259r\u0259find\u0259n sevilir. Ay\u0131n 15-d\u0259n sonra \u015eahda\u011f turizm kompleksind\u0259 d\u0259 q\u0131\u015f m\u00f6vs\u00fcm\u00fcn\u0259 start verilir.<\/p>\n<p>Rayonun b\u00fct\u00fcn hotell\u0259ri turistl\u0259r t\u0259r\u0259find\u0259n indid\u0259n sifari\u015f olunub. Dem\u0259k olar ki, bayramlarda bo\u015f yerl\u0259r qalmay\u0131b.<\/p>\n<p>Bel\u0259 g\u00f6z\u0259l b\u00f6lg\u0259ni t\u0259msil etdiyimd\u0259n Yeni \u0130l bayram\u0131n\u0131 da, t\u0259bii ki, ail\u0259ml\u0259 bir yerd\u0259 Qusar rayonunda ke\u00e7irm\u0259yi planla\u015fd\u0131r\u0131r\u0131q.<\/p>\n<p>Bayramda f\u00fcrs\u0259td\u0259n istifad\u0259 ed\u0259r\u0259k se\u00e7icil\u0259rimin aras\u0131nda olaca\u011fam, h\u0259m d\u0259 \u015eahda\u011fda xiz\u0259k s\u00fcrm\u0259yi n\u0259z\u0259rd\u0259 tuturam\u201d.<\/p>\n<p><em><strong>Sona \u018fliyeva: \u00d6lk\u0259d\u0259n k\u0259nara \u00e7\u0131xa bilmirik<\/strong><\/em><\/p>\n<p><em><strong><img src=\"http:\/\/olke.az\/uploads\/images\/set.jpg\" alt=\"\" width=\"100%\" \/><\/strong><\/em><\/p>\n<p>\u201cM\u0259n bayram\u0131 ail\u0259ml\u0259 birg\u0259 Az\u0259rbaycanda ke\u00e7ir\u0259c\u0259m. Haz\u0131rda q\u0131z\u0131m ali m\u0259kt\u0259b\u0259 haz\u0131rla\u015f\u0131r. Ona g\u00f6r\u0259 \u00f6lk\u0259d\u0259n k\u0259nara \u00e7\u0131xa bilmirik\u201d.<\/p>\n<p><em><strong>Tahir Rzayev: H\u0259m Bak\u0131da, h\u0259m do\u011fma A\u011fcab\u0259did\u0259 olacam<\/strong><\/em><\/p>\n<p><em><strong><img src=\"http:\/\/olke.az\/uploads\/images\/tahir.jpg\" alt=\"\" width=\"100%\" \/><\/strong><\/em><\/p>\n<p>\u201cH\u0259r k\u0259si Yeni il v\u0259 H\u0259mr\u0259ylik G\u00fcn\u00fc m\u00fcnasib\u0259ti il\u0259 t\u0259brik edir\u0259m. Arzu edir\u0259m ki, Yeni il xalq\u0131m\u0131za, d\u00f6vl\u0259timiz\u0259 d\u00fc\u015f\u0259rli, u\u011furlu olsun, torpaqlar\u0131m\u0131z i\u015f\u011faldan qurtulsun, qa\u00e7q\u0131n-k\u00f6\u00e7k\u00fcnl\u0259rimiz \u00f6z yurd yerl\u0259rin\u0259 d\u00f6ns\u00fcn.<\/p>\n<p>Bu il d\u0259 Yeni ili ail\u0259ml\u0259, \u00f6vladlar\u0131mla, n\u0259v\u0259l\u0259riml\u0259 birlikd\u0259 qeyd ed\u0259c\u0259m. H\u0259m Bak\u0131da, h\u0259m d\u0259 do\u011fma A\u011fcab\u0259did\u0259 olacam\u201d.<\/p>\n<p><em><strong>H\u00fcseynbala Mir\u0259l\u0259mov: Yeni ili \u00f6z ail\u0259nl\u0259, \u00f6z do\u011fmalar\u0131nla ke\u00e7irm\u0259yin ayr\u0131 l\u0259zz\u0259ti, ayr\u0131 g\u00f6z\u0259lliyi var<\/strong><\/em><\/p>\n<p><em><strong><img src=\"http:\/\/olke.az\/uploads\/images\/mirelemov.jpg\" alt=\"\" width=\"100%\" \/><\/strong><\/em><\/p>\n<p>&nbsp;<\/p>\n<p>\u201cYeni ild\u0259 Bak\u0131da olma\u011f\u0131 d\u00fc\u015f\u00fcn\u00fcr\u0259m. Bu il d\u0259 Yeni ili evimd\u0259, ail\u0259ml\u0259 birlikd\u0259 qeyd ed\u0259c\u0259y\u0259m. Yeni ili \u00f6z ail\u0259nl\u0259, \u00f6z do\u011fmalar\u0131nla ke\u00e7irm\u0259yin ayr\u0131 l\u0259zz\u0259ti, ayr\u0131 g\u00f6z\u0259lliyi var. Bu, s\u00f6zl\u0259 ifad\u0259 oluna bilm\u0259z\u201d.<\/p>\n<p><em><strong>Fazil Mustafa: Adi g\u00fcnl\u0259rd\u0259n biri kimi ya\u015fayacam<\/strong><\/em><\/p>\n<p><em><strong><img src=\"http:\/\/olke.az\/uploads\/images\/fazil(1).jpg\" alt=\"\" width=\"100%\" \/><\/strong><\/em><\/p>\n<p>\u201cH\u0259mi\u015f\u0259ki kimi Bak\u0131da, evimd\u0259 olacam. X\u00fcsusi olaraq qeyd etm\u0259y\u0259c\u0259m, adi g\u00fcnl\u0259rd\u0259n biri kimi ya\u015fayaca\u011fam. \u018flb\u0259tt\u0259, Allah izin vers\u0259!\u201d<\/p>\n<p><em><strong>Hadi R\u0259c\u0259bli: Ruhum bir az da t\u0259z\u0259l\u0259n\u0259c\u0259k<\/strong><\/em><\/p>\n<p><em><strong><img src=\"http:\/\/olke.az\/uploads\/images\/hadi.jpg\" alt=\"\" width=\"100%\" \/><\/strong><\/em><\/p>\n<p>\u201cM\u0259n h\u0259r il oldu\u011fu kimi, bu il d\u0259 bayramlar\u0131 do\u011fma L\u0259nk\u0259randa ke\u00e7ir\u0259c\u0259y\u0259m. Se\u00e7icil\u0259riml\u0259 g\u00f6r\u00fc\u015f\u0259c\u0259m. \u015e\u0259hid ail\u0259l\u0259rin\u0259 ba\u015f \u00e7\u0259km\u0259k fikrim var. B\u00fct\u00fcn bunlar\u0131n n\u0259tic\u0259si o olacaq ki, m\u0259nim ruhum bir az da t\u0259z\u0259l\u0259n\u0259c\u0259k. Do\u011fma torpa\u011fa aya\u011f\u0131m d\u0259y\u0259nd\u0259 bir az da g\u00fccl\u00fc olaca\u011fam. Ona g\u00f6r\u0259 L\u0259nk\u0259randa ke\u00e7ir\u0259c\u0259y\u0259m bayramlar\u0131\u201d.<\/p>\n<p><em><strong>G\u00f6vh\u0259r Bax\u015f\u0259liyeva: Bayram g\u00fcnl\u0259ri yaz\u0131-pozular\u0131mla m\u0259\u015f\u011ful olacam<\/strong><\/em><\/p>\n<p><em><strong><img src=\"http:\/\/olke.az\/uploads\/images\/gov.jpg\" alt=\"\" width=\"100%\" \/><\/strong><\/em><\/p>\n<p>\u201cYeni ili \u00f6lk\u0259d\u0259 ail\u0259ml\u0259 birlikd\u0259 ke\u00e7ir\u0259c\u0259y\u0259m. Bayram g\u00fcnl\u0259ri is\u0259 yaz\u0131-pozular\u0131mla m\u0259\u015f\u011ful olaca\u011fam, yar\u0131m\u00e7\u0131q i\u015fl\u0259rimi \u00e7al\u0131\u015faca\u011fam tamamlay\u0131m. \u201cQ\u0259l\u0259m\u0259 s\u00f6z ver\u0259ydim. H\u0259r g\u00fcn bir yeni n\u0259\u011fm\u0259, h\u0259r g\u00fcn bir yeni ilham. Yazayd\u0131m s\u0259h\u0259r-ax\u015fam\u201d (M.M\u00fc\u015ffiq).<\/p>\n<p>Planlar \u00e7oxdur, materiallar \u00e7ox, ne\u00e7\u0259-ne\u00e7\u0259 \u0259s\u0259r yazmaq olar, amma t\u0259\u0259ss\u00fcf ki, vaxt azd\u0131r, \u00e7atd\u0131rmaq olmur. \u00c7ox ist\u0259rdim ki,\u00a0 n\u0259 vaxtsa bu i\u015fl\u0259rimi ba\u015fa \u00e7atd\u0131r\u0131m. Gec-tez biz ged\u0259siyik, qalan yaz\u0131lar\u0131m\u0131z olacaq\u201d.<\/p>\n<p><em><strong>P\u0259rvin K\u0259rimzad\u0259: Bayramlar\u0131 ail\u0259ml\u0259 evimizd\u0259 ke\u00e7irm\u0259yi \u00fcst\u00fcn tuturam<\/strong><\/em><\/p>\n<p><em><strong><img src=\"http:\/\/olke.az\/uploads\/images\/per.jpg\" alt=\"\" width=\"100%\" \/><\/strong><\/em><\/p>\n<p>\u201cYeni ili h\u0259r zaman \u0259n\u0259n\u0259vi olaraq evimizd\u0259, ail\u0259ml\u0259 qeyd edir\u0259m. \u00dcmumiyy\u0259tl\u0259, bayramlar\u0131 ail\u0259ml\u0259 evimizd\u0259 ke\u00e7irm\u0259yi h\u0259r zaman \u00fcst\u00fcn tuturam. Bayramdan sonra da yen\u0259 d\u0259 G\u0259nc\u0259d\u0259 olaca\u011fam, g\u00f6r\u00fc\u015fl\u0259rimiz olacaq\u201d.<\/p>\n<p><em><strong>Zahid Oruc: Yeni ili B\u00f6y\u00fck Britaniyada qar\u015f\u0131layacam<\/strong><\/em><\/p>\n<p><em><strong><img src=\"http:\/\/olke.az\/uploads\/images\/zahidoruc(2).jpg\" alt=\"\" width=\"100%\" \/><\/strong><\/em><\/p>\n<p>\u201cM\u0259n haz\u0131rda B\u00f6y\u00fck Britaniyadayam. Odur ki, Yeni ili orada qar\u015f\u0131lamal\u0131 v\u0259 qeyd etm\u0259li olaca\u011fam. Bayramdan sonra is\u0259 t\u0259til g\u00fcnl\u0259rind\u0259 yenid\u0259n do\u011fma B\u0259rd\u0259d\u0259 se\u00e7icil\u0259riml\u0259 g\u00f6r\u00fc\u015f\u0259c\u0259m, onlarla bir arada olaca\u011fam\u201d.<\/p>\n<p>&nbsp;<\/p>\n","protected":false},"excerpt":{"rendered":"<p>Daha bir il tarix\u0259 qovu\u015fur. 2018-ci ili arxada qoyub, 2019-cu il\u0259 q\u0259d\u0259m qoyuruq. H\u0259r il oldu\u011fu kimi, bu il d\u0259 dekabr\u0131n 31-i \u00f6lk\u0259mizd\u0259 h\u0259m Yeni il bayram\u0131, h\u0259m d\u0259 D\u00fcnya Az\u0259rbaycanl\u0131lar\u0131n\u0131n H\u0259mr\u0259yliyi G\u00fcn\u00fc kimi qeyd olunacaq. 31 dekabr gec\u0259sind\u0259 h\u0259r bir ail\u0259d\u0259 bayram s\u00fcfr\u0259si a\u00e7\u0131lacaq, t\u0259brikl\u0259r q\u0259bul edil\u0259c\u0259k. B\u0259s siyasil\u0259r, mill\u0259t v\u0259kill\u0259ri 31 dekabr\u0131 harada, kiml\u0259rl\u0259 v\u0259 nec\u0259 qeyd etm\u0259yi d\u00fc\u015f\u00fcn\u00fcrl\u0259r? ARANTV.AZ x\u0259b\u0259r verir ki, bununla ba\u011fl\u0131 Oxu.Az-\u0131n sor\u011fusuna bir ne\u00e7\u0259 mill\u0259t v\u0259kilinin cavab\u0131n\u0131 oxuculara t\u0259qdim edirik: Ayd\u0131n Mirz\u0259zad\u0259: Yeni ili Bak\u0131da, ail\u0259ml\u0259 birlikd\u0259 qeyd ed\u0259c\u0259m \u201cYeni ili v\u0259 D\u00fcnya&hellip;<\/p>\n","protected":false},"author":2,"featured_media":29954,"comment_status":"closed","ping_status":"closed","sticky":false,"template":"","format":"standard","meta":{"om_disable_all_campaigns":false,"_monsterinsights_skip_tracking":false,"_monsterinsights_sitenote_active":false,"_monsterinsights_sitenote_note":"","_monsterinsights_sitenote_category":0},"categories":[1],"tags":[],"aioseo_notices":[],"gutentor_comment":0,"rttpg_featured_image_url":{"full":["https:\/\/arantv.az\/wp-content\/uploads\/2018\/12\/yeniil.jpg",620,375,false],"landscape":["https:\/\/arantv.az\/wp-content\/uploads\/2018\/12\/yeniil.jpg",620,375,false],"portraits":["https:\/\/arantv.az\/wp-content\/uploads\/2018\/12\/yeniil.jpg",620,375,false],"thumbnail":["https:\/\/arantv.az\/wp-content\/uploads\/2018\/12\/yeniil-150x150.jpg",150,150,true],"medium":["https:\/\/arantv.az\/wp-content\/uploads\/2018\/12\/yeniil-300x181.jpg",300,181,true],"large":["https:\/\/arantv.az\/wp-content\/uploads\/2018\/12\/yeniil.jpg",620,375,false],"1536x1536":["https:\/\/arantv.az\/wp-content\/uploads\/2018\/12\/yeniil.jpg",620,375,false],"2048x2048":["https:\/\/arantv.az\/wp-content\/uploads\/2018\/12\/yeniil.jpg",620,375,false],"post-thumbnail":["https:\/\/arantv.az\/wp-content\/uploads\/2018\/12\/yeniil-240x172.jpg",240,172,true],"advps-thumb-one":["https:\/\/arantv.az\/wp-content\/uploads\/2018\/12\/yeniil.jpg",620,375,false]},"rttpg_author":{"display_name":"V\u00fcsal Rafiqo\u011flu","author_link":"https:\/\/arantv.az\/?author=2"},"rttpg_comment":0,"rttpg_category":"<a href=\"https:\/\/arantv.az\/?cat=1\" rel=\"category\">C\u0259miyy\u0259t<\/a>","rttpg_excerpt":"Daha bir il tarix\u0259 qovu\u015fur. 2018-ci ili arxada qoyub, 2019-cu il\u0259 q\u0259d\u0259m qoyuruq. H\u0259r il oldu\u011fu kimi, bu il d\u0259 dekabr\u0131n 31-i \u00f6lk\u0259mizd\u0259 h\u0259m Yeni il bayram\u0131, h\u0259m d\u0259 D\u00fcnya Az\u0259rbaycanl\u0131lar\u0131n\u0131n H\u0259mr\u0259yliyi G\u00fcn\u00fc kimi qeyd olunacaq. 31 dekabr gec\u0259sind\u0259 h\u0259r bir ail\u0259d\u0259 bayram s\u00fcfr\u0259si a\u00e7\u0131lacaq, t\u0259brikl\u0259r q\u0259bul edil\u0259c\u0259k. B\u0259s siyasil\u0259r, mill\u0259t v\u0259kill\u0259ri 31 dekabr\u0131 harada,&hellip;","_links":{"self":[{"href":"https:\/\/arantv.az\/index.php?rest_route=\/wp\/v2\/posts\/29953"}],"collection":[{"href":"https:\/\/arantv.az\/index.php?rest_route=\/wp\/v2\/posts"}],"about":[{"href":"https:\/\/arantv.az\/index.php?rest_route=\/wp\/v2\/types\/post"}],"author":[{"embeddable":true,"href":"https:\/\/arantv.az\/index.php?rest_route=\/wp\/v2\/users\/2"}],"replies":[{"embeddable":true,"href":"https:\/\/arantv.az\/index.php?rest_route=%2Fwp%2Fv2%2Fcomments&post=29953"}],"version-history":[{"count":0,"href":"https:\/\/arantv.az\/index.php?rest_route=\/wp\/v2\/posts\/29953\/revisions"}],"wp:featuredmedia":[{"embeddable":true,"href":"https:\/\/arantv.az\/index.php?rest_route=\/wp\/v2\/media\/29954"}],"wp:attachment":[{"href":"https:\/\/arantv.az\/index.php?rest_route=%2Fwp%2Fv2%2Fmedia&parent=29953"}],"wp:term":[{"taxonomy":"category","embeddable":true,"href":"https:\/\/arantv.az\/index.php?rest_route=%2Fwp%2Fv2%2Fcategories&post=29953"},{"taxonomy":"post_tag","embeddable":true,"href":"https:\/\/arantv.az\/index.php?rest_route=%2Fwp%2Fv2%2Ftags&post=29953"}],"curies":[{"name":"wp","href":"https:\/\/api.w.org\/{rel}","templated":true}]}}