{"id":29962,"date":"2018-12-29T11:39:19","date_gmt":"2018-12-29T08:39:19","guid":{"rendered":"http:\/\/arantv.az\/?p=29962"},"modified":"2018-12-29T11:39:19","modified_gmt":"2018-12-29T08:39:19","slug":"cavid-qurbanov-g%c9%99l%c9%99n-il-baki-tbilisi-qars-s%c9%99rnisin-qatari-is%c9%99-dus%c9%99c%c9%99k","status":"publish","type":"post","link":"https:\/\/arantv.az\/?p=29962","title":{"rendered":"Cavid Qurbanov: G\u0259l\u0259n il Bak\u0131-Tbilisi-Qars s\u0259rni\u015fin qatar\u0131 i\u015f\u0259 d\u00fc\u015f\u0259c\u0259k"},"content":{"rendered":"<p>\u201cStadler Rail Group\u201d \u015firk\u0259tind\u0259n qatarlar 2019-cu ilin fevral-mart ay\u0131nda t\u0259hvil verilm\u0259lidir.<\/p>\n<p><strong>ARANTV.AZ<\/strong>\u00a0 x\u0259b\u0259r verir ki, bu bar\u0259d\u0259 \u201cAz\u0259rbaycan D\u0259mir Yollar\u0131\u201d QSC-nin s\u0259dri Cavid Qurbanov jurnalistl\u0259r\u0259 a\u00e7\u0131qlamas\u0131nda deyib.<\/p>\n<p>\u201c10 s\u0259rni\u015fin vaqonu t\u0259hvil veril\u0259n kimi art\u0131q Bak\u0131-Tbilisi-Qars d\u0259mir yolu il\u0259 s\u0259rni\u015fin qatar\u0131 f\u0259aliyy\u0259t\u0259 ba\u015flayacaq\u201d, &#8211; dey\u0259 Cavid Qurbanov bildirib.oxu.az<\/p>\n","protected":false},"excerpt":{"rendered":"<p>\u201cStadler Rail Group\u201d \u015firk\u0259tind\u0259n qatarlar 2019-cu ilin fevral-mart ay\u0131nda t\u0259hvil verilm\u0259lidir. ARANTV.AZ\u00a0 x\u0259b\u0259r verir ki, bu bar\u0259d\u0259 \u201cAz\u0259rbaycan D\u0259mir Yollar\u0131\u201d QSC-nin s\u0259dri Cavid Qurbanov jurnalistl\u0259r\u0259 a\u00e7\u0131qlamas\u0131nda deyib. \u201c10 s\u0259rni\u015fin vaqonu t\u0259hvil veril\u0259n kimi art\u0131q Bak\u0131-Tbilisi-Qars d\u0259mir yolu il\u0259 s\u0259rni\u015fin qatar\u0131 f\u0259aliyy\u0259t\u0259 ba\u015flayacaq\u201d, &#8211; dey\u0259 Cavid Qurbanov bildirib.oxu.az<\/p>\n","protected":false},"author":2,"featured_media":29963,"comment_status":"closed","ping_status":"closed","sticky":false,"template":"","format":"standard","meta":{"om_disable_all_campaigns":false,"_monsterinsights_skip_tracking":false,"_monsterinsights_sitenote_active":false,"_monsterinsights_sitenote_note":"","_monsterinsights_sitenote_category":0},"categories":[1],"tags":[],"aioseo_notices":[],"gutentor_comment":0,"rttpg_featured_image_url":{"full":["https:\/\/arantv.az\/wp-content\/uploads\/2018\/12\/49205970_527510594412024_8580760309927510016_n.jpg",620,414,false],"landscape":["https:\/\/arantv.az\/wp-content\/uploads\/2018\/12\/49205970_527510594412024_8580760309927510016_n.jpg",620,414,false],"portraits":["https:\/\/arantv.az\/wp-content\/uploads\/2018\/12\/49205970_527510594412024_8580760309927510016_n.jpg",620,414,false],"thumbnail":["https:\/\/arantv.az\/wp-content\/uploads\/2018\/12\/49205970_527510594412024_8580760309927510016_n-150x150.jpg",150,150,true],"medium":["https:\/\/arantv.az\/wp-content\/uploads\/2018\/12\/49205970_527510594412024_8580760309927510016_n-300x200.jpg",300,200,true],"large":["https:\/\/arantv.az\/wp-content\/uploads\/2018\/12\/49205970_527510594412024_8580760309927510016_n.jpg",620,414,false],"1536x1536":["https:\/\/arantv.az\/wp-content\/uploads\/2018\/12\/49205970_527510594412024_8580760309927510016_n.jpg",620,414,false],"2048x2048":["https:\/\/arantv.az\/wp-content\/uploads\/2018\/12\/49205970_527510594412024_8580760309927510016_n.jpg",620,414,false],"post-thumbnail":["https:\/\/arantv.az\/wp-content\/uploads\/2018\/12\/49205970_527510594412024_8580760309927510016_n-240x172.jpg",240,172,true],"advps-thumb-one":["https:\/\/arantv.az\/wp-content\/uploads\/2018\/12\/49205970_527510594412024_8580760309927510016_n.jpg",620,414,false]},"rttpg_author":{"display_name":"V\u00fcsal Rafiqo\u011flu","author_link":"https:\/\/arantv.az\/?author=2"},"rttpg_comment":0,"rttpg_category":"<a href=\"https:\/\/arantv.az\/?cat=1\" rel=\"category\">C\u0259miyy\u0259t<\/a>","rttpg_excerpt":"\u201cStadler Rail Group\u201d \u015firk\u0259tind\u0259n qatarlar 2019-cu ilin fevral-mart ay\u0131nda t\u0259hvil verilm\u0259lidir. ARANTV.AZ\u00a0 x\u0259b\u0259r verir ki, bu bar\u0259d\u0259 \u201cAz\u0259rbaycan D\u0259mir Yollar\u0131\u201d QSC-nin s\u0259dri Cavid Qurbanov jurnalistl\u0259r\u0259 a\u00e7\u0131qlamas\u0131nda deyib. \u201c10 s\u0259rni\u015fin vaqonu t\u0259hvil veril\u0259n kimi art\u0131q Bak\u0131-Tbilisi-Qars d\u0259mir yolu il\u0259 s\u0259rni\u015fin qatar\u0131 f\u0259aliyy\u0259t\u0259 ba\u015flayacaq\u201d, &#8211; dey\u0259 Cavid Qurbanov bildirib.oxu.az","_links":{"self":[{"href":"https:\/\/arantv.az\/index.php?rest_route=\/wp\/v2\/posts\/29962"}],"collection":[{"href":"https:\/\/arantv.az\/index.php?rest_route=\/wp\/v2\/posts"}],"about":[{"href":"https:\/\/arantv.az\/index.php?rest_route=\/wp\/v2\/types\/post"}],"author":[{"embeddable":true,"href":"https:\/\/arantv.az\/index.php?rest_route=\/wp\/v2\/users\/2"}],"replies":[{"embeddable":true,"href":"https:\/\/arantv.az\/index.php?rest_route=%2Fwp%2Fv2%2Fcomments&post=29962"}],"version-history":[{"count":0,"href":"https:\/\/arantv.az\/index.php?rest_route=\/wp\/v2\/posts\/29962\/revisions"}],"wp:featuredmedia":[{"embeddable":true,"href":"https:\/\/arantv.az\/index.php?rest_route=\/wp\/v2\/media\/29963"}],"wp:attachment":[{"href":"https:\/\/arantv.az\/index.php?rest_route=%2Fwp%2Fv2%2Fmedia&parent=29962"}],"wp:term":[{"taxonomy":"category","embeddable":true,"href":"https:\/\/arantv.az\/index.php?rest_route=%2Fwp%2Fv2%2Fcategories&post=29962"},{"taxonomy":"post_tag","embeddable":true,"href":"https:\/\/arantv.az\/index.php?rest_route=%2Fwp%2Fv2%2Ftags&post=29962"}],"curies":[{"name":"wp","href":"https:\/\/api.w.org\/{rel}","templated":true}]}}